{"id":10817,"date":"2023-12-15T09:15:48","date_gmt":"2023-12-15T15:15:48","guid":{"rendered":"https:\/\/estudioshistoricos.inah.gob.mx\/?p=10817"},"modified":"2024-09-24T12:09:00","modified_gmt":"2024-09-24T17:09:00","slug":"la-secretaria-de-cultura-federal-y-el-instituto-nacional-de-antropologia-e-historia-lamentan-el-sensible-fallecimiento-de-la-doctora-enriqueta-tunon-pablos","status":"publish","type":"post","link":"https:\/\/estudioshistoricos.inah.gob.mx\/?p=10817","title":{"rendered":"LA SECRETARIA DE CULTURA FEDERAL Y EL INSTITUTO NACIONAL DE ANTROPOLOG\u00cdA E HISTORIA lamentan el sensible fallecimiento de la doctora ENRIQUETA TU\u00d1\u00d3N PABLOS"},"content":{"rendered":"<p><img loading=\"lazy\" decoding=\"async\" class=\"size-full wp-image-10819 aligncenter\" src=\"https:\/\/estudioshistoricos.inah.gob.mx\/wp-content\/uploads\/esquela-Queta-Secretaria-de-Cultura-UNO.jpg\" alt=\"\" width=\"700\" height=\"414\" srcset=\"https:\/\/estudioshistoricos.inah.gob.mx\/wp-content\/uploads\/esquela-Queta-Secretaria-de-Cultura-UNO.jpg 700w, https:\/\/estudioshistoricos.inah.gob.mx\/wp-content\/uploads\/esquela-Queta-Secretaria-de-Cultura-UNO-300x177.jpg 300w, https:\/\/estudioshistoricos.inah.gob.mx\/wp-content\/uploads\/esquela-Queta-Secretaria-de-Cultura-UNO-592x350.jpg 592w, https:\/\/estudioshistoricos.inah.gob.mx\/wp-content\/uploads\/esquela-Queta-Secretaria-de-Cultura-UNO-150x89.jpg 150w\" sizes=\"auto, (max-width: 700px) 100vw, 700px\" \/><\/p>\n","protected":false},"excerpt":{"rendered":"<p> <a class=\"continue-reading-link\" href=\"https:\/\/estudioshistoricos.inah.gob.mx\/?p=10817\">Seguir leyendo<\/a><\/p>\n","protected":false},"author":2,"featured_media":10818,"comment_status":"closed","ping_status":"closed","sticky":false,"template":"","format":"standard","meta":{"footnotes":""},"categories":[97],"tags":[],"class_list":["post-10817","post","type-post","status-publish","format-standard","has-post-thumbnail","hentry","category-obituario"],"_links":{"self":[{"href":"https:\/\/estudioshistoricos.inah.gob.mx\/index.php?rest_route=\/wp\/v2\/posts\/10817","targetHints":{"allow":["GET"]}}],"collection":[{"href":"https:\/\/estudioshistoricos.inah.gob.mx\/index.php?rest_route=\/wp\/v2\/posts"}],"about":[{"href":"https:\/\/estudioshistoricos.inah.gob.mx\/index.php?rest_route=\/wp\/v2\/types\/post"}],"author":[{"embeddable":true,"href":"https:\/\/estudioshistoricos.inah.gob.mx\/index.php?rest_route=\/wp\/v2\/users\/2"}],"replies":[{"embeddable":true,"href":"https:\/\/estudioshistoricos.inah.gob.mx\/index.php?rest_route=%2Fwp%2Fv2%2Fcomments&post=10817"}],"version-history":[{"count":10,"href":"https:\/\/estudioshistoricos.inah.gob.mx\/index.php?rest_route=\/wp\/v2\/posts\/10817\/revisions"}],"predecessor-version":[{"id":15601,"href":"https:\/\/estudioshistoricos.inah.gob.mx\/index.php?rest_route=\/wp\/v2\/posts\/10817\/revisions\/15601"}],"wp:featuredmedia":[{"embeddable":true,"href":"https:\/\/estudioshistoricos.inah.gob.mx\/index.php?rest_route=\/wp\/v2\/media\/10818"}],"wp:attachment":[{"href":"https:\/\/estudioshistoricos.inah.gob.mx\/index.php?rest_route=%2Fwp%2Fv2%2Fmedia&parent=10817"}],"wp:term":[{"taxonomy":"category","embeddable":true,"href":"https:\/\/estudioshistoricos.inah.gob.mx\/index.php?rest_route=%2Fwp%2Fv2%2Fcategories&post=10817"},{"taxonomy":"post_tag","embeddable":true,"href":"https:\/\/estudioshistoricos.inah.gob.mx\/index.php?rest_route=%2Fwp%2Fv2%2Ftags&post=10817"}],"curies":[{"name":"wp","href":"https:\/\/api.w.org\/{rel}","templated":true}]}}