{"id":16066,"date":"2025-01-02T08:15:09","date_gmt":"2025-01-02T14:15:09","guid":{"rendered":"https:\/\/estudioshistoricos.inah.gob.mx\/?p=16066"},"modified":"2025-01-24T11:47:12","modified_gmt":"2025-01-24T17:47:12","slug":"16066","status":"publish","type":"post","link":"https:\/\/estudioshistoricos.inah.gob.mx\/?p=16066","title":{"rendered":"CONVERSATORIO REVISTA CON-TEMPOR\u00c1NEA"},"content":{"rendered":"<p style=\"text-align: center;\"><strong>INSTITUTO NACIONAL\u00a0DE\u00a0ANTROPOLOG\u00cdA E HISTORIA<\/strong><strong>DIRECCI\u00d3N DE ESTUDIOS HIST\u00d3RICOS\u00a0<\/strong><strong>CONVERSATORIO REVISTA CON-TEMPOR\u00c1NEA<\/strong><\/p>\n<p style=\"text-align: center;\">Le hacen una cordial invitaci\u00f3n para que asista de manera presencial a la presentaci\u00f3n del libro:<\/p>\n<p style=\"text-align: center;\"><strong>INTRODUCCI\u00d3N A LA <\/strong><\/p>\n<h3 style=\"text-align: center;\"><strong>ECONOM\u00cdA COMUNITARIA<\/strong><\/h3>\n<h4 style=\"text-align: center;\">UNA CONTRIBUCI\u00d3N A LA ECONOM\u00cdA MORAL<br \/>\n<strong>UNA PASI\u00d3N COMPARTIDA<\/strong><\/h4>\n<p>&nbsp;<\/p>\n<p><img loading=\"lazy\" decoding=\"async\" class=\"size-full wp-image-16068 aligncenter\" src=\"https:\/\/estudioshistoricos.inah.gob.mx\/wp-content\/uploads\/Conversatorio-rev-Con-temporanea-23-de-enero-UNO.jpg\" alt=\"\" width=\"700\" height=\"876\" srcset=\"https:\/\/estudioshistoricos.inah.gob.mx\/wp-content\/uploads\/Conversatorio-rev-Con-temporanea-23-de-enero-UNO.jpg 700w, https:\/\/estudioshistoricos.inah.gob.mx\/wp-content\/uploads\/Conversatorio-rev-Con-temporanea-23-de-enero-UNO-240x300.jpg 240w, https:\/\/estudioshistoricos.inah.gob.mx\/wp-content\/uploads\/Conversatorio-rev-Con-temporanea-23-de-enero-UNO-280x350.jpg 280w, https:\/\/estudioshistoricos.inah.gob.mx\/wp-content\/uploads\/Conversatorio-rev-Con-temporanea-23-de-enero-UNO-120x150.jpg 120w\" sizes=\"auto, (max-width: 700px) 100vw, 700px\" \/><\/p>\n<p>&nbsp;<\/p>\n<p><span style=\"color: #8f1010;\"><strong>Participan:<\/strong><\/span><\/p>\n<h4><strong>Baldemar Hern\u00e1ndez M\u00e1rquez<\/strong> | CNH<br \/>\n<strong>Mauricio Merino Huerta<\/strong> | UDG<br \/>\n<strong>Ricardo Rojas Montero<\/strong> | CNH<br \/>\n<strong>Pablo Yanes Rizo<\/strong> | SECTEI<br \/>\n<strong>Sa\u00fal Escobar Toledo<\/strong> | DEH, INAH<br \/>\n<strong>Carlos San Juan Victoria<\/strong> | DEH, INAH<\/h4>\n<p>&nbsp;<\/p>\n<p><strong>Jueves 23 de enero, 16:00 hrs.<\/strong><\/p>\n<p><strong>Sala de Usos M\u00faltiples DEH, INAH<\/strong><\/p>\n<p><strong>Transmisi\u00f3n en vivo por el canal de YouTube de la<\/strong><br \/>\n<strong>Coordinaci\u00f3n Nacional de Antropolog\u00eda<\/strong><\/p>\n<p><strong><a href=\"https:\/\/www.youtube.com\/@antropologiacnan\">https:\/\/www.youtube.com\/@antropologiacnan<\/a><\/strong><\/p>\n<p>&nbsp;<\/p>\n<p><div class=\"ose-youtube ose-uid-c4ac59cdeddf90006ccb0c33d6ec71a8 ose-embedpress-responsive\" style=\"width:600px; height:550px; max-height:550px; max-width:100%; display:inline-block;\" data-embed-type=\"Youtube\"><iframe loading=\"lazy\" allowFullScreen=\"true\" title=\"23 de enero de 2025. Presentaci\u00f3n editorial. Introducci\u00f3n a la Econom\u00eda Comunitaria: Una contribu...\" width=\"600\" height=\"550\" src=\"https:\/\/www.youtube.com\/embed\/zaIWwrNgIlk?feature=oembed&color=red&rel=0&controls=1&start=&end=&fs=0&iv_load_policy=0&autoplay=0&mute=0&modestbranding=0&cc_load_policy=1&playsinline=1\" frameborder=\"0\" allow=\"accelerometer; encrypted-media;accelerometer;autoplay;clipboard-write;gyroscope;picture-in-picture clipboard-write; encrypted-media; gyroscope; picture-in-picture; web-share\" referrerpolicy=\"strict-origin-when-cross-origin\" allowfullscreen><\/iframe><\/div><\/p>\n<p>&nbsp;<\/p>\n<p style=\"text-align: center;\"><a href=\"http:\/\/www.mexicoescultura.com\/\"><strong>mexicoescultura.com<\/strong><\/a><\/p>\n<p style=\"text-align: center;\"><a href=\"https:\/\/www.facebook.com\/hashtag\/patrimonioinah?__eep__=6&amp;__cft__%5b0%5d=AZVZnyH2eaPNvbD56J8v-lZo9HLoT0l5TLxtgm3nyUaWsxqYE4u7LdhoUXR-vjGv7jFF_YscloBWFkRO36TU0coOjrDqCSbyU_s_X-fHfJHyuqHnzZWkGPbOn8oMzwpF6FR0dy4d7QUUVvpwpNEKZEROMgnjS5szng8ZYcAUgsEu5HXSlI17Rbbjl_-F6oPM4zyERCzXVki94yxgU_hhMTwD&amp;__tn__=*NK-R\"><strong>#PatrimonioINAH<\/strong><\/a><\/p>\n<p style=\"text-align: center;\"><a href=\"https:\/\/www.facebook.com\/hashtag\/inahvirtual?__eep__=6&amp;__cft__%5b0%5d=AZVZnyH2eaPNvbD56J8v-lZo9HLoT0l5TLxtgm3nyUaWsxqYE4u7LdhoUXR-vjGv7jFF_YscloBWFkRO36TU0coOjrDqCSbyU_s_X-fHfJHyuqHnzZWkGPbOn8oMzwpF6FR0dy4d7QUUVvpwpNEKZEROMgnjS5szng8ZYcAUgsEu5HXSlI17Rbbjl_-F6oPM4zyERCzXVki94yxgU_hhMTwD&amp;__tn__=*NK-R\"><strong>#INAHVirtual<\/strong><\/a><\/p>\n<p>&nbsp;<\/p>\n<p><strong>DIRECCI\u00d3N DE ESTUDIOS HIST\u00d3RICOS \u2013 INAH<\/strong><br \/>\nAllende 172, esq. Ju\u00e1rez, col. Tlalpan Centro,<br \/>\nAlcald\u00eda Tlalpan, C.P. 14000, Ciudad de M\u00e9xico<br \/>\nTel.: 55 4166 0780 \/ 55 4166 0784<br \/>\n<a href=\"http:\/\/estudioshistoricos.inah.gob.mx\/\">http:\/\/estudioshistoricos.inah.gob.mx\/<\/a><\/p>\n<p>\u2014<\/p>\n<p><strong>Difusi\u00f3n DEH \u2013 INAH<\/strong><br \/>\nAllende 172, esq. Ju\u00e1rez, col. Tlalpan Centro,<br \/>\nAlcald\u00eda Tlalpan, C.P. 14000, Ciudad de M\u00e9xico<br \/>\nTel.: 55 4166 0780 \/ 55 4166 0784, ext. 411015<\/p>\n<p>&nbsp;<\/p>\n","protected":false},"excerpt":{"rendered":"<p>INSTITUTO NACIONAL\u00a0DE\u00a0ANTROPOLOG\u00cdA E HISTORIADIRECCI\u00d3N DE ESTUDIOS HIST\u00d3RICOS\u00a0CONVERSATORIO REVISTA CON-TEMPOR\u00c1NEA Le hacen una cordial invitaci\u00f3n para que asista de manera presencial a la presentaci\u00f3n del libro: INTRODUCCI\u00d3N A LA ECONOM\u00cdA COMUNITARIA UNA CONTRIBUCI\u00d3N A LA ECONOM\u00cdA MORAL UNA PASI\u00d3N COMPARTIDA &nbsp; &nbsp; Participan: Baldemar Hern\u00e1ndez M\u00e1rquez | CNH Mauricio Merino Huerta&#8230; <a class=\"continue-reading-link\" href=\"https:\/\/estudioshistoricos.inah.gob.mx\/?p=16066\">Seguir leyendo<\/a><\/p>\n","protected":false},"author":2,"featured_media":16067,"comment_status":"closed","ping_status":"closed","sticky":false,"template":"","format":"standard","meta":{"footnotes":""},"categories":[129,10,96],"tags":[],"class_list":["post-16066","post","type-post","status-publish","format-standard","has-post-thumbnail","hentry","category-129","category-agenda-historica","category-conversatorio"],"_links":{"self":[{"href":"https:\/\/estudioshistoricos.inah.gob.mx\/index.php?rest_route=\/wp\/v2\/posts\/16066","targetHints":{"allow":["GET"]}}],"collection":[{"href":"https:\/\/estudioshistoricos.inah.gob.mx\/index.php?rest_route=\/wp\/v2\/posts"}],"about":[{"href":"https:\/\/estudioshistoricos.inah.gob.mx\/index.php?rest_route=\/wp\/v2\/types\/post"}],"author":[{"embeddable":true,"href":"https:\/\/estudioshistoricos.inah.gob.mx\/index.php?rest_route=\/wp\/v2\/users\/2"}],"replies":[{"embeddable":true,"href":"https:\/\/estudioshistoricos.inah.gob.mx\/index.php?rest_route=%2Fwp%2Fv2%2Fcomments&post=16066"}],"version-history":[{"count":4,"href":"https:\/\/estudioshistoricos.inah.gob.mx\/index.php?rest_route=\/wp\/v2\/posts\/16066\/revisions"}],"predecessor-version":[{"id":16104,"href":"https:\/\/estudioshistoricos.inah.gob.mx\/index.php?rest_route=\/wp\/v2\/posts\/16066\/revisions\/16104"}],"wp:featuredmedia":[{"embeddable":true,"href":"https:\/\/estudioshistoricos.inah.gob.mx\/index.php?rest_route=\/wp\/v2\/media\/16067"}],"wp:attachment":[{"href":"https:\/\/estudioshistoricos.inah.gob.mx\/index.php?rest_route=%2Fwp%2Fv2%2Fmedia&parent=16066"}],"wp:term":[{"taxonomy":"category","embeddable":true,"href":"https:\/\/estudioshistoricos.inah.gob.mx\/index.php?rest_route=%2Fwp%2Fv2%2Fcategories&post=16066"},{"taxonomy":"post_tag","embeddable":true,"href":"https:\/\/estudioshistoricos.inah.gob.mx\/index.php?rest_route=%2Fwp%2Fv2%2Ftags&post=16066"}],"curies":[{"name":"wp","href":"https:\/\/api.w.org\/{rel}","templated":true}]}}