{"id":16107,"date":"2025-01-02T09:00:56","date_gmt":"2025-01-02T15:00:56","guid":{"rendered":"https:\/\/estudioshistoricos.inah.gob.mx\/?p=16107"},"modified":"2025-01-30T13:10:04","modified_gmt":"2025-01-30T19:10:04","slug":"xviii-diplomado-de-historia-de-los-siglos-xx-y-xxi-mexicanos-mexico-sus-transformaciones-3","status":"publish","type":"post","link":"https:\/\/estudioshistoricos.inah.gob.mx\/?p=16107","title":{"rendered":"XVIII\u00a0DIPLOMADO\u00a0DE\u00a0HISTORIA\u00a0DE\u00a0LOS SIGLOS XX Y XXI MEXICANOS. M\u00c9XICO. SUS TRANSFORMACIONES"},"content":{"rendered":"<p style=\"text-align: center;\"><strong>INSTITUTO NACIONAL\u00a0DE\u00a0ANTROPOLOG\u00cdA E\u00a0HISTORIA<\/strong><br \/>\n<strong>DIRECCI\u00d3N\u00a0DE\u00a0ESTUDIOS HIST\u00d3RICOS<\/strong><\/p>\n<p style=\"text-align: center;\"><strong>XVIII\u00a0DIPLOMADO\u00a0DE\u00a0HISTORIA\u00a0DE\u00a0LOS SIGLOS XX Y XXI MEXICANOS<\/strong><br \/>\n<strong>M\u00c9XICO<\/strong><br \/>\n<strong>SUS TRANSFORMACIONES<\/strong><\/p>\n<p><img loading=\"lazy\" decoding=\"async\" class=\"size-full wp-image-16109 aligncenter\" src=\"https:\/\/estudioshistoricos.inah.gob.mx\/wp-content\/uploads\/Diplomado-29-de-enero-de-2025-UNO.jpg\" alt=\"\" width=\"700\" height=\"394\" srcset=\"https:\/\/estudioshistoricos.inah.gob.mx\/wp-content\/uploads\/Diplomado-29-de-enero-de-2025-UNO.jpg 700w, https:\/\/estudioshistoricos.inah.gob.mx\/wp-content\/uploads\/Diplomado-29-de-enero-de-2025-UNO-300x169.jpg 300w, https:\/\/estudioshistoricos.inah.gob.mx\/wp-content\/uploads\/Diplomado-29-de-enero-de-2025-UNO-622x350.jpg 622w, https:\/\/estudioshistoricos.inah.gob.mx\/wp-content\/uploads\/Diplomado-29-de-enero-de-2025-UNO-150x84.jpg 150w\" sizes=\"auto, (max-width: 700px) 100vw, 700px\" \/><\/p>\n<p>&nbsp;<\/p>\n<p><span style=\"color: #ffcc00;\"><strong>M\u00d3DULO I | SESI\u00d3N I<\/strong><\/span><\/p>\n<h3><span style=\"color: #800000;\"><strong>MESOAM\u00c9RICA. UNA VISI\u00d3N GENERAL DE LA CIVILIZACI\u00d3N Y SU DIVERSIDAD CULTURAL<\/strong><\/span><\/h3>\n<h4><span style=\"color: #d96416;\"><strong>Carlos Melesio Nolasco<\/strong><\/span><br \/>\nDEH, INAH<\/h4>\n<p><strong>Mi\u00e9rcoles 29 de enero, 17:00 hrs.<\/strong><\/p>\n<p>&nbsp;<\/p>\n<p><strong>Transmisi\u00f3n por el canal de YouTube de INAH TV<\/strong><\/p>\n<p><strong><a href=\"https:\/\/www.youtube.com\/@INAHTV\">https:\/\/www.youtube.com\/@INAHTV<\/a><\/strong><\/p>\n<p><div class=\"ose-youtube ose-uid-5a69097dbba39658cedceab4b683e619 ose-embedpress-responsive\" style=\"width:600px; height:550px; max-height:550px; max-width:100%; display:inline-block;\" data-embed-type=\"youtube\"><iframe loading=\"lazy\" allowFullScreen=\"true\" title=\"Diplomado DEH. &quot;Mesoam\u00e9rica. Una visi\u00f3n general de la civilizaci\u00f3n y su diversidad cultural&quot;\" width=\"600\" height=\"550\" src=\"https:\/\/www.youtube.com\/embed\/LNjwRmOk4YA?feature=oembed&color=red&rel=0&controls=1&start=&end=&fs=0&iv_load_policy=0&autoplay=0&mute=0&modestbranding=0&cc_load_policy=1&playsinline=1\" frameborder=\"0\" allow=\"accelerometer; encrypted-media;accelerometer;autoplay;clipboard-write;gyroscope;picture-in-picture clipboard-write; encrypted-media; gyroscope; picture-in-picture; web-share\" referrerpolicy=\"strict-origin-when-cross-origin\" allowfullscreen><\/iframe><\/div><\/p>\n<p>&nbsp;<\/p>\n<p style=\"text-align: center;\"><a href=\"http:\/\/www.mexicoescultura.com\/\"><strong>mexicoescultura.com<\/strong><\/a><\/p>\n<p style=\"text-align: center;\"><a href=\"https:\/\/www.facebook.com\/hashtag\/patrimonioinah?__eep__=6&amp;__cft__%5b0%5d=AZVZnyH2eaPNvbD56J8v-lZo9HLoT0l5TLxtgm3nyUaWsxqYE4u7LdhoUXR-vjGv7jFF_YscloBWFkRO36TU0coOjrDqCSbyU_s_X-fHfJHyuqHnzZWkGPbOn8oMzwpF6FR0dy4d7QUUVvpwpNEKZEROMgnjS5szng8ZYcAUgsEu5HXSlI17Rbbjl_-F6oPM4zyERCzXVki94yxgU_hhMTwD&amp;__tn__=*NK-R\"><strong>#PatrimonioINAH<\/strong><\/a><\/p>\n<p style=\"text-align: center;\"><a href=\"https:\/\/www.facebook.com\/hashtag\/inahvirtual?__eep__=6&amp;__cft__%5b0%5d=AZVZnyH2eaPNvbD56J8v-lZo9HLoT0l5TLxtgm3nyUaWsxqYE4u7LdhoUXR-vjGv7jFF_YscloBWFkRO36TU0coOjrDqCSbyU_s_X-fHfJHyuqHnzZWkGPbOn8oMzwpF6FR0dy4d7QUUVvpwpNEKZEROMgnjS5szng8ZYcAUgsEu5HXSlI17Rbbjl_-F6oPM4zyERCzXVki94yxgU_hhMTwD&amp;__tn__=*NK-R\"><strong>#INAHVirtual<\/strong><\/a><\/p>\n<p>&nbsp;<\/p>\n<p><strong>DIRECCI\u00d3N DE ESTUDIOS HIST\u00d3RICOS \u2013 INAH<\/strong><br \/>\nAllende 172, esq. Ju\u00e1rez, col. Tlalpan Centro,<br \/>\nAlcald\u00eda Tlalpan, C.P. 14000, Ciudad de M\u00e9xico<br \/>\nTel.: 55 4166 0780 \/ 55 4166 0784<br \/>\n<a href=\"http:\/\/estudioshistoricos.inah.gob.mx\/\">http:\/\/estudioshistoricos.inah.gob.mx\/<\/a><\/p>\n<p>\u2014<\/p>\n<p><strong>Difusi\u00f3n DEH \u2013 INAH<\/strong><br \/>\nAllende 172, esq. Ju\u00e1rez, col. Tlalpan Centro,<br \/>\nAlcald\u00eda Tlalpan, C.P. 14000, Ciudad de M\u00e9xico<br \/>\nTel.: 55 4166 0780 \/ 55 4166 0784, ext. 411015<\/p>\n<p>&nbsp;<\/p>\n<p>&nbsp;<\/p>\n","protected":false},"excerpt":{"rendered":"<p>INSTITUTO NACIONAL\u00a0DE\u00a0ANTROPOLOG\u00cdA E\u00a0HISTORIA DIRECCI\u00d3N\u00a0DE\u00a0ESTUDIOS HIST\u00d3RICOS XVIII\u00a0DIPLOMADO\u00a0DE\u00a0HISTORIA\u00a0DE\u00a0LOS SIGLOS XX Y XXI MEXICANOS M\u00c9XICO SUS TRANSFORMACIONES &nbsp; M\u00d3DULO I | SESI\u00d3N I MESOAM\u00c9RICA. UNA VISI\u00d3N GENERAL DE LA CIVILIZACI\u00d3N Y SU DIVERSIDAD CULTURAL Carlos Melesio Nolasco DEH, INAH Mi\u00e9rcoles 29 de enero, 17:00 hrs. &nbsp; Transmisi\u00f3n por el canal de YouTube de&#8230; <a class=\"continue-reading-link\" href=\"https:\/\/estudioshistoricos.inah.gob.mx\/?p=16107\">Seguir leyendo<\/a><\/p>\n","protected":false},"author":2,"featured_media":16108,"comment_status":"closed","ping_status":"closed","sticky":false,"template":"","format":"standard","meta":{"footnotes":""},"categories":[129,10],"tags":[],"class_list":["post-16107","post","type-post","status-publish","format-standard","has-post-thumbnail","hentry","category-129","category-agenda-historica"],"_links":{"self":[{"href":"https:\/\/estudioshistoricos.inah.gob.mx\/index.php?rest_route=\/wp\/v2\/posts\/16107","targetHints":{"allow":["GET"]}}],"collection":[{"href":"https:\/\/estudioshistoricos.inah.gob.mx\/index.php?rest_route=\/wp\/v2\/posts"}],"about":[{"href":"https:\/\/estudioshistoricos.inah.gob.mx\/index.php?rest_route=\/wp\/v2\/types\/post"}],"author":[{"embeddable":true,"href":"https:\/\/estudioshistoricos.inah.gob.mx\/index.php?rest_route=\/wp\/v2\/users\/2"}],"replies":[{"embeddable":true,"href":"https:\/\/estudioshistoricos.inah.gob.mx\/index.php?rest_route=%2Fwp%2Fv2%2Fcomments&post=16107"}],"version-history":[{"count":3,"href":"https:\/\/estudioshistoricos.inah.gob.mx\/index.php?rest_route=\/wp\/v2\/posts\/16107\/revisions"}],"predecessor-version":[{"id":16122,"href":"https:\/\/estudioshistoricos.inah.gob.mx\/index.php?rest_route=\/wp\/v2\/posts\/16107\/revisions\/16122"}],"wp:featuredmedia":[{"embeddable":true,"href":"https:\/\/estudioshistoricos.inah.gob.mx\/index.php?rest_route=\/wp\/v2\/media\/16108"}],"wp:attachment":[{"href":"https:\/\/estudioshistoricos.inah.gob.mx\/index.php?rest_route=%2Fwp%2Fv2%2Fmedia&parent=16107"}],"wp:term":[{"taxonomy":"category","embeddable":true,"href":"https:\/\/estudioshistoricos.inah.gob.mx\/index.php?rest_route=%2Fwp%2Fv2%2Fcategories&post=16107"},{"taxonomy":"post_tag","embeddable":true,"href":"https:\/\/estudioshistoricos.inah.gob.mx\/index.php?rest_route=%2Fwp%2Fv2%2Ftags&post=16107"}],"curies":[{"name":"wp","href":"https:\/\/api.w.org\/{rel}","templated":true}]}}