{"id":16228,"date":"2025-01-02T14:30:06","date_gmt":"2025-01-02T20:30:06","guid":{"rendered":"https:\/\/estudioshistoricos.inah.gob.mx\/?p=16228"},"modified":"2025-03-14T11:01:00","modified_gmt":"2025-03-14T17:01:00","slug":"seminario-permanente-sobre-las-derechas-en-mexico-5","status":"publish","type":"post","link":"https:\/\/estudioshistoricos.inah.gob.mx\/?p=16228","title":{"rendered":"SEMINARIO PERMANENTE SOBRE LAS DERECHAS EN M\u00c9XICO"},"content":{"rendered":"<p style=\"text-align: center;\"><strong>INSTITUTO NACIONAL DE ANTROPOLOG\u00cdA E HISTORIA<\/strong><br \/>\n<strong>DIRECCI\u00d3N DE ESTUDIOS HIST\u00d3RICOS<\/strong><\/p>\n<p style=\"text-align: center;\">En el marco de su d\u00e9cimo aniversario,<br \/>\nel<strong>\u00a0Seminario permanente\u00a0<\/strong><strong>sobre<\/strong><strong>\u00a0las Derechas en M\u00e9xico<\/strong><\/p>\n<p style=\"text-align: center;\"><strong>***I N V I T A ***<\/strong><\/p>\n<p style=\"text-align: center;\"><strong>CICLO<\/strong><\/p>\n<p style=\"text-align: center;\"><strong>De libros<\/strong><strong>\u00a0y autores.<\/strong><br \/>\n<strong>Intercambios y experiencias de investigaci\u00f3n<\/strong><strong>.<\/strong><\/p>\n<p><img loading=\"lazy\" decoding=\"async\" class=\"size-full wp-image-16230 aligncenter\" src=\"https:\/\/estudioshistoricos.inah.gob.mx\/wp-content\/uploads\/Seminario-Derechas-13-de-marzo-UNO.jpg\" alt=\"\" width=\"700\" height=\"875\" srcset=\"https:\/\/estudioshistoricos.inah.gob.mx\/wp-content\/uploads\/Seminario-Derechas-13-de-marzo-UNO.jpg 700w, https:\/\/estudioshistoricos.inah.gob.mx\/wp-content\/uploads\/Seminario-Derechas-13-de-marzo-UNO-240x300.jpg 240w, https:\/\/estudioshistoricos.inah.gob.mx\/wp-content\/uploads\/Seminario-Derechas-13-de-marzo-UNO-280x350.jpg 280w, https:\/\/estudioshistoricos.inah.gob.mx\/wp-content\/uploads\/Seminario-Derechas-13-de-marzo-UNO-120x150.jpg 120w\" sizes=\"auto, (max-width: 700px) 100vw, 700px\" \/><\/p>\n<p style=\"text-align: center;\"><strong>Charla con<\/strong><\/p>\n<h3 style=\"text-align: center;\"><strong><span style=\"color: #a11818;\">Alejandro Grimson<\/span><br \/>\n<\/strong>autor del libro<\/h3>\n<h2 style=\"text-align: center;\"><strong>Los paisajes emocionales de las ultraderechas masivas<\/strong><\/h2>\n<p>&nbsp;<\/p>\n<p><span style=\"color: #a11818;\"><strong>Participan:<\/strong><\/span><\/p>\n<h4><strong>C\u00e9sar Valdez Ch\u00e1vez<\/strong> | DEH, INAH<br \/>\n<strong>Marisol L\u00f3pez Men\u00e9ndez<\/strong> | IBERO CDMX<br \/>\n<strong>M\u00f3nica Alc\u00e1ntara Navarro<\/strong> |\u00a0UNGS<\/h4>\n<p>&nbsp;<\/p>\n<p><span style=\"color: #a11818;\"><strong>Coordina:<\/strong><\/span><\/p>\n<p><strong>Tania Hern\u00e1ndez Vicencio<\/strong> | DEH-INAH<\/p>\n<p>&nbsp;<\/p>\n<p><strong>Jueves 13 de marzo, 17:00 hrs.<\/strong><\/p>\n<p><strong>Transmisi\u00f3n por el canal de YouTube de la<\/strong><br \/>\n<strong>Coordinaci\u00f3n Nacional de Antropolog\u00eda<\/strong><\/p>\n<p>&nbsp;<\/p>\n<p><div class=\"ose-youtube ose-uid-bde2d3b13056475b814bd759ad73e48a ose-embedpress-responsive\" style=\"width:600px; height:550px; max-height:550px; max-width:100%; display:inline-block;\" data-embed-type=\"youtube\"><iframe loading=\"lazy\" allowFullScreen=\"true\" title=\"13 de marzo de 2025. De Libros y Autores. Experiencias e intercambios de investigaci\u00f3n\" width=\"600\" height=\"550\" src=\"https:\/\/www.youtube.com\/embed\/ZFFSAxut6DM?feature=oembed&color=red&rel=0&controls=1&start=&end=&fs=0&iv_load_policy=0&autoplay=0&mute=0&modestbranding=0&cc_load_policy=1&playsinline=1\" frameborder=\"0\" allow=\"accelerometer; encrypted-media;accelerometer;autoplay;clipboard-write;gyroscope;picture-in-picture clipboard-write; encrypted-media; gyroscope; picture-in-picture; web-share\" referrerpolicy=\"strict-origin-when-cross-origin\" allowfullscreen><\/iframe><\/div><\/p>\n<p>&nbsp;<\/p>\n<p><span style=\"color: #a11818;\"><strong>Facebook:<\/strong><\/span><\/p>\n<p><a href=\"https:\/\/www.facebook.com\/profile.php?id=100057355064051&amp;__cft__%5b0%5d=AZU1lV1S7Q_EKOzs_PPFuInXV5As10F_oBB3rifIDioWDq2Qzv8QU7eDRmpRiyITAZlfYgeYSm-aSuhHNvirm97J6_oT7YHKcNencyLcM1CF9mCOye0FAmRiOBfhsDwUZ0xRIdUg6kt0oa3-nOUgrESJ6NlLMO2GcML5oKVjHpExi4mzzfy33RKWVTpwSDOhJDc&amp;__tn__=-UC%2CP-R\"><strong>Seminario sobre las Derechas en M\u00e9xico<\/strong><\/a><\/p>\n<p>&nbsp;<\/p>\n<p style=\"text-align: center;\"><span style=\"color: #a11818;\"><a style=\"color: #a11818;\" href=\"http:\/\/www.mexicoescultura.com\/\"><strong>mexicoescultura.com<\/strong><\/a><\/span><\/p>\n<p style=\"text-align: center;\"><span style=\"color: #a11818;\"><a style=\"color: #a11818;\" href=\"https:\/\/www.facebook.com\/hashtag\/patrimonioinah?__eep__=6&amp;__cft__%5b0%5d=AZVZnyH2eaPNvbD56J8v-lZo9HLoT0l5TLxtgm3nyUaWsxqYE4u7LdhoUXR-vjGv7jFF_YscloBWFkRO36TU0coOjrDqCSbyU_s_X-fHfJHyuqHnzZWkGPbOn8oMzwpF6FR0dy4d7QUUVvpwpNEKZEROMgnjS5szng8ZYcAUgsEu5HXSlI17Rbbjl_-F6oPM4zyERCzXVki94yxgU_hhMTwD&amp;__tn__=*NK-R\"><strong>#PatrimonioINAH<\/strong><\/a><\/span><\/p>\n<p style=\"text-align: center;\"><span style=\"color: #a11818;\"><a style=\"color: #a11818;\" href=\"https:\/\/www.facebook.com\/hashtag\/inahvirtual?__eep__=6&amp;__cft__%5b0%5d=AZVZnyH2eaPNvbD56J8v-lZo9HLoT0l5TLxtgm3nyUaWsxqYE4u7LdhoUXR-vjGv7jFF_YscloBWFkRO36TU0coOjrDqCSbyU_s_X-fHfJHyuqHnzZWkGPbOn8oMzwpF6FR0dy4d7QUUVvpwpNEKZEROMgnjS5szng8ZYcAUgsEu5HXSlI17Rbbjl_-F6oPM4zyERCzXVki94yxgU_hhMTwD&amp;__tn__=*NK-R\"><strong>#INAHVirtual<\/strong><\/a><\/span><\/p>\n<p>&nbsp;<\/p>\n<p>&nbsp;<\/p>\n<p><strong>DIRECCI\u00d3N DE ESTUDIOS HIST\u00d3RICOS \u2013 INAH<\/strong><br \/>\nAllende 172, esq. Ju\u00e1rez, col. Tlalpan Centro,<br \/>\nAlcald\u00eda Tlalpan, C.P. 14000, Ciudad de M\u00e9xico<br \/>\nTel.: 55 4166 0780 \/ 55 4166 0784<br \/>\n<a href=\"http:\/\/estudioshistoricos.inah.gob.mx\/\">http:\/\/estudioshistoricos.inah.gob.mx\/<\/a><\/p>\n<p><span style=\"color: #a11818;\">\u2014<\/span><\/p>\n<p><strong>Difusi\u00f3n DEH \u2013 INAH<\/strong><br \/>\nAllende 172, esq. Ju\u00e1rez, col. Tlalpan Centro,<br \/>\nAlcald\u00eda Tlalpan, C.P. 14000, Ciudad de M\u00e9xico<br \/>\nTel.: 55 4166 0780 \/ 55 4166 0784, ext. 411015<\/p>\n","protected":false},"excerpt":{"rendered":"<p>INSTITUTO NACIONAL DE ANTROPOLOG\u00cdA E HISTORIA DIRECCI\u00d3N DE ESTUDIOS HIST\u00d3RICOS En el marco de su d\u00e9cimo aniversario, el\u00a0Seminario permanente\u00a0sobre\u00a0las Derechas en M\u00e9xico ***I N V I T A *** CICLO De libros\u00a0y autores. Intercambios y experiencias de investigaci\u00f3n. Charla con Alejandro Grimson autor del libro Los paisajes emocionales de las&#8230; <a class=\"continue-reading-link\" href=\"https:\/\/estudioshistoricos.inah.gob.mx\/?p=16228\">Seguir leyendo<\/a><\/p>\n","protected":false},"author":2,"featured_media":16229,"comment_status":"closed","ping_status":"closed","sticky":false,"template":"","format":"standard","meta":{"footnotes":""},"categories":[129,10],"tags":[],"class_list":["post-16228","post","type-post","status-publish","format-standard","has-post-thumbnail","hentry","category-129","category-agenda-historica"],"_links":{"self":[{"href":"https:\/\/estudioshistoricos.inah.gob.mx\/index.php?rest_route=\/wp\/v2\/posts\/16228","targetHints":{"allow":["GET"]}}],"collection":[{"href":"https:\/\/estudioshistoricos.inah.gob.mx\/index.php?rest_route=\/wp\/v2\/posts"}],"about":[{"href":"https:\/\/estudioshistoricos.inah.gob.mx\/index.php?rest_route=\/wp\/v2\/types\/post"}],"author":[{"embeddable":true,"href":"https:\/\/estudioshistoricos.inah.gob.mx\/index.php?rest_route=\/wp\/v2\/users\/2"}],"replies":[{"embeddable":true,"href":"https:\/\/estudioshistoricos.inah.gob.mx\/index.php?rest_route=%2Fwp%2Fv2%2Fcomments&post=16228"}],"version-history":[{"count":3,"href":"https:\/\/estudioshistoricos.inah.gob.mx\/index.php?rest_route=\/wp\/v2\/posts\/16228\/revisions"}],"predecessor-version":[{"id":16240,"href":"https:\/\/estudioshistoricos.inah.gob.mx\/index.php?rest_route=\/wp\/v2\/posts\/16228\/revisions\/16240"}],"wp:featuredmedia":[{"embeddable":true,"href":"https:\/\/estudioshistoricos.inah.gob.mx\/index.php?rest_route=\/wp\/v2\/media\/16229"}],"wp:attachment":[{"href":"https:\/\/estudioshistoricos.inah.gob.mx\/index.php?rest_route=%2Fwp%2Fv2%2Fmedia&parent=16228"}],"wp:term":[{"taxonomy":"category","embeddable":true,"href":"https:\/\/estudioshistoricos.inah.gob.mx\/index.php?rest_route=%2Fwp%2Fv2%2Fcategories&post=16228"},{"taxonomy":"post_tag","embeddable":true,"href":"https:\/\/estudioshistoricos.inah.gob.mx\/index.php?rest_route=%2Fwp%2Fv2%2Ftags&post=16228"}],"curies":[{"name":"wp","href":"https:\/\/api.w.org\/{rel}","templated":true}]}}