{"id":16247,"date":"2025-01-02T14:15:40","date_gmt":"2025-01-02T20:15:40","guid":{"rendered":"https:\/\/estudioshistoricos.inah.gob.mx\/?p=16247"},"modified":"2025-03-14T10:59:21","modified_gmt":"2025-03-14T16:59:21","slug":"seminario-permanente-izquierdas-latinoamericanas-en-debate-miradas-desde-el-pasado-y-el-presente-16","status":"publish","type":"post","link":"https:\/\/estudioshistoricos.inah.gob.mx\/?p=16247","title":{"rendered":"SEMINARIO PERMANENTE IZQUIERDAS LATINOAMERICANAS EN DEBATE:\u00a0 MIRADAS DESDE EL PASADO Y EL PRESENTE"},"content":{"rendered":"<p style=\"text-align: center;\"><strong>INSTITUTO NACIONAL DE ANTROPOLOG\u00cdA E HISTORIA<\/strong><br \/>\n<strong>DIRECCI\u00d3N DE ESTUDIOS HIST\u00d3RICOS<\/strong><\/p>\n<p style=\"text-align: center;\">Le hacen una cordial invitaci\u00f3n para que asista de manera virtual al<\/p>\n<p style=\"text-align: center;\"><strong>SEMINARIO PERMANENTE IZQUIERDAS LATINOAMERICANAS EN DEBATE:\u00a0<\/strong><br \/>\n<strong>MIRADAS DESDE EL PASADO Y EL PRESENTE<\/strong><\/p>\n<p style=\"text-align: center;\"><span style=\"color: #b51b1b;\"><strong>Coordinan:\u00a0<\/strong><\/span><\/p>\n<p style=\"text-align: center;\"><strong>Elisa Serv\u00edn, Rafael Rojas y Nicol\u00e1s Dip<\/strong><\/p>\n<p>&nbsp;<\/p>\n<p><img loading=\"lazy\" decoding=\"async\" class=\"size-full wp-image-16249 aligncenter\" src=\"https:\/\/estudioshistoricos.inah.gob.mx\/wp-content\/uploads\/Seminario-Izquierdas-13-de-marzo-UNO.png\" alt=\"\" width=\"700\" height=\"875\" srcset=\"https:\/\/estudioshistoricos.inah.gob.mx\/wp-content\/uploads\/Seminario-Izquierdas-13-de-marzo-UNO.png 700w, https:\/\/estudioshistoricos.inah.gob.mx\/wp-content\/uploads\/Seminario-Izquierdas-13-de-marzo-UNO-240x300.png 240w, https:\/\/estudioshistoricos.inah.gob.mx\/wp-content\/uploads\/Seminario-Izquierdas-13-de-marzo-UNO-280x350.png 280w, https:\/\/estudioshistoricos.inah.gob.mx\/wp-content\/uploads\/Seminario-Izquierdas-13-de-marzo-UNO-120x150.png 120w\" sizes=\"auto, (max-width: 700px) 100vw, 700px\" \/><\/p>\n<p>&nbsp;<\/p>\n<p style=\"text-align: center;\"><strong>SESI\u00d3N XXI<\/strong><\/p>\n<p style=\"text-align: center;\"><span style=\"color: #ff0000;\"><strong>CONVERSATORIO<\/strong><\/span><\/p>\n<h3 style=\"text-align: center;\"><span style=\"color: #000000;\"><strong>REPRESENTANDO LA NUEVA IZQUIERDA<\/strong><\/span><br \/>\n<span style=\"color: #000000;\">\u00bfHACIA D\u00d3NDE VAMOS AHORA?<\/span><\/h3>\n<h4 style=\"text-align: center;\"><span style=\"color: #b51b1b;\"><strong>ERIC <span style=\"color: #b51b1b;\">ZOLOV<\/span><\/strong><\/span><br \/>\nSTONY BROOK UNIVERSITY<\/h4>\n<p><span style=\"color: #b51b1b;\"><strong>Participa:<\/strong><\/span><\/p>\n<h4><strong>Mar\u00eda Cristina Tortti<\/strong> | Universidad Nacional de la Plata<\/h4>\n<p>&nbsp;<\/p>\n<p><span style=\"color: #b51b1b;\"><strong>Modera:<\/strong><\/span><\/p>\n<p><strong>Brenda Rupar\u00a0<\/strong>| Instituto de Investigaciones Pol\u00edticas, Universidad Nacional de San Mart\u00edn<\/p>\n<p>&nbsp;<\/p>\n<p><strong>Transmisi\u00f3n por el canal de YouTube de la<\/strong><br \/>\n<strong>Coordinaci\u00f3n Nacional de Antropolog\u00eda<\/strong><\/p>\n<p>&nbsp;<\/p>\n<div class=\"ast-oembed-container \" style=\"height: 100%;\"><iframe loading=\"lazy\" title=\"13 de marzo de 2025. Seminario permanente Izquierdas latinoamericanas en debate: Miradas desde el...\" width=\"500\" height=\"281\" src=\"https:\/\/www.youtube.com\/embed\/mV3z12wWtmU?feature=oembed\" frameborder=\"0\" allow=\"accelerometer; autoplay; clipboard-write; encrypted-media; gyroscope; picture-in-picture; web-share\" referrerpolicy=\"strict-origin-when-cross-origin\" allowfullscreen><\/iframe><\/div>\n<p><strong>Jueves 13 de marzo, 2025<\/strong><\/p>\n<p>16:00 hrs. (Ciudad de M\u00e9xico)<br \/>\n18:00 hrs. (Nueva York, EE. UU.)<br \/>\n19:00 hrs (Argentina, Chile y Uruguay)<\/p>\n<p>&nbsp;<\/p>\n<p><span style=\"color: #b51b1b;\"><strong>Instituciones coorganizadoras:<\/strong><\/span><\/p>\n<p style=\"text-align: justify;\"><span style=\"color: #b51b1b;\"><strong>Organizan:<\/strong>\u00a0<\/span>la Direcci\u00f3n de Estudios Hist\u00f3ricos de Instituto Nacional de Antropolog\u00eda e Historia (DEH \u2013 INAH), la Divisi\u00f3n de Historia del Centro de Investigaci\u00f3n y Docencia Econ\u00f3micas (DH \u2013 CIDE), el Centro de Estudios Hist\u00f3ricos de El Colegio de M\u00e9xico (CEH &#8211; COLMEX), el Colegio de Estudios Latinoamericanos de la Facultad de Filosof\u00eda y Letras de la Universidad Nacional Aut\u00f3noma de M\u00e9xico (CELA &#8211; FFyL &#8211; UNAM) y Prohistoria Ediciones.<\/p>\n<p style=\"text-align: justify;\"><strong><span style=\"color: #b51b1b;\">Integrantes permanentes:<\/span>\u00a0<\/strong>Eric Zolov, Stony Brook University, Estados Unidos;\u00a0Mar\u00eda Cristina Tortti, Universidad Nacional de La Plata, Argentina;\u00a0Vania Markarian, Universidad de La Rep\u00fablica, Uruguay;\u00a0Sebasti\u00e1n Rivera Mir, El Colegio Mexiquense, M\u00e9xico;\u00a0Ximena U. Odekerken, Universidad Nacional de San Mart\u00edn, Argentina;\u00a0Sandra Jaramillo Restrepo &#8211; CeDInCI, Argentina;\u00a0Jaime Ortega Reyna, Universidad Aut\u00f3noma Metropolitana, M\u00e9xico;\u00a0Ana Trucco Dalmas &#8211; CeDInCI, Argentina;\u00a0Aldo Marchesi &#8211; Universidad de la Rep\u00fablica, Uruguay;\u00a0Fernando Herrera Calder\u00f3n &#8211; Universidad del Norte de Iowa, Estados Unidos;\u00a0Vera Carnovale &#8211; CeDInCI, Argentina;\u00a0Randall Chaves Zamora, Universidad de Costa Rica, Costa Rica;\u00a0Gorka Villar V\u00e1squez, Universidad de Chile, Chile;\u00a0Ariel Rodr\u00edguez Kuri, El Colegio de M\u00e9xico;\u00a0Jaime Pensado, University of Notre Dame, Estados Unidos;\u00a0Sof\u00eda Lanchimba Velastegui, Universidad Nacional Aut\u00f3noma de M\u00e9xico, M\u00e9xico;\u00a0Grethel Domenech, Universidad Iberoamericana, M\u00e9xico;\u00a0Paula Vidal Molina, Universidad de Chile, Chile;\u00a0Rafael Archondo, Universidad Nacional Aut\u00f3noma de M\u00e9xico, M\u00e9xico;\u00a0Adriana Petra, Universidad Nacional de San Mart\u00edn, Argentina;\u00a0Mart\u00edn Ribadero, Universidad Nacional de San Mart\u00edn, Argentina;\u00a0Rolando \u00c1lvarez Vallejo, Universidad de Santiago de Chile, Chile.<\/p>\n<p><span style=\"color: #b51b1b;\"><strong>Correo para informes:<\/strong><\/span><strong>\u00a0<a href=\"mailto:izquierdaslat@gmail.com\">izquierdaslat@gmail.com<\/a><\/strong><\/p>\n<p>&nbsp;<\/p>\n<p style=\"text-align: center;\"><a href=\"http:\/\/www.mexicoescultura.com\/\"><strong>mexicoescultura.com<\/strong><\/a><\/p>\n<p style=\"text-align: center;\"><a href=\"https:\/\/www.facebook.com\/hashtag\/patrimonioinah?__eep__=6&amp;__cft__%5b0%5d=AZVZnyH2eaPNvbD56J8v-lZo9HLoT0l5TLxtgm3nyUaWsxqYE4u7LdhoUXR-vjGv7jFF_YscloBWFkRO36TU0coOjrDqCSbyU_s_X-fHfJHyuqHnzZWkGPbOn8oMzwpF6FR0dy4d7QUUVvpwpNEKZEROMgnjS5szng8ZYcAUgsEu5HXSlI17Rbbjl_-F6oPM4zyERCzXVki94yxgU_hhMTwD&amp;__tn__=*NK-R\"><strong>#PatrimonioINAH<\/strong><\/a><\/p>\n<p style=\"text-align: center;\"><a href=\"https:\/\/www.facebook.com\/hashtag\/inahvirtual?__eep__=6&amp;__cft__%5b0%5d=AZVZnyH2eaPNvbD56J8v-lZo9HLoT0l5TLxtgm3nyUaWsxqYE4u7LdhoUXR-vjGv7jFF_YscloBWFkRO36TU0coOjrDqCSbyU_s_X-fHfJHyuqHnzZWkGPbOn8oMzwpF6FR0dy4d7QUUVvpwpNEKZEROMgnjS5szng8ZYcAUgsEu5HXSlI17Rbbjl_-F6oPM4zyERCzXVki94yxgU_hhMTwD&amp;__tn__=*NK-R\"><strong>#INAHVirtual<\/strong><\/a><\/p>\n<p>&nbsp;<\/p>\n<p><strong>DIRECCI\u00d3N DE ESTUDIOS HIST\u00d3RICOS \u2013 INAH<\/strong><br \/>\nAllende 172, esq. Ju\u00e1rez, col. Tlalpan Centro,<br \/>\nAlcald\u00eda Tlalpan, C.P. 14000, Ciudad de M\u00e9xico<br \/>\nTel.: 55 4166 0780 \/ 55 4166 0784<br \/>\n<a href=\"http:\/\/estudioshistoricos.inah.gob.mx\/\">http:\/\/estudioshistoricos.inah.gob.mx\/<\/a><\/p>\n<p>\u2014<\/p>\n<p><strong>Difusi\u00f3n DEH \u2013 INAH<\/strong><br \/>\nAllende 172, esq. Ju\u00e1rez, col. Tlalpan Centro,<br \/>\nAlcald\u00eda Tlalpan, C.P. 14000, Ciudad de M\u00e9xico<br \/>\nTel.: 55 4166 0780 \/ 55 4166 0784, ext. 411015<\/p>\n","protected":false},"excerpt":{"rendered":"<p>INSTITUTO NACIONAL DE ANTROPOLOG\u00cdA E HISTORIA DIRECCI\u00d3N DE ESTUDIOS HIST\u00d3RICOS Le hacen una cordial invitaci\u00f3n para que asista de manera [&hellip;]<\/p>\n","protected":false},"author":2,"featured_media":16248,"comment_status":"closed","ping_status":"closed","sticky":false,"template":"","format":"standard","meta":{"site-sidebar-layout":"default","site-content-layout":"","ast-site-content-layout":"default","site-content-style":"default","site-sidebar-style":"default","ast-global-header-display":"","ast-banner-title-visibility":"","ast-main-header-display":"","ast-hfb-above-header-display":"","ast-hfb-below-header-display":"","ast-hfb-mobile-header-display":"","site-post-title":"","ast-breadcrumbs-content":"","ast-featured-img":"","footer-sml-layout":"","ast-disable-related-posts":"","theme-transparent-header-meta":"","adv-header-id-meta":"","stick-header-meta":"","header-above-stick-meta":"","header-main-stick-meta":"","header-below-stick-meta":"","astra-migrate-meta-layouts":"default","ast-page-background-enabled":"default","ast-page-background-meta":{"desktop":{"background-color":"var(--ast-global-color-5)","background-image":"","background-repeat":"repeat","background-position":"center center","background-size":"auto","background-attachment":"scroll","background-type":"","background-media":"","overlay-type":"","overlay-color":"","overlay-opacity":"","overlay-gradient":""},"tablet":{"background-color":"","background-image":"","background-repeat":"repeat","background-position":"center center","background-size":"auto","background-attachment":"scroll","background-type":"","background-media":"","overlay-type":"","overlay-color":"","overlay-opacity":"","overlay-gradient":""},"mobile":{"background-color":"","background-image":"","background-repeat":"repeat","background-position":"center center","background-size":"auto","background-attachment":"scroll","background-type":"","background-media":"","overlay-type":"","overlay-color":"","overlay-opacity":"","overlay-gradient":""}},"ast-content-background-meta":{"desktop":{"background-color":"var(--ast-global-color-4)","background-image":"","background-repeat":"repeat","background-position":"center center","background-size":"auto","background-attachment":"scroll","background-type":"","background-media":"","overlay-type":"","overlay-color":"","overlay-opacity":"","overlay-gradient":""},"tablet":{"background-color":"var(--ast-global-color-4)","background-image":"","background-repeat":"repeat","background-position":"center center","background-size":"auto","background-attachment":"scroll","background-type":"","background-media":"","overlay-type":"","overlay-color":"","overlay-opacity":"","overlay-gradient":""},"mobile":{"background-color":"var(--ast-global-color-4)","background-image":"","background-repeat":"repeat","background-position":"center center","background-size":"auto","background-attachment":"scroll","background-type":"","background-media":"","overlay-type":"","overlay-color":"","overlay-opacity":"","overlay-gradient":""}},"footnotes":""},"categories":[129,10],"tags":[],"class_list":["post-16247","post","type-post","status-publish","format-standard","has-post-thumbnail","hentry","category-129","category-agenda-historica"],"_links":{"self":[{"href":"https:\/\/estudioshistoricos.inah.gob.mx\/index.php?rest_route=\/wp\/v2\/posts\/16247","targetHints":{"allow":["GET"]}}],"collection":[{"href":"https:\/\/estudioshistoricos.inah.gob.mx\/index.php?rest_route=\/wp\/v2\/posts"}],"about":[{"href":"https:\/\/estudioshistoricos.inah.gob.mx\/index.php?rest_route=\/wp\/v2\/types\/post"}],"author":[{"embeddable":true,"href":"https:\/\/estudioshistoricos.inah.gob.mx\/index.php?rest_route=\/wp\/v2\/users\/2"}],"replies":[{"embeddable":true,"href":"https:\/\/estudioshistoricos.inah.gob.mx\/index.php?rest_route=%2Fwp%2Fv2%2Fcomments&post=16247"}],"version-history":[{"count":4,"href":"https:\/\/estudioshistoricos.inah.gob.mx\/index.php?rest_route=\/wp\/v2\/posts\/16247\/revisions"}],"predecessor-version":[{"id":16253,"href":"https:\/\/estudioshistoricos.inah.gob.mx\/index.php?rest_route=\/wp\/v2\/posts\/16247\/revisions\/16253"}],"wp:featuredmedia":[{"embeddable":true,"href":"https:\/\/estudioshistoricos.inah.gob.mx\/index.php?rest_route=\/wp\/v2\/media\/16248"}],"wp:attachment":[{"href":"https:\/\/estudioshistoricos.inah.gob.mx\/index.php?rest_route=%2Fwp%2Fv2%2Fmedia&parent=16247"}],"wp:term":[{"taxonomy":"category","embeddable":true,"href":"https:\/\/estudioshistoricos.inah.gob.mx\/index.php?rest_route=%2Fwp%2Fv2%2Fcategories&post=16247"},{"taxonomy":"post_tag","embeddable":true,"href":"https:\/\/estudioshistoricos.inah.gob.mx\/index.php?rest_route=%2Fwp%2Fv2%2Ftags&post=16247"}],"curies":[{"name":"wp","href":"https:\/\/api.w.org\/{rel}","templated":true}]}}