{"id":16263,"date":"2025-01-02T15:00:13","date_gmt":"2025-01-02T21:00:13","guid":{"rendered":"https:\/\/estudioshistoricos.inah.gob.mx\/?p=16263"},"modified":"2025-04-03T12:11:37","modified_gmt":"2025-04-03T18:11:37","slug":"seminario-de-la-mirada-documental-tiempo-y-memoria","status":"publish","type":"post","link":"https:\/\/estudioshistoricos.inah.gob.mx\/?p=16263","title":{"rendered":"SEMINARIO\u00a0DE\u00a0LA\u00a0MIRADA\u00a0DOCUMENTAL TIEMPO Y MEMORIA"},"content":{"rendered":"<p style=\"text-align: center;\"><strong>INSTITUTO NACIONAL\u00a0DE\u00a0ANTROPOLOG\u00cdA E HISTORIA<\/strong><br \/>\n<strong><span style=\"font-style: inherit; font-weight: inherit;\">DIRECCI\u00d3N\u00a0DE\u00a0ESTUDIOS HIST\u00d3RICOS<\/span><\/strong><br \/>\n<strong><span style=\"font-style: inherit; font-weight: inherit;\">INSTITUTO DE INVESTIGACIONES <\/span><\/strong><strong><span style=\"font-style: inherit; font-weight: inherit;\">JOS\u00c9 MAR\u00cdA LUIS MORA<\/span><\/strong><\/p>\n<p style=\"text-align: center;\"><span style=\"font-style: inherit; font-weight: inherit;\">Invitan a que asista a\u00a0la\u00a0sesi\u00f3n\u00a0del<\/span><\/p>\n<p style=\"text-align: center;\"><strong><span style=\"font-style: inherit; font-weight: inherit;\">SEMINARIO\u00a0DE\u00a0LA\u00a0MIRADA\u00a0DOCUMENTAL<\/span><\/strong><br \/>\n<strong><span style=\"font-style: inherit; font-weight: inherit;\">TIEMPO Y MEMORIA<\/span><\/strong><\/p>\n<p>&nbsp;<\/p>\n<p><img loading=\"lazy\" decoding=\"async\" class=\"size-full wp-image-16266 aligncenter\" src=\"https:\/\/estudioshistoricos.inah.gob.mx\/wp-content\/uploads\/Seminario-Mirada-Documental-20-de-marzoN-UNO.png\" alt=\"\" width=\"700\" height=\"875\" srcset=\"https:\/\/estudioshistoricos.inah.gob.mx\/wp-content\/uploads\/Seminario-Mirada-Documental-20-de-marzoN-UNO.png 700w, https:\/\/estudioshistoricos.inah.gob.mx\/wp-content\/uploads\/Seminario-Mirada-Documental-20-de-marzoN-UNO-240x300.png 240w, https:\/\/estudioshistoricos.inah.gob.mx\/wp-content\/uploads\/Seminario-Mirada-Documental-20-de-marzoN-UNO-280x350.png 280w, https:\/\/estudioshistoricos.inah.gob.mx\/wp-content\/uploads\/Seminario-Mirada-Documental-20-de-marzoN-UNO-120x150.png 120w\" sizes=\"auto, (max-width: 700px) 100vw, 700px\" \/><\/p>\n<p>&nbsp;<\/p>\n<h3 style=\"text-align: center;\"><strong>UN ENCUENTRO CON MARIANA YAMPOLSKY<\/strong><br \/>\n<strong>A CIEN A\u00d1OS DE SU NACIMIENTO<\/strong><\/h3>\n<p>&nbsp;<\/p>\n<p><span style=\"color: #042342;\"><strong><span style=\"font-style: inherit; font-weight: inherit;\">Presenta:<\/span><\/strong><\/span><\/p>\n<h4><span style=\"font-style: inherit; font-weight: inherit;\"><span style=\"color: #ff0000;\"><strong>Hern\u00e1n Perea<\/strong><\/span> | Documentalista y acad\u00e9mico, UIA<\/span><br \/>\n<span style=\"color: #ff0000;\"><strong>Tere Matabuena<\/strong><\/span> | Directora de la Biblioteca Francisco Xavier Clavigero, UIA<\/h4>\n<p>&nbsp;<\/p>\n<p><span style=\"color: #042342;\"><strong><span style=\"font-style: inherit; font-weight: inherit;\">Coordinan:<\/span><\/strong><\/span><\/p>\n<p><strong><span style=\"font-style: inherit;\">Rebeca Monroy Nasr<\/span><\/strong><br \/>\n<strong><span style=\"font-style: inherit;\">Alberto\u00a0del Castillo<\/span><\/strong><\/p>\n<p>&nbsp;<\/p>\n<p><strong><span style=\"font-style: inherit; font-weight: inherit;\">Jueves 20 de marzo, 17:00 hrs.<\/span><\/strong><\/p>\n<p><strong><span style=\"font-style: inherit; font-weight: inherit;\">Instituto Mora | Sala Nicole Gir\u00f3n<\/span><\/strong><\/p>\n<p>&nbsp;<\/p>\n<p><span style=\"color: #042342;\"><strong><span style=\"font-style: inherit; font-weight: inherit;\">Sigue\u00a0la\u00a0transmisi\u00f3n en vivo por:<\/span><\/strong><\/span><\/p>\n<p><strong><span style=\"font-style: inherit; font-weight: inherit;\">Facebook:\u00a0<\/span><\/strong><strong><span style=\"font-style: inherit; font-weight: inherit;\"><a href=\"https:\/\/www.facebook.com\/Institutomora\">https:\/\/www.facebook.com\/Institutomora<\/a>\u00a0<\/span><\/strong><\/p>\n<p>&nbsp;<\/p>\n<p>&nbsp;<\/p>\n<p><strong><span style=\"font-style: inherit; font-weight: inherit;\">Instituto\u00a0de\u00a0Investigaciones Dr. Jos\u00e9 Mar\u00eda Luis Mora<\/span><\/strong><br \/>\n<span style=\"font-style: inherit; font-weight: inherit;\">Valent\u00edn G\u00f3mez Far\u00edas 12 San Juan Mixcoac,<\/span><br \/>\n<span style=\"font-style: inherit; font-weight: inherit;\">Ciudad\u00a0de\u00a0M\u00e9xico<\/span><\/p>\n<p style=\"text-align: center;\"><a href=\"http:\/\/www.mexicoescultura.com\/\"><strong>mexicoescultura.com<\/strong><\/a><\/p>\n<p style=\"text-align: center;\"><a href=\"https:\/\/www.facebook.com\/hashtag\/patrimonioinah?__eep__=6&amp;__cft__%5b0%5d=AZVZnyH2eaPNvbD56J8v-lZo9HLoT0l5TLxtgm3nyUaWsxqYE4u7LdhoUXR-vjGv7jFF_YscloBWFkRO36TU0coOjrDqCSbyU_s_X-fHfJHyuqHnzZWkGPbOn8oMzwpF6FR0dy4d7QUUVvpwpNEKZEROMgnjS5szng8ZYcAUgsEu5HXSlI17Rbbjl_-F6oPM4zyERCzXVki94yxgU_hhMTwD&amp;__tn__=*NK-R\"><strong>#PatrimonioINAH<\/strong><\/a><\/p>\n<p style=\"text-align: center;\"><a href=\"https:\/\/www.facebook.com\/hashtag\/inahvirtual?__eep__=6&amp;__cft__%5b0%5d=AZVZnyH2eaPNvbD56J8v-lZo9HLoT0l5TLxtgm3nyUaWsxqYE4u7LdhoUXR-vjGv7jFF_YscloBWFkRO36TU0coOjrDqCSbyU_s_X-fHfJHyuqHnzZWkGPbOn8oMzwpF6FR0dy4d7QUUVvpwpNEKZEROMgnjS5szng8ZYcAUgsEu5HXSlI17Rbbjl_-F6oPM4zyERCzXVki94yxgU_hhMTwD&amp;__tn__=*NK-R\"><strong>#INAHVirtual<\/strong><\/a><\/p>\n<p>&nbsp;<\/p>\n<p>&nbsp;<\/p>\n<p><strong>DIRECCI\u00d3N DE ESTUDIOS HIST\u00d3RICOS \u2013 INAH<\/strong><br \/>\nAllende 172, esq. Ju\u00e1rez, col. Tlalpan Centro,<br \/>\nAlcald\u00eda Tlalpan, C.P. 14000, Ciudad de M\u00e9xico<br \/>\nTel.: 55 4166 0780 \/ 55 4166 0784<br \/>\n<a href=\"http:\/\/estudioshistoricos.inah.gob.mx\/\">http:\/\/estudioshistoricos.inah.gob.mx\/<\/a><\/p>\n<p>\u2014<\/p>\n<p><strong>Difusi\u00f3n DEH \u2013 INAH<\/strong><br \/>\nAllende 172, esq. Ju\u00e1rez, col. Tlalpan Centro,<br \/>\nAlcald\u00eda Tlalpan, C.P. 14000, Ciudad de M\u00e9xico<br \/>\nTel.: 55 4166 0780 \/ 55 4166 0784, ext. 411015<\/p>\n","protected":false},"excerpt":{"rendered":"<p>INSTITUTO NACIONAL\u00a0DE\u00a0ANTROPOLOG\u00cdA E HISTORIA DIRECCI\u00d3N\u00a0DE\u00a0ESTUDIOS HIST\u00d3RICOS INSTITUTO DE INVESTIGACIONES JOS\u00c9 MAR\u00cdA LUIS MORA Invitan a que asista a\u00a0la\u00a0sesi\u00f3n\u00a0del SEMINARIO\u00a0DE\u00a0LA\u00a0MIRADA\u00a0DOCUMENTAL TIEMPO Y MEMORIA &nbsp; &nbsp; UN ENCUENTRO CON MARIANA YAMPOLSKY A CIEN A\u00d1OS DE SU NACIMIENTO &nbsp; Presenta: Hern\u00e1n Perea | Documentalista y acad\u00e9mico, UIA Tere Matabuena | Directora de la&#8230; <a class=\"continue-reading-link\" href=\"https:\/\/estudioshistoricos.inah.gob.mx\/?p=16263\">Seguir leyendo<\/a><\/p>\n","protected":false},"author":2,"featured_media":16264,"comment_status":"closed","ping_status":"closed","sticky":false,"template":"","format":"standard","meta":{"footnotes":""},"categories":[129,10],"tags":[],"class_list":["post-16263","post","type-post","status-publish","format-standard","has-post-thumbnail","hentry","category-129","category-agenda-historica"],"_links":{"self":[{"href":"https:\/\/estudioshistoricos.inah.gob.mx\/index.php?rest_route=\/wp\/v2\/posts\/16263","targetHints":{"allow":["GET"]}}],"collection":[{"href":"https:\/\/estudioshistoricos.inah.gob.mx\/index.php?rest_route=\/wp\/v2\/posts"}],"about":[{"href":"https:\/\/estudioshistoricos.inah.gob.mx\/index.php?rest_route=\/wp\/v2\/types\/post"}],"author":[{"embeddable":true,"href":"https:\/\/estudioshistoricos.inah.gob.mx\/index.php?rest_route=\/wp\/v2\/users\/2"}],"replies":[{"embeddable":true,"href":"https:\/\/estudioshistoricos.inah.gob.mx\/index.php?rest_route=%2Fwp%2Fv2%2Fcomments&post=16263"}],"version-history":[{"count":3,"href":"https:\/\/estudioshistoricos.inah.gob.mx\/index.php?rest_route=\/wp\/v2\/posts\/16263\/revisions"}],"predecessor-version":[{"id":16269,"href":"https:\/\/estudioshistoricos.inah.gob.mx\/index.php?rest_route=\/wp\/v2\/posts\/16263\/revisions\/16269"}],"wp:featuredmedia":[{"embeddable":true,"href":"https:\/\/estudioshistoricos.inah.gob.mx\/index.php?rest_route=\/wp\/v2\/media\/16264"}],"wp:attachment":[{"href":"https:\/\/estudioshistoricos.inah.gob.mx\/index.php?rest_route=%2Fwp%2Fv2%2Fmedia&parent=16263"}],"wp:term":[{"taxonomy":"category","embeddable":true,"href":"https:\/\/estudioshistoricos.inah.gob.mx\/index.php?rest_route=%2Fwp%2Fv2%2Fcategories&post=16263"},{"taxonomy":"post_tag","embeddable":true,"href":"https:\/\/estudioshistoricos.inah.gob.mx\/index.php?rest_route=%2Fwp%2Fv2%2Ftags&post=16263"}],"curies":[{"name":"wp","href":"https:\/\/api.w.org\/{rel}","templated":true}]}}