{"id":16281,"date":"2025-01-02T15:45:00","date_gmt":"2025-01-02T21:45:00","guid":{"rendered":"https:\/\/estudioshistoricos.inah.gob.mx\/?p=16281"},"modified":"2025-04-03T12:12:46","modified_gmt":"2025-04-03T18:12:46","slug":"viii-seminario-poder-salud-prevencion-y-enfermedad-2","status":"publish","type":"post","link":"https:\/\/estudioshistoricos.inah.gob.mx\/?p=16281","title":{"rendered":"VIII\u00a0SEMINARIO\u00a0PODER,\u00a0SALUD,\u00a0PREVENCI\u00d3N\u00a0Y\u00a0ENFERMEDAD"},"content":{"rendered":"<p style=\"text-align: center;\"><strong>INSTITUTO NACIONAL DE ANTROPOLOG\u00cdA E HISTORIA<\/strong><br \/>\n<strong>DIRECCI\u00d3N DE ESTUDIOS HIST\u00d3RICOS<\/strong><br \/>\n<strong>VIII\u00a0SEMINARIO\u00a0PODER,\u00a0SALUD,\u00a0PREVENCI\u00d3N\u00a0Y\u00a0ENFERMEDAD<\/strong><\/p>\n<p style=\"text-align: center;\">Invitan a la sesi\u00f3n del mes de febrero titulada:<\/p>\n<h3 style=\"text-align: center;\"><span style=\"color: #a12a2a;\">EL SERVICIO M\u00c9DICO COMO INSTRUMENTO DE EVANGELIZACI\u00d3N METODISTA, 1880-1910<\/span><\/h3>\n<h4 style=\"text-align: center;\"><span style=\"color: #003366;\">Presenta:<\/span><br \/>\n<span style=\"color: #003366;\"><strong>Rub\u00e9n Ru\u00edz Guerra<\/strong> |<\/span> CIALC, UNAM<\/h4>\n<p>&nbsp;<\/p>\n<p><img loading=\"lazy\" decoding=\"async\" class=\"size-full wp-image-16283 aligncenter\" src=\"https:\/\/estudioshistoricos.inah.gob.mx\/wp-content\/uploads\/Seminario-Salud-27-de-marzo-UNO.png\" alt=\"\" width=\"700\" height=\"875\" srcset=\"https:\/\/estudioshistoricos.inah.gob.mx\/wp-content\/uploads\/Seminario-Salud-27-de-marzo-UNO.png 700w, https:\/\/estudioshistoricos.inah.gob.mx\/wp-content\/uploads\/Seminario-Salud-27-de-marzo-UNO-240x300.png 240w, https:\/\/estudioshistoricos.inah.gob.mx\/wp-content\/uploads\/Seminario-Salud-27-de-marzo-UNO-280x350.png 280w, https:\/\/estudioshistoricos.inah.gob.mx\/wp-content\/uploads\/Seminario-Salud-27-de-marzo-UNO-120x150.png 120w\" sizes=\"auto, (max-width: 700px) 100vw, 700px\" \/><\/p>\n<p>&nbsp;<\/p>\n<p><span style=\"color: #003366;\">Coordinan:<\/span><br \/>\n<strong>Beatriz Luc\u00eda Cano S\u00e1nchez<\/strong><br \/>\n<strong>Nadia Men\u00e9ndez Di Pardo<\/strong><br \/>\nDEH-INAH<\/p>\n<p>Jueves 27 de marzo, 11:00 hrs.<br \/>\nVideoconferencia Zoom<br \/>\n<span style=\"color: #003366;\">Inscripciones al correo:<\/span> difusion.deh.owner@inah.gob.mx<\/p>\n<p>&nbsp;<\/p>\n<p style=\"text-align: center;\"><a href=\"http:\/\/www.mexicoescultura.com\/\"><strong>mexicoescultura.com<\/strong><\/a><\/p>\n<p style=\"text-align: center;\"><a href=\"https:\/\/www.facebook.com\/hashtag\/patrimonioinah?__eep__=6&amp;__cft__%5b0%5d=AZVZnyH2eaPNvbD56J8v-lZo9HLoT0l5TLxtgm3nyUaWsxqYE4u7LdhoUXR-vjGv7jFF_YscloBWFkRO36TU0coOjrDqCSbyU_s_X-fHfJHyuqHnzZWkGPbOn8oMzwpF6FR0dy4d7QUUVvpwpNEKZEROMgnjS5szng8ZYcAUgsEu5HXSlI17Rbbjl_-F6oPM4zyERCzXVki94yxgU_hhMTwD&amp;__tn__=*NK-R\"><strong>#PatrimonioINAH<\/strong><\/a><\/p>\n<p style=\"text-align: center;\"><a href=\"https:\/\/www.facebook.com\/hashtag\/inahvirtual?__eep__=6&amp;__cft__%5b0%5d=AZVZnyH2eaPNvbD56J8v-lZo9HLoT0l5TLxtgm3nyUaWsxqYE4u7LdhoUXR-vjGv7jFF_YscloBWFkRO36TU0coOjrDqCSbyU_s_X-fHfJHyuqHnzZWkGPbOn8oMzwpF6FR0dy4d7QUUVvpwpNEKZEROMgnjS5szng8ZYcAUgsEu5HXSlI17Rbbjl_-F6oPM4zyERCzXVki94yxgU_hhMTwD&amp;__tn__=*NK-R\"><strong>#INAHVirtual<\/strong><\/a><\/p>\n<p>&nbsp;<\/p>\n<p><strong>DIRECCI\u00d3N DE ESTUDIOS HIST\u00d3RICOS \u2013 INAH<\/strong><br \/>\nAllende 172, esq. Ju\u00e1rez, col. Tlalpan Centro,<br \/>\nAlcald\u00eda Tlalpan, C.P. 14000, Ciudad de M\u00e9xico<br \/>\nTel.: 55 4166 0780 \/ 55 4166 0784<br \/>\n<a href=\"http:\/\/estudioshistoricos.inah.gob.mx\/\">http:\/\/estudioshistoricos.inah.gob.mx\/<\/a><\/p>\n<p>\u2014<\/p>\n<p><strong>Difusi\u00f3n DEH \u2013 INAH<\/strong><br \/>\nAllende 172, esq. Ju\u00e1rez, col. Tlalpan Centro,<br \/>\nAlcald\u00eda Tlalpan, C.P. 14000, Ciudad de M\u00e9xico<br \/>\nTel.: 55 4166 0780 \/ 55 4166 0784, ext. 411015<\/p>\n<p>&nbsp;<\/p>\n","protected":false},"excerpt":{"rendered":"<p>INSTITUTO NACIONAL DE ANTROPOLOG\u00cdA E HISTORIA DIRECCI\u00d3N DE ESTUDIOS HIST\u00d3RICOS VIII\u00a0SEMINARIO\u00a0PODER,\u00a0SALUD,\u00a0PREVENCI\u00d3N\u00a0Y\u00a0ENFERMEDAD Invitan a la sesi\u00f3n del mes de febrero titulada: EL SERVICIO M\u00c9DICO COMO INSTRUMENTO DE EVANGELIZACI\u00d3N METODISTA, 1880-1910 Presenta: Rub\u00e9n Ru\u00edz Guerra | CIALC, UNAM &nbsp; &nbsp; Coordinan: Beatriz Luc\u00eda Cano S\u00e1nchez Nadia Men\u00e9ndez Di Pardo DEH-INAH Jueves 27&#8230; <a class=\"continue-reading-link\" href=\"https:\/\/estudioshistoricos.inah.gob.mx\/?p=16281\">Seguir leyendo<\/a><\/p>\n","protected":false},"author":2,"featured_media":16282,"comment_status":"closed","ping_status":"closed","sticky":false,"template":"","format":"standard","meta":{"footnotes":""},"categories":[129,10],"tags":[],"class_list":["post-16281","post","type-post","status-publish","format-standard","has-post-thumbnail","hentry","category-129","category-agenda-historica"],"_links":{"self":[{"href":"https:\/\/estudioshistoricos.inah.gob.mx\/index.php?rest_route=\/wp\/v2\/posts\/16281","targetHints":{"allow":["GET"]}}],"collection":[{"href":"https:\/\/estudioshistoricos.inah.gob.mx\/index.php?rest_route=\/wp\/v2\/posts"}],"about":[{"href":"https:\/\/estudioshistoricos.inah.gob.mx\/index.php?rest_route=\/wp\/v2\/types\/post"}],"author":[{"embeddable":true,"href":"https:\/\/estudioshistoricos.inah.gob.mx\/index.php?rest_route=\/wp\/v2\/users\/2"}],"replies":[{"embeddable":true,"href":"https:\/\/estudioshistoricos.inah.gob.mx\/index.php?rest_route=%2Fwp%2Fv2%2Fcomments&post=16281"}],"version-history":[{"count":1,"href":"https:\/\/estudioshistoricos.inah.gob.mx\/index.php?rest_route=\/wp\/v2\/posts\/16281\/revisions"}],"predecessor-version":[{"id":16284,"href":"https:\/\/estudioshistoricos.inah.gob.mx\/index.php?rest_route=\/wp\/v2\/posts\/16281\/revisions\/16284"}],"wp:featuredmedia":[{"embeddable":true,"href":"https:\/\/estudioshistoricos.inah.gob.mx\/index.php?rest_route=\/wp\/v2\/media\/16282"}],"wp:attachment":[{"href":"https:\/\/estudioshistoricos.inah.gob.mx\/index.php?rest_route=%2Fwp%2Fv2%2Fmedia&parent=16281"}],"wp:term":[{"taxonomy":"category","embeddable":true,"href":"https:\/\/estudioshistoricos.inah.gob.mx\/index.php?rest_route=%2Fwp%2Fv2%2Fcategories&post=16281"},{"taxonomy":"post_tag","embeddable":true,"href":"https:\/\/estudioshistoricos.inah.gob.mx\/index.php?rest_route=%2Fwp%2Fv2%2Ftags&post=16281"}],"curies":[{"name":"wp","href":"https:\/\/api.w.org\/{rel}","templated":true}]}}