{"id":16285,"date":"2025-01-02T16:00:16","date_gmt":"2025-01-02T22:00:16","guid":{"rendered":"https:\/\/estudioshistoricos.inah.gob.mx\/?p=16285"},"modified":"2025-04-07T11:59:14","modified_gmt":"2025-04-07T16:59:14","slug":"seminario-de-movimientos-sociales-memoria-e-historia-del-tiempo-presente-ciclo-2025-3","status":"publish","type":"post","link":"https:\/\/estudioshistoricos.inah.gob.mx\/?p=16285","title":{"rendered":"SEMINARIO\u00a0DE\u00a0MOVIMIENTOS\u00a0SOCIALES. MEMORIA\u00a0E\u00a0HISTORIA\u00a0DEL\u00a0TIEMPO\u00a0PRESENTE\u00a0CICLO 2025"},"content":{"rendered":"<p style=\"text-align: center;\"><strong>INSTITUTO NACIONAL\u00a0DE\u00a0ANTROPOLOG\u00cdA\u00a0E\u00a0HISTORIA<\/strong><br \/>\n<strong>DIRECCI\u00d3N\u00a0DE\u00a0ESTUDIOS HIST\u00d3RICOS<\/strong><br \/>\n<strong>SEMINARIO\u00a0DE\u00a0MOVIMIENTOS\u00a0SOCIALES.<\/strong><br \/>\n<strong>MEMORIA\u00a0E\u00a0HISTORIA\u00a0DEL\u00a0TIEMPO\u00a0PRESENTE\u00a0CICLO 2025<\/strong><\/p>\n<p style=\"text-align: center;\">Le hacen una cordial invitaci\u00f3n para que asista a la presentaci\u00f3n editorial titulada:<\/p>\n<h2 style=\"text-align: center;\"><span style=\"color: #000080;\"><strong>ECOS DE LA REVOLUCI\u00d3N<\/strong><\/span><br \/>\n<span style=\"color: #000080;\">Radicalizaci\u00f3n, prensa y trayectorias de guerrillas de los setenta en M\u00e9xico<\/span><\/h2>\n<p>&nbsp;<\/p>\n<p><img loading=\"lazy\" decoding=\"async\" class=\"size-full wp-image-16287 aligncenter\" src=\"https:\/\/estudioshistoricos.inah.gob.mx\/wp-content\/uploads\/Presentacion-Ecos-de-la-Revolucion-3-de-abril-UNO.jpg\" alt=\"\" width=\"700\" height=\"875\" srcset=\"https:\/\/estudioshistoricos.inah.gob.mx\/wp-content\/uploads\/Presentacion-Ecos-de-la-Revolucion-3-de-abril-UNO.jpg 700w, https:\/\/estudioshistoricos.inah.gob.mx\/wp-content\/uploads\/Presentacion-Ecos-de-la-Revolucion-3-de-abril-UNO-240x300.jpg 240w, https:\/\/estudioshistoricos.inah.gob.mx\/wp-content\/uploads\/Presentacion-Ecos-de-la-Revolucion-3-de-abril-UNO-280x350.jpg 280w, https:\/\/estudioshistoricos.inah.gob.mx\/wp-content\/uploads\/Presentacion-Ecos-de-la-Revolucion-3-de-abril-UNO-120x150.jpg 120w\" sizes=\"auto, (max-width: 700px) 100vw, 700px\" \/><\/p>\n<p>&nbsp;<\/p>\n<h3 style=\"text-align: center;\"><span style=\"color: #9e1e1e;\"><strong>Ana Luc\u00eda \u00c1lvarez y Kevin Sim\u00f3n Delgado<\/strong><\/span><br \/>\nCoordinadores<\/h3>\n<p>&nbsp;<\/p>\n<p><span style=\"color: #9e1e1e;\"><strong>Participan:<\/strong><\/span><\/p>\n<h4><strong>Yair V\u00e1zquez Camacho<\/strong> | ENAH, INAH<br \/>\n<strong>Jessica Atziri Est\u00e9vez Ojendiz<\/strong> | UIA<br \/>\n<strong>Francisco Robles-Gil Mart\u00ednez del R\u00edo<\/strong> | UIA<br \/>\n<strong>C\u00e9sar E. Valdez Ch\u00e1vez<\/strong> | DEH, INAH<\/h4>\n<p>&nbsp;<\/p>\n<p><span style=\"color: #9e1e1e;\"><strong>Modera:<\/strong><\/span><\/p>\n<p><strong>Mar\u00eda Magdalena P\u00e9rez Alfaro<\/strong> | DEH-INAH<\/p>\n<p>&nbsp;<\/p>\n<p><strong>Jueves 3 de abril, 16:00 hrs.<\/strong><\/p>\n<p><strong>Transmisi\u00f3n en vivo por el canal de YouTube de la<\/strong><br \/>\n<strong>Coordinaci\u00f3n Nacional de Antropolog\u00eda<\/strong><\/p>\n<p><a href=\"https:\/\/www.youtube.com\/watch?v=UMXqdlFRQYQ\" target=\"_blank\" rel=\"noopener\"><strong><span style=\"color: #000080;\">https:\/\/www.youtube.com\/watch?v=UMXqdlFRQYQ<\/span><\/strong><\/a><\/p>\n<p>&nbsp;<\/p>\n<p><span style=\"color: #9e1e1e;\"><strong>Informes:<\/strong><\/span>\u00a0<a href=\"mailto:magdalena_perez@inah.gob.mx\">magdalena_perez@inah.gob.mx<\/a><\/p>\n<p>&nbsp;<\/p>\n<p style=\"text-align: center;\"><a href=\"http:\/\/www.mexicoescultura.com\/\"><strong>mexicoescultura.com<\/strong><\/a><\/p>\n<p style=\"text-align: center;\"><a href=\"https:\/\/www.facebook.com\/hashtag\/patrimonioinah?__eep__=6&amp;__cft__%5b0%5d=AZVZnyH2eaPNvbD56J8v-lZo9HLoT0l5TLxtgm3nyUaWsxqYE4u7LdhoUXR-vjGv7jFF_YscloBWFkRO36TU0coOjrDqCSbyU_s_X-fHfJHyuqHnzZWkGPbOn8oMzwpF6FR0dy4d7QUUVvpwpNEKZEROMgnjS5szng8ZYcAUgsEu5HXSlI17Rbbjl_-F6oPM4zyERCzXVki94yxgU_hhMTwD&amp;__tn__=*NK-R\"><strong>#PatrimonioINAH<\/strong><\/a><\/p>\n<p style=\"text-align: center;\"><a href=\"https:\/\/www.facebook.com\/hashtag\/inahvirtual?__eep__=6&amp;__cft__%5b0%5d=AZVZnyH2eaPNvbD56J8v-lZo9HLoT0l5TLxtgm3nyUaWsxqYE4u7LdhoUXR-vjGv7jFF_YscloBWFkRO36TU0coOjrDqCSbyU_s_X-fHfJHyuqHnzZWkGPbOn8oMzwpF6FR0dy4d7QUUVvpwpNEKZEROMgnjS5szng8ZYcAUgsEu5HXSlI17Rbbjl_-F6oPM4zyERCzXVki94yxgU_hhMTwD&amp;__tn__=*NK-R\"><strong>#INAHVirtual<\/strong><\/a><\/p>\n<p>&nbsp;<\/p>\n<p><strong>DIRECCI\u00d3N DE ESTUDIOS HIST\u00d3RICOS \u2013 INAH<\/strong><br \/>\nAllende 172, esq. Ju\u00e1rez, col. Tlalpan Centro,<br \/>\nAlcald\u00eda Tlalpan, C.P. 14000, Ciudad de M\u00e9xico<br \/>\nTel.: 55 4166 0780 \/ 55 4166 0784<br \/>\n<a href=\"http:\/\/estudioshistoricos.inah.gob.mx\/\">http:\/\/estudioshistoricos.inah.gob.mx\/<\/a><\/p>\n<p>\u2014<\/p>\n<p><strong>Difusi\u00f3n DEH \u2013 INAH<\/strong><br \/>\nAllende 172, esq. Ju\u00e1rez, col. Tlalpan Centro,<br \/>\nAlcald\u00eda Tlalpan, C.P. 14000, Ciudad de M\u00e9xico<br \/>\nTel.: 55 4166 0780 \/ 55 4166 0784, ext. 411015<\/p>\n","protected":false},"excerpt":{"rendered":"<p>INSTITUTO NACIONAL\u00a0DE\u00a0ANTROPOLOG\u00cdA\u00a0E\u00a0HISTORIA DIRECCI\u00d3N\u00a0DE\u00a0ESTUDIOS HIST\u00d3RICOS SEMINARIO\u00a0DE\u00a0MOVIMIENTOS\u00a0SOCIALES. MEMORIA\u00a0E\u00a0HISTORIA\u00a0DEL\u00a0TIEMPO\u00a0PRESENTE\u00a0CICLO 2025 Le hacen una cordial invitaci\u00f3n para que asista a la presentaci\u00f3n editorial titulada: ECOS DE LA REVOLUCI\u00d3N Radicalizaci\u00f3n, prensa y trayectorias de guerrillas de los setenta en M\u00e9xico &nbsp; &nbsp; Ana Luc\u00eda \u00c1lvarez y Kevin Sim\u00f3n Delgado Coordinadores &nbsp; Participan: Yair V\u00e1zquez Camacho&#8230; <a class=\"continue-reading-link\" href=\"https:\/\/estudioshistoricos.inah.gob.mx\/?p=16285\">Seguir leyendo<\/a><\/p>\n","protected":false},"author":2,"featured_media":16286,"comment_status":"closed","ping_status":"closed","sticky":false,"template":"","format":"standard","meta":{"footnotes":""},"categories":[129,10],"tags":[],"class_list":["post-16285","post","type-post","status-publish","format-standard","has-post-thumbnail","hentry","category-129","category-agenda-historica"],"_links":{"self":[{"href":"https:\/\/estudioshistoricos.inah.gob.mx\/index.php?rest_route=\/wp\/v2\/posts\/16285","targetHints":{"allow":["GET"]}}],"collection":[{"href":"https:\/\/estudioshistoricos.inah.gob.mx\/index.php?rest_route=\/wp\/v2\/posts"}],"about":[{"href":"https:\/\/estudioshistoricos.inah.gob.mx\/index.php?rest_route=\/wp\/v2\/types\/post"}],"author":[{"embeddable":true,"href":"https:\/\/estudioshistoricos.inah.gob.mx\/index.php?rest_route=\/wp\/v2\/users\/2"}],"replies":[{"embeddable":true,"href":"https:\/\/estudioshistoricos.inah.gob.mx\/index.php?rest_route=%2Fwp%2Fv2%2Fcomments&post=16285"}],"version-history":[{"count":4,"href":"https:\/\/estudioshistoricos.inah.gob.mx\/index.php?rest_route=\/wp\/v2\/posts\/16285\/revisions"}],"predecessor-version":[{"id":16291,"href":"https:\/\/estudioshistoricos.inah.gob.mx\/index.php?rest_route=\/wp\/v2\/posts\/16285\/revisions\/16291"}],"wp:featuredmedia":[{"embeddable":true,"href":"https:\/\/estudioshistoricos.inah.gob.mx\/index.php?rest_route=\/wp\/v2\/media\/16286"}],"wp:attachment":[{"href":"https:\/\/estudioshistoricos.inah.gob.mx\/index.php?rest_route=%2Fwp%2Fv2%2Fmedia&parent=16285"}],"wp:term":[{"taxonomy":"category","embeddable":true,"href":"https:\/\/estudioshistoricos.inah.gob.mx\/index.php?rest_route=%2Fwp%2Fv2%2Fcategories&post=16285"},{"taxonomy":"post_tag","embeddable":true,"href":"https:\/\/estudioshistoricos.inah.gob.mx\/index.php?rest_route=%2Fwp%2Fv2%2Ftags&post=16285"}],"curies":[{"name":"wp","href":"https:\/\/api.w.org\/{rel}","templated":true}]}}