{"id":16292,"date":"2025-01-02T16:15:11","date_gmt":"2025-01-02T22:15:11","guid":{"rendered":"https:\/\/estudioshistoricos.inah.gob.mx\/?p=16292"},"modified":"2025-04-07T11:58:58","modified_gmt":"2025-04-07T16:58:58","slug":"seminario-permanente-sobre-las-derechas-en-mexico-6","status":"publish","type":"post","link":"https:\/\/estudioshistoricos.inah.gob.mx\/?p=16292","title":{"rendered":"SEMINARIO PERMANENTE SOBRE LAS DERECHAS EN M\u00c9XICO"},"content":{"rendered":"<p style=\"text-align: center;\"><strong>INSTITUTO NACIONAL DE ANTROPOLOG\u00cdA E HISTORIA<\/strong><br \/>\n<strong>DIRECCI\u00d3N DE ESTUDIOS HIST\u00d3RICOS<\/strong><br \/>\n<strong>SEMINARIO PERMANENTE SOBRE LAS DERECHAS EN M\u00c9XICO<\/strong><\/p>\n<p style=\"text-align: center;\">Te invitan a seguir el ciclo:<\/p>\n<p style=\"text-align: center;\"><strong>DE LIBROS Y AUTORES.<\/strong><br \/>\n<strong>EXPERIENCIAS E INTERCAMBIOS DE INVESTIGACI\u00d3N<\/strong><\/p>\n<p>&nbsp;<\/p>\n<p><img loading=\"lazy\" decoding=\"async\" class=\"size-full wp-image-16294 aligncenter\" src=\"https:\/\/estudioshistoricos.inah.gob.mx\/wp-content\/uploads\/Seminario-permanentes-de-Derechas-3-abril-UNO.jpg\" alt=\"\" width=\"700\" height=\"875\" srcset=\"https:\/\/estudioshistoricos.inah.gob.mx\/wp-content\/uploads\/Seminario-permanentes-de-Derechas-3-abril-UNO.jpg 700w, https:\/\/estudioshistoricos.inah.gob.mx\/wp-content\/uploads\/Seminario-permanentes-de-Derechas-3-abril-UNO-240x300.jpg 240w, https:\/\/estudioshistoricos.inah.gob.mx\/wp-content\/uploads\/Seminario-permanentes-de-Derechas-3-abril-UNO-280x350.jpg 280w, https:\/\/estudioshistoricos.inah.gob.mx\/wp-content\/uploads\/Seminario-permanentes-de-Derechas-3-abril-UNO-120x150.jpg 120w\" sizes=\"auto, (max-width: 700px) 100vw, 700px\" \/><\/p>\n<p>&nbsp;<\/p>\n<h3 style=\"text-align: center;\"><strong>Charla con <span style=\"color: #9e1c1c;\">Ariel Goldstein<\/span>,\u00a0<\/strong>autor del libro:<\/h3>\n<h2 style=\"text-align: center;\"><strong>LA CUARTA OLA<\/strong><br \/>\nL\u00edderes, fan\u00e1ticos y oportunistas en la nueva era de la extrema derecha<\/h2>\n<p>&nbsp;<\/p>\n<p><span style=\"color: #9e1c1c;\"><strong>Participan:<\/strong><\/span><\/p>\n<h4><strong>C\u00e9sar E. Valdez Ch\u00e1vez<\/strong> | DEH, INAH<br \/>\n<strong>Marisol L\u00f3pez Men\u00e9ndez<\/strong> | IBERO CDMX<br \/>\n<strong>M\u00f3nica Alc\u00e1ntara Navarro<\/strong> | UNGS<\/h4>\n<p>&nbsp;<\/p>\n<p><span style=\"color: #9e1c1c;\"><strong>Coordina:<\/strong><\/span><\/p>\n<p><strong>Tania Hern\u00e1ndez Vicencio<\/strong> | DEH-INAH<\/p>\n<p>&nbsp;<\/p>\n<p><strong>Jueves 3 de abril, 17:00 hrs.<\/strong><\/p>\n<p>&nbsp;<\/p>\n<p><strong>Transmisi\u00f3n por el canal de YouTube de la<\/strong><br \/>\n<strong>Coordinaci\u00f3n Nacional de Antropolog\u00eda<\/strong><\/p>\n<p><strong><a href=\"https:\/\/www.youtube.com\/watch?v=oK0l881HT_c\">https:\/\/www.youtube.com\/watch?v=oK0l881HT_c<\/a><\/strong><\/p>\n<p>&nbsp;<\/p>\n<p><span style=\"color: #9e1c1c;\"><strong>Transmisi\u00f3n por Facebook:<\/strong><\/span><\/p>\n<p><a href=\"https:\/\/www.facebook.com\/profile.php?id=100057355064051&amp;__cft__%5b0%5d=AZU1lV1S7Q_EKOzs_PPFuInXV5As10F_oBB3rifIDioWDq2Qzv8QU7eDRmpRiyITAZlfYgeYSm-aSuhHNvirm97J6_oT7YHKcNencyLcM1CF9mCOye0FAmRiOBfhsDwUZ0xRIdUg6kt0oa3-nOUgrESJ6NlLMO2GcML5oKVjHpExi4mzzfy33RKWVTpwSDOhJDc&amp;__tn__=-UC%2CP-R\"><strong>Seminario sobre las Derechas en M\u00e9xico<\/strong><\/a><\/p>\n<p>&nbsp;<\/p>\n<p style=\"text-align: center;\"><a href=\"http:\/\/www.mexicoescultura.com\/\"><strong>mexicoescultura.com<\/strong><\/a><\/p>\n<p style=\"text-align: center;\"><a href=\"https:\/\/www.facebook.com\/hashtag\/patrimonioinah?__eep__=6&amp;__cft__%5b0%5d=AZVZnyH2eaPNvbD56J8v-lZo9HLoT0l5TLxtgm3nyUaWsxqYE4u7LdhoUXR-vjGv7jFF_YscloBWFkRO36TU0coOjrDqCSbyU_s_X-fHfJHyuqHnzZWkGPbOn8oMzwpF6FR0dy4d7QUUVvpwpNEKZEROMgnjS5szng8ZYcAUgsEu5HXSlI17Rbbjl_-F6oPM4zyERCzXVki94yxgU_hhMTwD&amp;__tn__=*NK-R\"><strong>#PatrimonioINAH<\/strong><\/a><\/p>\n<p style=\"text-align: center;\"><a href=\"https:\/\/www.facebook.com\/hashtag\/inahvirtual?__eep__=6&amp;__cft__%5b0%5d=AZVZnyH2eaPNvbD56J8v-lZo9HLoT0l5TLxtgm3nyUaWsxqYE4u7LdhoUXR-vjGv7jFF_YscloBWFkRO36TU0coOjrDqCSbyU_s_X-fHfJHyuqHnzZWkGPbOn8oMzwpF6FR0dy4d7QUUVvpwpNEKZEROMgnjS5szng8ZYcAUgsEu5HXSlI17Rbbjl_-F6oPM4zyERCzXVki94yxgU_hhMTwD&amp;__tn__=*NK-R\"><strong>#INAHVirtual<\/strong><\/a><\/p>\n<p>&nbsp;<\/p>\n<p>&nbsp;<\/p>\n<p><strong>DIRECCI\u00d3N DE ESTUDIOS HIST\u00d3RICOS \u2013 INAH<\/strong><br \/>\nAllende 172, esq. Ju\u00e1rez, col. Tlalpan Centro,<br \/>\nAlcald\u00eda Tlalpan, C.P. 14000, Ciudad de M\u00e9xico<br \/>\nTel.: 55 4166 0780 \/ 55 4166 0784<br \/>\n<a href=\"http:\/\/estudioshistoricos.inah.gob.mx\/\">http:\/\/estudioshistoricos.inah.gob.mx\/<\/a><\/p>\n<p>\u2014<\/p>\n<p><strong>Difusi\u00f3n DEH \u2013 INAH<\/strong><br \/>\nAllende 172, esq. Ju\u00e1rez, col. Tlalpan Centro,<br \/>\nAlcald\u00eda Tlalpan, C.P. 14000, Ciudad de M\u00e9xico<br \/>\nTel.: 55 4166 0780 \/ 55 4166 0784, ext. 411015<\/p>\n<p>&nbsp;<\/p>\n<p>&nbsp;<\/p>\n","protected":false},"excerpt":{"rendered":"<p>INSTITUTO NACIONAL DE ANTROPOLOG\u00cdA E HISTORIA DIRECCI\u00d3N DE ESTUDIOS HIST\u00d3RICOS SEMINARIO PERMANENTE SOBRE LAS DERECHAS EN M\u00c9XICO Te invitan a seguir el ciclo: DE LIBROS Y AUTORES. EXPERIENCIAS E INTERCAMBIOS DE INVESTIGACI\u00d3N &nbsp; &nbsp; Charla con Ariel Goldstein,\u00a0autor del libro: LA CUARTA OLA L\u00edderes, fan\u00e1ticos y oportunistas en la nueva&#8230; <a class=\"continue-reading-link\" href=\"https:\/\/estudioshistoricos.inah.gob.mx\/?p=16292\">Seguir leyendo<\/a><\/p>\n","protected":false},"author":2,"featured_media":16293,"comment_status":"closed","ping_status":"closed","sticky":false,"template":"","format":"standard","meta":{"footnotes":""},"categories":[129,10],"tags":[],"class_list":["post-16292","post","type-post","status-publish","format-standard","has-post-thumbnail","hentry","category-129","category-agenda-historica"],"_links":{"self":[{"href":"https:\/\/estudioshistoricos.inah.gob.mx\/index.php?rest_route=\/wp\/v2\/posts\/16292","targetHints":{"allow":["GET"]}}],"collection":[{"href":"https:\/\/estudioshistoricos.inah.gob.mx\/index.php?rest_route=\/wp\/v2\/posts"}],"about":[{"href":"https:\/\/estudioshistoricos.inah.gob.mx\/index.php?rest_route=\/wp\/v2\/types\/post"}],"author":[{"embeddable":true,"href":"https:\/\/estudioshistoricos.inah.gob.mx\/index.php?rest_route=\/wp\/v2\/users\/2"}],"replies":[{"embeddable":true,"href":"https:\/\/estudioshistoricos.inah.gob.mx\/index.php?rest_route=%2Fwp%2Fv2%2Fcomments&post=16292"}],"version-history":[{"count":1,"href":"https:\/\/estudioshistoricos.inah.gob.mx\/index.php?rest_route=\/wp\/v2\/posts\/16292\/revisions"}],"predecessor-version":[{"id":16295,"href":"https:\/\/estudioshistoricos.inah.gob.mx\/index.php?rest_route=\/wp\/v2\/posts\/16292\/revisions\/16295"}],"wp:featuredmedia":[{"embeddable":true,"href":"https:\/\/estudioshistoricos.inah.gob.mx\/index.php?rest_route=\/wp\/v2\/media\/16293"}],"wp:attachment":[{"href":"https:\/\/estudioshistoricos.inah.gob.mx\/index.php?rest_route=%2Fwp%2Fv2%2Fmedia&parent=16292"}],"wp:term":[{"taxonomy":"category","embeddable":true,"href":"https:\/\/estudioshistoricos.inah.gob.mx\/index.php?rest_route=%2Fwp%2Fv2%2Fcategories&post=16292"},{"taxonomy":"post_tag","embeddable":true,"href":"https:\/\/estudioshistoricos.inah.gob.mx\/index.php?rest_route=%2Fwp%2Fv2%2Ftags&post=16292"}],"curies":[{"name":"wp","href":"https:\/\/api.w.org\/{rel}","templated":true}]}}