{"id":16340,"date":"2025-01-02T17:30:02","date_gmt":"2025-01-02T23:30:02","guid":{"rendered":"https:\/\/estudioshistoricos.inah.gob.mx\/?p=16340"},"modified":"2025-04-23T14:18:32","modified_gmt":"2025-04-23T19:18:32","slug":"seminario-permanente-izquierdas-latinoamericanas-en-debate-miradas-desde-el-pasado-y-el-presente-17","status":"publish","type":"post","link":"https:\/\/estudioshistoricos.inah.gob.mx\/?p=16340","title":{"rendered":"SEMINARIO PERMANENTE IZQUIERDAS LATINOAMERICANAS EN DEBATE:\u00a0 MIRADAS DESDE EL PASADO Y EL PRESENTE"},"content":{"rendered":"<p style=\"text-align: center;\"><strong>SEMINARIO PERMANENTE IZQUIERDAS LATINOAMERICANAS EN DEBATE:\u00a0<\/strong><br \/>\n<strong>MIRADAS DESDE EL PASADO Y EL PRESENTE<\/strong><\/p>\n<p>&nbsp;<\/p>\n<p><img loading=\"lazy\" decoding=\"async\" class=\"size-full wp-image-16342 aligncenter\" src=\"https:\/\/estudioshistoricos.inah.gob.mx\/wp-content\/uploads\/Seminario-Permanente-Izquierdas-UNO.jpg\" alt=\"\" width=\"700\" height=\"394\" srcset=\"https:\/\/estudioshistoricos.inah.gob.mx\/wp-content\/uploads\/Seminario-Permanente-Izquierdas-UNO.jpg 700w, https:\/\/estudioshistoricos.inah.gob.mx\/wp-content\/uploads\/Seminario-Permanente-Izquierdas-UNO-300x169.jpg 300w, https:\/\/estudioshistoricos.inah.gob.mx\/wp-content\/uploads\/Seminario-Permanente-Izquierdas-UNO-622x350.jpg 622w, https:\/\/estudioshistoricos.inah.gob.mx\/wp-content\/uploads\/Seminario-Permanente-Izquierdas-UNO-150x84.jpg 150w\" sizes=\"auto, (max-width: 700px) 100vw, 700px\" \/><\/p>\n<p>&nbsp;<\/p>\n<p><span style=\"color: #ff0000;\"><strong>Coordinan:\u00a0<\/strong><\/span><\/p>\n<p><strong>Elisa Serv\u00edn, Rafael Rojas y Nicol\u00e1s Dip<\/strong><\/p>\n<p>&nbsp;<\/p>\n<p><strong>SESI\u00d3N XXII<\/strong><\/p>\n<h3><span style=\"color: #ff0000;\"><strong>DISCUSI\u00d3N DEL ART\u00cdCULO<\/strong><\/span><br \/>\n<strong>A HISTORY OF THE &#8216;PERNICIOUS FOREIGNER&#8217;<\/strong><\/h3>\n<h3><strong>Jean Meyer and the Re-writing of the Mexican Revolution<\/strong><br \/>\n<strong>During the Global Sixties de Jaime Pensado<\/strong><\/h3>\n<p><strong>The Americas: A Quarterly Review of Latin American History, 2024<\/strong><\/p>\n<p>&nbsp;<\/p>\n<p><span style=\"color: #ff0000;\"><strong>Participan:<\/strong><\/span><\/p>\n<h4><strong>Ariel Rodr\u00edguez Kuri<\/strong> | El Colegio de M\u00e9xico<br \/>\n<strong>Elisa Serv\u00edn<\/strong> | DEH, INAH<br \/>\n<strong>Jaime Pensado<\/strong> | University of Notre Dame<\/h4>\n<p>&nbsp;<\/p>\n<p><span style=\"color: #ff0000;\"><strong>Modera:<\/strong><\/span><\/p>\n<p><strong>Grethel Domenech<\/strong>\u00a0| Universidad Iberoamericana<\/p>\n<p>&nbsp;<\/p>\n<p><strong>Transmisi\u00f3n por el canal de YouTube de la<\/strong><br \/>\n<strong>Coordinaci\u00f3n Nacional de Antropolog\u00eda<\/strong><\/p>\n<p><strong><a href=\"https:\/\/www.youtube.com\/watch?v=p8nISZBe1wY\">https:\/\/www.youtube.com\/watch?v=p8nISZBe1wY<\/a>\u00a0\u00a0<\/strong><\/p>\n<p><strong>Jueves 10 de abril, 2025<\/strong><\/p>\n<p>16:00 hrs. (Ciudad de M\u00e9xico)<br \/>\n18:00 hrs. (Nueva York, EE. UU.)<br \/>\n19:00 hrs. (Argentina, Chile y Uruguay)<\/p>\n<p>&nbsp;<\/p>\n<p><span style=\"color: #ff0000;\"><strong>Correo para informes:<\/strong><\/span><strong>\u00a0<a href=\"mailto:izquierdaslat@gmail.com\">izquierdaslat@gmail.com<\/a><\/strong><\/p>\n<p>&nbsp;<\/p>\n<p><span style=\"color: #ff0000;\"><strong>Instituciones coorganizadoras:<\/strong><\/span><\/p>\n<p style=\"text-align: justify;\"><strong>Organizan:<\/strong>\u00a0la Direcci\u00f3n de Estudios Hist\u00f3ricos de Instituto Nacional de Antropolog\u00eda e Historia (DEH \u2013 INAH), la Divisi\u00f3n de Historia del Centro de Investigaci\u00f3n y Docencia Econ\u00f3micas (DH \u2013 CIDE), el Centro de Estudios Hist\u00f3ricos de El Colegio de M\u00e9xico (CEH &#8211; COLMEX), el Colegio de Estudios Latinoamericanos de la Facultad de Filosof\u00eda y Letras de la Universidad Nacional Aut\u00f3noma de M\u00e9xico (CELA &#8211; FFyL &#8211; UNAM) y Prohistoria Ediciones.<\/p>\n<p>&nbsp;<\/p>\n<p style=\"text-align: justify;\"><strong><span style=\"color: #ff0000;\">Integrantes permanentes:<\/span>\u00a0<\/strong>Eric Zolov, Stony Brook University, Estados Unidos;\u00a0Mar\u00eda Cristina Tortti, Universidad Nacional de La Plata, Argentina;\u00a0Vania Markarian, Universidad de La Rep\u00fablica, Uruguay;\u00a0Sebasti\u00e1n Rivera Mir, El Colegio Mexiquense, M\u00e9xico;\u00a0Ximena U. Odekerken, Universidad Nacional de San Mart\u00edn, Argentina;\u00a0Sandra Jaramillo Restrepo &#8211; CeDInCI, Argentina;\u00a0Jaime Ortega Reyna, Universidad Aut\u00f3noma Metropolitana, M\u00e9xico;\u00a0Ana Trucco Dalmas &#8211; CeDInCI, Argentina;\u00a0Aldo Marchesi &#8211; Universidad de la Rep\u00fablica, Uruguay;\u00a0Fernando Herrera Calder\u00f3n &#8211; Universidad del Norte de Iowa, Estados Unidos;\u00a0Vera Carnovale &#8211; CeDInCI, Argentina;\u00a0Randall Chaves Zamora, Universidad de Costa Rica, Costa Rica;\u00a0Gorka Villar V\u00e1squez, Universidad de Chile, Chile;\u00a0Ariel Rodr\u00edguez Kuri, El Colegio de M\u00e9xico;\u00a0Jaime Pensado, University of Notre Dame, Estados Unidos;\u00a0Sof\u00eda Lanchimba Velastegui, Universidad Nacional Aut\u00f3noma de M\u00e9xico, M\u00e9xico;\u00a0Grethel Domenech, Universidad Iberoamericana, M\u00e9xico;\u00a0Paula Vidal Molina, Universidad de Chile, Chile;\u00a0Rafael Archondo, Universidad Nacional Aut\u00f3noma de M\u00e9xico, M\u00e9xico;\u00a0Adriana Petra, Universidad Nacional de San Mart\u00edn, Argentina;\u00a0Mart\u00edn Ribadero, Universidad Nacional de San Mart\u00edn, Argentina;\u00a0Rolando \u00c1lvarez Vallejo, Universidad de Santiago de Chile, Chile.<\/p>\n<p>&nbsp;<\/p>\n<p style=\"text-align: center;\"><strong>mexicoescultura.com<\/strong><\/p>\n<p style=\"text-align: center;\"><strong>#PatrimonioINAH<\/strong><\/p>\n<p style=\"text-align: center;\"><strong>#INAHVirtual<\/strong><\/p>\n<p><strong>DIRECCI\u00d3N DE ESTUDIOS HIST\u00d3RICOS \u2013 INAH<\/strong><br \/>\nAllende 172, esq. Ju\u00e1rez, col. Tlalpan Centro,<br \/>\nAlcald\u00eda Tlalpan, C.P. 14000, Ciudad de M\u00e9xico<br \/>\nTel.: 55 4166 0780 \/ 55 4166 0784<br \/>\n<a href=\"http:\/\/estudioshistoricos.inah.gob.mx\/\">http:\/\/estudioshistoricos.inah.gob.mx\/<\/a><\/p>\n<p>\u2014<\/p>\n<p><strong>Difusi\u00f3n DEH \u2013 INAH<\/strong><br \/>\nAllende 172, esq. Ju\u00e1rez, col. Tlalpan Centro,<br \/>\nAlcald\u00eda Tlalpan, C.P. 14000, Ciudad de M\u00e9xico<br \/>\nTel.: 55 4166 0780 \/ 55 4166 0784, ext. 411015<\/p>\n<p>&nbsp;<\/p>\n<p>&nbsp;<\/p>\n","protected":false},"excerpt":{"rendered":"<p>SEMINARIO PERMANENTE IZQUIERDAS LATINOAMERICANAS EN DEBATE:\u00a0 MIRADAS DESDE EL PASADO Y EL PRESENTE &nbsp; &nbsp; Coordinan:\u00a0 Elisa Serv\u00edn, Rafael Rojas y Nicol\u00e1s Dip &nbsp; SESI\u00d3N XXII DISCUSI\u00d3N DEL ART\u00cdCULO A HISTORY OF THE &#8216;PERNICIOUS FOREIGNER&#8217; Jean Meyer and the Re-writing of the Mexican Revolution During the Global Sixties de Jaime&#8230; <a class=\"continue-reading-link\" href=\"https:\/\/estudioshistoricos.inah.gob.mx\/?p=16340\">Seguir leyendo<\/a><\/p>\n","protected":false},"author":2,"featured_media":16341,"comment_status":"closed","ping_status":"closed","sticky":false,"template":"","format":"standard","meta":{"footnotes":""},"categories":[129,10],"tags":[],"class_list":["post-16340","post","type-post","status-publish","format-standard","has-post-thumbnail","hentry","category-129","category-agenda-historica"],"_links":{"self":[{"href":"https:\/\/estudioshistoricos.inah.gob.mx\/index.php?rest_route=\/wp\/v2\/posts\/16340","targetHints":{"allow":["GET"]}}],"collection":[{"href":"https:\/\/estudioshistoricos.inah.gob.mx\/index.php?rest_route=\/wp\/v2\/posts"}],"about":[{"href":"https:\/\/estudioshistoricos.inah.gob.mx\/index.php?rest_route=\/wp\/v2\/types\/post"}],"author":[{"embeddable":true,"href":"https:\/\/estudioshistoricos.inah.gob.mx\/index.php?rest_route=\/wp\/v2\/users\/2"}],"replies":[{"embeddable":true,"href":"https:\/\/estudioshistoricos.inah.gob.mx\/index.php?rest_route=%2Fwp%2Fv2%2Fcomments&post=16340"}],"version-history":[{"count":2,"href":"https:\/\/estudioshistoricos.inah.gob.mx\/index.php?rest_route=\/wp\/v2\/posts\/16340\/revisions"}],"predecessor-version":[{"id":16373,"href":"https:\/\/estudioshistoricos.inah.gob.mx\/index.php?rest_route=\/wp\/v2\/posts\/16340\/revisions\/16373"}],"wp:featuredmedia":[{"embeddable":true,"href":"https:\/\/estudioshistoricos.inah.gob.mx\/index.php?rest_route=\/wp\/v2\/media\/16341"}],"wp:attachment":[{"href":"https:\/\/estudioshistoricos.inah.gob.mx\/index.php?rest_route=%2Fwp%2Fv2%2Fmedia&parent=16340"}],"wp:term":[{"taxonomy":"category","embeddable":true,"href":"https:\/\/estudioshistoricos.inah.gob.mx\/index.php?rest_route=%2Fwp%2Fv2%2Fcategories&post=16340"},{"taxonomy":"post_tag","embeddable":true,"href":"https:\/\/estudioshistoricos.inah.gob.mx\/index.php?rest_route=%2Fwp%2Fv2%2Ftags&post=16340"}],"curies":[{"name":"wp","href":"https:\/\/api.w.org\/{rel}","templated":true}]}}