{"id":16813,"date":"2025-04-25T11:15:17","date_gmt":"2025-04-25T17:15:17","guid":{"rendered":"https:\/\/estudioshistoricos.inah.gob.mx\/?p=16813"},"modified":"2025-09-17T13:10:18","modified_gmt":"2025-09-17T19:10:18","slug":"presentacion-editorial-entre-lo-patriotico-y-lo-religioso-la-catedral-de-santa-maria-de-la-asuncion-de-chilpancingo-guerrero-1813-1977","status":"publish","type":"post","link":"https:\/\/estudioshistoricos.inah.gob.mx\/?p=16813","title":{"rendered":"Presentaci\u00f3n editorial: ENTRE LO PATRI\u00d3TICO Y LO RELIGIOSO: LA CATEDRAL DE SANTA MAR\u00cdA DE LA ASUNCI\u00d3N, DE CHILPANCINGO GUERRERO, 1813-1977"},"content":{"rendered":"<p style=\"text-align: center;\"><strong>SECRETAR\u00cdA DE CULTURA DEL ESTADO DE GUERRERO<\/strong><br \/>\n<strong>INSTITUTO NACIONAL DE ANTROPOLOG\u00cdA E HISTORIA<\/strong><br \/>\n<strong>POSGRADO EN HISTORIA Y ETNOHISTORIA DE LA<\/strong><br \/>\n<strong>ESCUELA NACIONAL DE ANTROPOLOG\u00cdA E HISTORIA<\/strong><br \/>\n<strong>DIRECCI\u00d3N DE ESTUDIOS HIST\u00d3RICOS<\/strong><\/p>\n<p style=\"text-align: center;\">Presentaci\u00f3n editorial:<\/p>\n<h3 style=\"text-align: center;\"><span style=\"color: #993366;\"><strong>Entre lo patri\u00f3tico y lo religioso: La Catedral de Santa Mar\u00eda de la Asunci\u00f3n, de Chilpancingo Guerrero, 1813-1977<\/strong><\/span><\/h3>\n<h4 style=\"text-align: center;\">de<strong> Deysi Cristina Hern\u00e1ndez Hern\u00e1ndez<\/strong><\/h4>\n<p><img loading=\"lazy\" decoding=\"async\" class=\"size-full wp-image-16815 aligncenter\" src=\"https:\/\/estudioshistoricos.inah.gob.mx\/wp-content\/uploads\/Presentacion-del-libro-Entre-lo-patriotico-11-de-sept-UNO.png\" alt=\"\" width=\"700\" height=\"874\" srcset=\"https:\/\/estudioshistoricos.inah.gob.mx\/wp-content\/uploads\/Presentacion-del-libro-Entre-lo-patriotico-11-de-sept-UNO.png 700w, https:\/\/estudioshistoricos.inah.gob.mx\/wp-content\/uploads\/Presentacion-del-libro-Entre-lo-patriotico-11-de-sept-UNO-240x300.png 240w, https:\/\/estudioshistoricos.inah.gob.mx\/wp-content\/uploads\/Presentacion-del-libro-Entre-lo-patriotico-11-de-sept-UNO-280x350.png 280w, https:\/\/estudioshistoricos.inah.gob.mx\/wp-content\/uploads\/Presentacion-del-libro-Entre-lo-patriotico-11-de-sept-UNO-120x150.png 120w\" sizes=\"auto, (max-width: 700px) 100vw, 700px\" \/><\/p>\n<p>&nbsp;<\/p>\n<p><span style=\"color: #9c1414;\"><strong>Participan:<\/strong><\/span><\/p>\n<h4><strong>Jes\u00fas Hern\u00e1ndez Jaimes<\/strong> | Colegio de Historia, FFyL, UNAM<br \/>\n<strong>Juan Carlos Casas<\/strong> | Universidad Pontificia de M\u00e9xico<br \/>\n<strong>Daniela Marino<\/strong> | Posgrado en Historia y Etnohistoria, ENAH<br \/>\n<strong>Martha Ter\u00e1n<\/strong> | Direcci\u00f3n de Estudios Hist\u00f3ricos, INAH<br \/>\n<strong>La autora<\/strong><\/h4>\n<p>&nbsp;<\/p>\n<p><strong>Jueves 11 de septiembre, 11:00 hrs.<\/strong><\/p>\n<p><strong>Sala de Usos M\u00faltiples, DEH-INAH<\/strong><\/p>\n<p><span style=\"color: #9c1414;\"><strong>Entrada libre<\/strong><\/span><\/p>\n<p>&nbsp;<\/p>\n<p style=\"text-align: center;\"><a href=\"http:\/\/www.mexicoescultura.com\/\"><strong>mexicoescultura.com<\/strong><\/a><\/p>\n<p style=\"text-align: center;\"><a href=\"https:\/\/www.facebook.com\/hashtag\/patrimonioinah?__eep__=6&amp;__cft__%5b0%5d=AZVZnyH2eaPNvbD56J8v-lZo9HLoT0l5TLxtgm3nyUaWsxqYE4u7LdhoUXR-vjGv7jFF_YscloBWFkRO36TU0coOjrDqCSbyU_s_X-fHfJHyuqHnzZWkGPbOn8oMzwpF6FR0dy4d7QUUVvpwpNEKZEROMgnjS5szng8ZYcAUgsEu5HXSlI17Rbbjl_-F6oPM4zyERCzXVki94yxgU_hhMTwD&amp;__tn__=*NK-R\"><strong>#PatrimonioINAH<\/strong><\/a><\/p>\n<p style=\"text-align: center;\"><a href=\"https:\/\/www.facebook.com\/hashtag\/inahvirtual?__eep__=6&amp;__cft__%5b0%5d=AZVZnyH2eaPNvbD56J8v-lZo9HLoT0l5TLxtgm3nyUaWsxqYE4u7LdhoUXR-vjGv7jFF_YscloBWFkRO36TU0coOjrDqCSbyU_s_X-fHfJHyuqHnzZWkGPbOn8oMzwpF6FR0dy4d7QUUVvpwpNEKZEROMgnjS5szng8ZYcAUgsEu5HXSlI17Rbbjl_-F6oPM4zyERCzXVki94yxgU_hhMTwD&amp;__tn__=*NK-R\"><strong>#INAHVirtual<\/strong><\/a><\/p>\n<p>&nbsp;<\/p>\n<p><strong>DIRECCI\u00d3N DE ESTUDIOS HIST\u00d3RICOS \u2013 INAH<\/strong><br \/>\nAllende 172, esq. Ju\u00e1rez, col. Tlalpan Centro,<br \/>\nAlcald\u00eda Tlalpan, C.P. 14000, Ciudad de M\u00e9xico<br \/>\nTel.: 55 4166 0780 \/ 55 4166 0784<br \/>\n<a href=\"http:\/\/estudioshistoricos.inah.gob.mx\/\">http:\/\/estudioshistoricos.inah.gob.mx\/<\/a><\/p>\n<p>\u2014<\/p>\n<p><strong>Difusi\u00f3n DEH \u2013 INAH<\/strong><br \/>\nAllende 172, esq. Ju\u00e1rez, col. Tlalpan Centro,<br \/>\nAlcald\u00eda Tlalpan, C.P. 14000, Ciudad de M\u00e9xico<br \/>\nTel.: 55 4166 0780 \/ 55 4166 0784, ext. 411015<\/p>\n<p>&nbsp;<\/p>\n","protected":false},"excerpt":{"rendered":"<p>SECRETAR\u00cdA DE CULTURA DEL ESTADO DE GUERRERO INSTITUTO NACIONAL DE ANTROPOLOG\u00cdA E HISTORIA POSGRADO EN HISTORIA Y ETNOHISTORIA DE LA ESCUELA NACIONAL DE ANTROPOLOG\u00cdA E HISTORIA DIRECCI\u00d3N DE ESTUDIOS HIST\u00d3RICOS Presentaci\u00f3n editorial: Entre lo patri\u00f3tico y lo religioso: La Catedral de Santa Mar\u00eda de la Asunci\u00f3n, de Chilpancingo Guerrero, 1813-1977&#8230; <a class=\"continue-reading-link\" href=\"https:\/\/estudioshistoricos.inah.gob.mx\/?p=16813\">Seguir leyendo<\/a><\/p>\n","protected":false},"author":2,"featured_media":16814,"comment_status":"closed","ping_status":"closed","sticky":false,"template":"","format":"standard","meta":{"footnotes":""},"categories":[129,10],"tags":[],"class_list":["post-16813","post","type-post","status-publish","format-standard","has-post-thumbnail","hentry","category-129","category-agenda-historica"],"_links":{"self":[{"href":"https:\/\/estudioshistoricos.inah.gob.mx\/index.php?rest_route=\/wp\/v2\/posts\/16813","targetHints":{"allow":["GET"]}}],"collection":[{"href":"https:\/\/estudioshistoricos.inah.gob.mx\/index.php?rest_route=\/wp\/v2\/posts"}],"about":[{"href":"https:\/\/estudioshistoricos.inah.gob.mx\/index.php?rest_route=\/wp\/v2\/types\/post"}],"author":[{"embeddable":true,"href":"https:\/\/estudioshistoricos.inah.gob.mx\/index.php?rest_route=\/wp\/v2\/users\/2"}],"replies":[{"embeddable":true,"href":"https:\/\/estudioshistoricos.inah.gob.mx\/index.php?rest_route=%2Fwp%2Fv2%2Fcomments&post=16813"}],"version-history":[{"count":1,"href":"https:\/\/estudioshistoricos.inah.gob.mx\/index.php?rest_route=\/wp\/v2\/posts\/16813\/revisions"}],"predecessor-version":[{"id":16816,"href":"https:\/\/estudioshistoricos.inah.gob.mx\/index.php?rest_route=\/wp\/v2\/posts\/16813\/revisions\/16816"}],"wp:featuredmedia":[{"embeddable":true,"href":"https:\/\/estudioshistoricos.inah.gob.mx\/index.php?rest_route=\/wp\/v2\/media\/16814"}],"wp:attachment":[{"href":"https:\/\/estudioshistoricos.inah.gob.mx\/index.php?rest_route=%2Fwp%2Fv2%2Fmedia&parent=16813"}],"wp:term":[{"taxonomy":"category","embeddable":true,"href":"https:\/\/estudioshistoricos.inah.gob.mx\/index.php?rest_route=%2Fwp%2Fv2%2Fcategories&post=16813"},{"taxonomy":"post_tag","embeddable":true,"href":"https:\/\/estudioshistoricos.inah.gob.mx\/index.php?rest_route=%2Fwp%2Fv2%2Ftags&post=16813"}],"curies":[{"name":"wp","href":"https:\/\/api.w.org\/{rel}","templated":true}]}}