{"id":16817,"date":"2025-04-25T11:45:26","date_gmt":"2025-04-25T17:45:26","guid":{"rendered":"https:\/\/estudioshistoricos.inah.gob.mx\/?p=16817"},"modified":"2025-09-22T13:09:40","modified_gmt":"2025-09-22T19:09:40","slug":"charla-de-unas-fotografias-a-un-mural-historia-de-un-descubrimiento-los-murales-de-la-escuela-carlos-a-carrillo","status":"publish","type":"post","link":"https:\/\/estudioshistoricos.inah.gob.mx\/?p=16817","title":{"rendered":"Charla: DE UNAS FOTOGRAF\u00cdAS A UN MURAL. Historia de un descubrimiento: los murales de la &#8220;Escuela Carlos A. Carrillo&#8221;"},"content":{"rendered":"<p style=\"text-align: center;\"><strong>INSTITUTO DE INVESTIGACIONES DR. <\/strong><strong>JOS\u00c9 MAR\u00cdA LUIS MORA<\/strong><br \/>\n<strong>DIRECCI\u00d3N DE ESTUDIOS HIST\u00d3RICOS<\/strong><\/p>\n<p style=\"text-align: center;\">A trav\u00e9s de la<strong>\u00a0Red Mexicana de Historia de la Fotograf\u00eda<\/strong><\/p>\n<p style=\"text-align: center;\">Invita a la charla:<\/p>\n<h3 style=\"text-align: center;\"><span style=\"color: #a8794a;\"><strong>De unas fotograf\u00edas a un mural.<\/strong><\/span><br \/>\nHistoria de un descubrimiento:<br \/>\nlos murales de la &#8220;Escuela Carlos A. Carrillo&#8221;<\/h3>\n<p>&nbsp;<\/p>\n<p><img loading=\"lazy\" decoding=\"async\" class=\"size-full wp-image-16819 aligncenter\" src=\"https:\/\/estudioshistoricos.inah.gob.mx\/wp-content\/uploads\/Red-Mexicana-de-Historia-de-la-fotografia-18-de-sept-UNO.png\" alt=\"\" width=\"700\" height=\"1082\" srcset=\"https:\/\/estudioshistoricos.inah.gob.mx\/wp-content\/uploads\/Red-Mexicana-de-Historia-de-la-fotografia-18-de-sept-UNO.png 700w, https:\/\/estudioshistoricos.inah.gob.mx\/wp-content\/uploads\/Red-Mexicana-de-Historia-de-la-fotografia-18-de-sept-UNO-194x300.png 194w, https:\/\/estudioshistoricos.inah.gob.mx\/wp-content\/uploads\/Red-Mexicana-de-Historia-de-la-fotografia-18-de-sept-UNO-662x1024.png 662w, https:\/\/estudioshistoricos.inah.gob.mx\/wp-content\/uploads\/Red-Mexicana-de-Historia-de-la-fotografia-18-de-sept-UNO-226x350.png 226w, https:\/\/estudioshistoricos.inah.gob.mx\/wp-content\/uploads\/Red-Mexicana-de-Historia-de-la-fotografia-18-de-sept-UNO-97x150.png 97w\" sizes=\"auto, (max-width: 700px) 100vw, 700px\" \/><\/p>\n<p>&nbsp;<\/p>\n<p><span style=\"color: #662244;\"><strong>Imparte:<\/strong><\/span><\/p>\n<h4><strong>Mtra. Teresa Matabuena Pel\u00e1ez<\/strong><br \/>\nUniversidad Iberoamericana<\/h4>\n<p>&nbsp;<\/p>\n<p><strong>Jueves 18 de septiembre, 17:00 hrs.<\/strong><\/p>\n<p>&nbsp;<\/p>\n<p><strong>Transmisi\u00f3n por YouTube Instituto Mora Difusi\u00f3n.<\/strong><\/p>\n<p><strong><a href=\"https:\/\/www.youtube.com\/@MoraInstituto\">https:\/\/www.youtube.com\/@MoraInstituto<\/a><\/strong><\/p>\n<p>&nbsp;<\/p>\n<p style=\"text-align: center;\"><a href=\"http:\/\/www.mexicoescultura.com\/\"><strong>mexicoescultura.com<\/strong><\/a><\/p>\n<p style=\"text-align: center;\"><a href=\"https:\/\/www.facebook.com\/hashtag\/patrimonioinah?__eep__=6&amp;__cft__%5b0%5d=AZVZnyH2eaPNvbD56J8v-lZo9HLoT0l5TLxtgm3nyUaWsxqYE4u7LdhoUXR-vjGv7jFF_YscloBWFkRO36TU0coOjrDqCSbyU_s_X-fHfJHyuqHnzZWkGPbOn8oMzwpF6FR0dy4d7QUUVvpwpNEKZEROMgnjS5szng8ZYcAUgsEu5HXSlI17Rbbjl_-F6oPM4zyERCzXVki94yxgU_hhMTwD&amp;__tn__=*NK-R\"><strong>#PatrimonioINAH<\/strong><\/a><\/p>\n<p style=\"text-align: center;\"><a href=\"https:\/\/www.facebook.com\/hashtag\/inahvirtual?__eep__=6&amp;__cft__%5b0%5d=AZVZnyH2eaPNvbD56J8v-lZo9HLoT0l5TLxtgm3nyUaWsxqYE4u7LdhoUXR-vjGv7jFF_YscloBWFkRO36TU0coOjrDqCSbyU_s_X-fHfJHyuqHnzZWkGPbOn8oMzwpF6FR0dy4d7QUUVvpwpNEKZEROMgnjS5szng8ZYcAUgsEu5HXSlI17Rbbjl_-F6oPM4zyERCzXVki94yxgU_hhMTwD&amp;__tn__=*NK-R\"><strong>#INAHVirtual<\/strong><\/a><\/p>\n<p>&nbsp;<\/p>\n<p><strong>DIRECCI\u00d3N DE ESTUDIOS HIST\u00d3RICOS \u2013 INAH<\/strong><br \/>\nAllende 172, esq. Ju\u00e1rez, col. Tlalpan Centro,<br \/>\nAlcald\u00eda Tlalpan, C.P. 14000, Ciudad de M\u00e9xico<br \/>\nTel.: 55 4166 0780 \/ 55 4166 0784<br \/>\n<a href=\"http:\/\/estudioshistoricos.inah.gob.mx\/\">http:\/\/estudioshistoricos.inah.gob.mx\/<\/a><\/p>\n<p>\u2014<\/p>\n<p><strong>Difusi\u00f3n DEH \u2013 INAH<\/strong><br \/>\nAllende 172, esq. Ju\u00e1rez, col. Tlalpan Centro,<br \/>\nAlcald\u00eda Tlalpan, C.P. 14000, Ciudad de M\u00e9xico<br \/>\nTel.: 55 4166 0780 \/ 55 4166 0784, ext. 411015<\/p>\n","protected":false},"excerpt":{"rendered":"<p>INSTITUTO DE INVESTIGACIONES DR. JOS\u00c9 MAR\u00cdA LUIS MORA DIRECCI\u00d3N DE ESTUDIOS HIST\u00d3RICOS A trav\u00e9s de la\u00a0Red Mexicana de Historia de la Fotograf\u00eda Invita a la charla: De unas fotograf\u00edas a un mural. Historia de un descubrimiento: los murales de la &#8220;Escuela Carlos A. Carrillo&#8221; &nbsp; &nbsp; Imparte: Mtra. Teresa Matabuena&#8230; <a class=\"continue-reading-link\" href=\"https:\/\/estudioshistoricos.inah.gob.mx\/?p=16817\">Seguir leyendo<\/a><\/p>\n","protected":false},"author":2,"featured_media":16819,"comment_status":"closed","ping_status":"closed","sticky":false,"template":"","format":"standard","meta":{"footnotes":""},"categories":[129,10],"tags":[],"class_list":["post-16817","post","type-post","status-publish","format-standard","has-post-thumbnail","hentry","category-129","category-agenda-historica"],"_links":{"self":[{"href":"https:\/\/estudioshistoricos.inah.gob.mx\/index.php?rest_route=\/wp\/v2\/posts\/16817","targetHints":{"allow":["GET"]}}],"collection":[{"href":"https:\/\/estudioshistoricos.inah.gob.mx\/index.php?rest_route=\/wp\/v2\/posts"}],"about":[{"href":"https:\/\/estudioshistoricos.inah.gob.mx\/index.php?rest_route=\/wp\/v2\/types\/post"}],"author":[{"embeddable":true,"href":"https:\/\/estudioshistoricos.inah.gob.mx\/index.php?rest_route=\/wp\/v2\/users\/2"}],"replies":[{"embeddable":true,"href":"https:\/\/estudioshistoricos.inah.gob.mx\/index.php?rest_route=%2Fwp%2Fv2%2Fcomments&post=16817"}],"version-history":[{"count":2,"href":"https:\/\/estudioshistoricos.inah.gob.mx\/index.php?rest_route=\/wp\/v2\/posts\/16817\/revisions"}],"predecessor-version":[{"id":16855,"href":"https:\/\/estudioshistoricos.inah.gob.mx\/index.php?rest_route=\/wp\/v2\/posts\/16817\/revisions\/16855"}],"wp:featuredmedia":[{"embeddable":true,"href":"https:\/\/estudioshistoricos.inah.gob.mx\/index.php?rest_route=\/wp\/v2\/media\/16819"}],"wp:attachment":[{"href":"https:\/\/estudioshistoricos.inah.gob.mx\/index.php?rest_route=%2Fwp%2Fv2%2Fmedia&parent=16817"}],"wp:term":[{"taxonomy":"category","embeddable":true,"href":"https:\/\/estudioshistoricos.inah.gob.mx\/index.php?rest_route=%2Fwp%2Fv2%2Fcategories&post=16817"},{"taxonomy":"post_tag","embeddable":true,"href":"https:\/\/estudioshistoricos.inah.gob.mx\/index.php?rest_route=%2Fwp%2Fv2%2Ftags&post=16817"}],"curies":[{"name":"wp","href":"https:\/\/api.w.org\/{rel}","templated":true}]}}