{"id":16821,"date":"2025-04-25T14:00:57","date_gmt":"2025-04-25T20:00:57","guid":{"rendered":"https:\/\/estudioshistoricos.inah.gob.mx\/?p=16821"},"modified":"2025-09-26T14:14:49","modified_gmt":"2025-09-26T20:14:49","slug":"diplomado-insurgencias-sociales-protestas-y-rebeliones-en-nueva-espana-y-mexico-siglos-xvi-xxi","status":"publish","type":"post","link":"https:\/\/estudioshistoricos.inah.gob.mx\/?p=16821","title":{"rendered":"DIPLOMADO  INSURGENCIAS SOCIALES, PROTESTAS Y REBELIONES EN NUEVA ESPA\u00d1A Y M\u00c9XICO, SIGLOS XVI-XXI"},"content":{"rendered":"<p style=\"text-align: center;\"><strong>INSTITUTO NACIONAL\u00a0DE\u00a0ANTROPOLOG\u00cdA E\u00a0HISTORIA<\/strong><br \/>\n<strong>DIRECCI\u00d3N\u00a0DE\u00a0ESTUDIOS HIST\u00d3RICOS<\/strong><\/p>\n<p style=\"text-align: center;\"><strong>*** C O N V O C A T O R I A ***<\/strong><\/p>\n<p style=\"text-align: center;\"><strong>DIPLOMADO<\/strong><\/p>\n<h3 style=\"text-align: center;\"><span style=\"color: #ad3234;\"><strong>INSURGENCIAS SOCIALES, PROTESTAS Y REBELIONES EN NUEVA ESPA\u00d1A Y M\u00c9XICO, SIGLOS XVI-XXI<\/strong><\/span><\/h3>\n<p>&nbsp;<\/p>\n<p><img loading=\"lazy\" decoding=\"async\" class=\"size-full wp-image-16822 aligncenter\" src=\"https:\/\/estudioshistoricos.inah.gob.mx\/wp-content\/uploads\/diplomado-Insurgencias-UNO.png\" alt=\"\" width=\"700\" height=\"876\" srcset=\"https:\/\/estudioshistoricos.inah.gob.mx\/wp-content\/uploads\/diplomado-Insurgencias-UNO.png 700w, https:\/\/estudioshistoricos.inah.gob.mx\/wp-content\/uploads\/diplomado-Insurgencias-UNO-240x300.png 240w, https:\/\/estudioshistoricos.inah.gob.mx\/wp-content\/uploads\/diplomado-Insurgencias-UNO-280x350.png 280w, https:\/\/estudioshistoricos.inah.gob.mx\/wp-content\/uploads\/diplomado-Insurgencias-UNO-120x150.png 120w\" sizes=\"auto, (max-width: 700px) 100vw, 700px\" \/><\/p>\n<p>&nbsp;<\/p>\n<p><strong><span style=\"color: #c70404;\">Dirigido a:<\/span>\u00a0<\/strong>estudiantes, acad\u00e9micos y p\u00fablico en general<\/p>\n<p><strong><span style=\"color: #c70404;\">Modalidad:<\/span>\u00a0<\/strong>en l\u00ednea por Zoom<\/p>\n<p><span style=\"color: #c70404;\"><strong>Horario:\u00a0<\/strong><\/span>todos los\u00a0<strong>JUEVES<\/strong>\u00a0de 17:00 a 19:30 h<\/p>\n<p><strong><span style=\"color: #c70404;\">Cupo L\u00edmite:<\/span>\u00a0<\/strong>50 personas<\/p>\n<p>&nbsp;<\/p>\n<p><span style=\"color: #c70404;\"><strong>ACTIVIDAD ACAD\u00c9MICA GRATUITA\u00a0<\/strong><\/span><\/p>\n<p>&nbsp;<\/p>\n<p><span style=\"color: #c70404;\"><strong>Fechas importantes:<\/strong><\/span><\/p>\n<p><span style=\"color: #c70404;\">\u00d8\u00a0<strong>Env\u00edo de documentaci\u00f3n para inscripci\u00f3n:<\/strong><\/span><br \/>\n12 de septiembre<\/p>\n<p><span style=\"color: #c70404;\">\u00d8\u00a0<strong>Comunicaci\u00f3n de participantes aceptados:<\/strong><\/span><br \/>\n19 de septiembre<\/p>\n<p><span style=\"color: #c70404;\">\u00d8\u00a0<strong>Reuni\u00f3n preparatoria con asistentes inscritos:<\/strong><\/span><br \/>\n23 septiembre, 17:00 hrs.<\/p>\n<p>\u00d8\u00a0<strong><span style=\"color: #c70404;\">Inicio de diplomado:<\/span>\u00a0<\/strong>25 de septiembre, 2025<\/p>\n<p>\u00d8\u00a0<span style=\"color: #c70404;\"><strong>\u00daltima sesi\u00f3n:\u00a0<\/strong><\/span>11 de junio, 2026<\/p>\n<p><span style=\"color: #c70404;\"><strong>Requisitos de inscripci\u00f3n:<\/strong><\/span><\/p>\n<ul>\n<li>Carta de exposici\u00f3n de motivos (1 cuartilla)<\/li>\n<li>S\u00edntesis curricular (1 cuartilla m\u00e1ximo)<\/li>\n<li>Datos de contacto: correo, tel\u00e9fono y lugar de residencia<\/li>\n<li>Contar con cuenta de Gmail<\/li>\n<\/ul>\n<p><span style=\"color: #c70404;\"><strong>Requisitos para obtener constancia:<\/strong><\/span><\/p>\n<ul>\n<li>80% m\u00ednimo de asistencia obligatoria<\/li>\n<li>1 evaluaci\u00f3n por m\u00f3dulo (lecturas y cuestionarios)<\/li>\n<\/ul>\n<p><span style=\"color: #c70404;\">Personas interesadas, enviar correo con documentaci\u00f3n<\/span><br \/>\n<span style=\"color: #c70404;\">a la cuenta:\u00a0<\/span><strong><a href=\"mailto:contemporanea.deh@inah.gob.mx\">contemporanea.deh@inah.gob.mx<\/a><\/strong><\/p>\n<p><strong><a href=\"mailto:colonial.deh@inah.gob.mx\">colonial.deh@inah.gob.mx<\/a><\/strong><\/p>\n<p><span style=\"color: #c70404;\"><strong>Coordinan:<\/strong><\/span><\/p>\n<p><strong>Antonio Armando Alvarado G\u00f3mez<\/strong><br \/>\n<strong>Felipe Alejandro de la Torre Hern\u00e1ndez<\/strong><br \/>\n<strong>Mar\u00eda Magdalena P\u00e9rez Alfaro<\/strong><\/p>\n<h4 style=\"text-align: center;\"><span style=\"color: #c70404;\"><strong>***PROGRAMA***<\/strong><\/span><\/h4>\n<p>[pdf-embedder url=&#8221;https:\/\/estudioshistoricos.inah.gob.mx\/wp-content\/uploads\/Programa-Diplomado-Insurgencias-25-de-sept.pdf&#8221; title=&#8221;Programa Diplomado Insurgencias 25 de sept&#8221;]<\/p>\n<p>[pdf-embedder url=&#8221;https:\/\/estudioshistoricos.inah.gob.mx\/wp-content\/uploads\/Programa-Diplomado-Insurgencias-25-de-sept.-dos.pdf&#8221; title=&#8221;Programa Diplomado Insurgencias 25 de sept. dos&#8221;]<\/p>\n<p>&nbsp;<\/p>\n<p style=\"text-align: center;\"><a href=\"http:\/\/www.mexicoescultura.com\/\"><strong>mexicoescultura.com<\/strong><\/a><\/p>\n<p style=\"text-align: center;\"><a href=\"https:\/\/www.facebook.com\/hashtag\/patrimonioinah?__eep__=6&amp;__cft__%5b0%5d=AZVZnyH2eaPNvbD56J8v-lZo9HLoT0l5TLxtgm3nyUaWsxqYE4u7LdhoUXR-vjGv7jFF_YscloBWFkRO36TU0coOjrDqCSbyU_s_X-fHfJHyuqHnzZWkGPbOn8oMzwpF6FR0dy4d7QUUVvpwpNEKZEROMgnjS5szng8ZYcAUgsEu5HXSlI17Rbbjl_-F6oPM4zyERCzXVki94yxgU_hhMTwD&amp;__tn__=*NK-R\"><strong>#PatrimonioINAH<\/strong><\/a><\/p>\n<p style=\"text-align: center;\"><a href=\"https:\/\/www.facebook.com\/hashtag\/inahvirtual?__eep__=6&amp;__cft__%5b0%5d=AZVZnyH2eaPNvbD56J8v-lZo9HLoT0l5TLxtgm3nyUaWsxqYE4u7LdhoUXR-vjGv7jFF_YscloBWFkRO36TU0coOjrDqCSbyU_s_X-fHfJHyuqHnzZWkGPbOn8oMzwpF6FR0dy4d7QUUVvpwpNEKZEROMgnjS5szng8ZYcAUgsEu5HXSlI17Rbbjl_-F6oPM4zyERCzXVki94yxgU_hhMTwD&amp;__tn__=*NK-R\"><strong>#INAHVirtual<\/strong><\/a><\/p>\n<p>&nbsp;<\/p>\n<p><strong>DIRECCI\u00d3N DE ESTUDIOS HIST\u00d3RICOS \u2013 INAH<\/strong><br \/>\nAllende 172, esq. Ju\u00e1rez, col. Tlalpan Centro,<br \/>\nAlcald\u00eda Tlalpan, C.P. 14000, Ciudad de M\u00e9xico<br \/>\nTel.: 55 4166 0780 \/ 55 4166 0784<br \/>\n<a href=\"http:\/\/estudioshistoricos.inah.gob.mx\/\">http:\/\/estudioshistoricos.inah.gob.mx\/<\/a><\/p>\n<p>\u2014<\/p>\n<p><strong>Difusi\u00f3n DEH \u2013 INAH<\/strong><br \/>\nAllende 172, esq. Ju\u00e1rez, col. Tlalpan Centro,<br \/>\nAlcald\u00eda Tlalpan, C.P. 14000, Ciudad de M\u00e9xico<br \/>\nTel.: 55 4166 0780 \/ 55 4166 0784, ext. 411015<\/p>\n<p>&nbsp;<\/p>\n<p>&nbsp;<\/p>\n","protected":false},"excerpt":{"rendered":"<p>INSTITUTO NACIONAL\u00a0DE\u00a0ANTROPOLOG\u00cdA E\u00a0HISTORIA DIRECCI\u00d3N\u00a0DE\u00a0ESTUDIOS HIST\u00d3RICOS *** C O N V O C A T O R I A *** DIPLOMADO INSURGENCIAS SOCIALES, PROTESTAS Y REBELIONES EN NUEVA ESPA\u00d1A Y M\u00c9XICO, SIGLOS XVI-XXI &nbsp; &nbsp; Dirigido a:\u00a0estudiantes, acad\u00e9micos y p\u00fablico en general Modalidad:\u00a0en l\u00ednea por Zoom Horario:\u00a0todos los\u00a0JUEVES\u00a0de 17:00 a 19:30&#8230; <a class=\"continue-reading-link\" href=\"https:\/\/estudioshistoricos.inah.gob.mx\/?p=16821\">Seguir leyendo<\/a><\/p>\n","protected":false},"author":2,"featured_media":16826,"comment_status":"closed","ping_status":"closed","sticky":false,"template":"","format":"standard","meta":{"footnotes":""},"categories":[129,10],"tags":[],"class_list":["post-16821","post","type-post","status-publish","format-standard","has-post-thumbnail","hentry","category-129","category-agenda-historica"],"_links":{"self":[{"href":"https:\/\/estudioshistoricos.inah.gob.mx\/index.php?rest_route=\/wp\/v2\/posts\/16821","targetHints":{"allow":["GET"]}}],"collection":[{"href":"https:\/\/estudioshistoricos.inah.gob.mx\/index.php?rest_route=\/wp\/v2\/posts"}],"about":[{"href":"https:\/\/estudioshistoricos.inah.gob.mx\/index.php?rest_route=\/wp\/v2\/types\/post"}],"author":[{"embeddable":true,"href":"https:\/\/estudioshistoricos.inah.gob.mx\/index.php?rest_route=\/wp\/v2\/users\/2"}],"replies":[{"embeddable":true,"href":"https:\/\/estudioshistoricos.inah.gob.mx\/index.php?rest_route=%2Fwp%2Fv2%2Fcomments&post=16821"}],"version-history":[{"count":1,"href":"https:\/\/estudioshistoricos.inah.gob.mx\/index.php?rest_route=\/wp\/v2\/posts\/16821\/revisions"}],"predecessor-version":[{"id":16827,"href":"https:\/\/estudioshistoricos.inah.gob.mx\/index.php?rest_route=\/wp\/v2\/posts\/16821\/revisions\/16827"}],"wp:featuredmedia":[{"embeddable":true,"href":"https:\/\/estudioshistoricos.inah.gob.mx\/index.php?rest_route=\/wp\/v2\/media\/16826"}],"wp:attachment":[{"href":"https:\/\/estudioshistoricos.inah.gob.mx\/index.php?rest_route=%2Fwp%2Fv2%2Fmedia&parent=16821"}],"wp:term":[{"taxonomy":"category","embeddable":true,"href":"https:\/\/estudioshistoricos.inah.gob.mx\/index.php?rest_route=%2Fwp%2Fv2%2Fcategories&post=16821"},{"taxonomy":"post_tag","embeddable":true,"href":"https:\/\/estudioshistoricos.inah.gob.mx\/index.php?rest_route=%2Fwp%2Fv2%2Ftags&post=16821"}],"curies":[{"name":"wp","href":"https:\/\/api.w.org\/{rel}","templated":true}]}}