{"id":16835,"date":"2025-04-25T10:45:15","date_gmt":"2025-04-25T16:45:15","guid":{"rendered":"https:\/\/estudioshistoricos.inah.gob.mx\/?p=16835"},"modified":"2025-09-11T11:44:40","modified_gmt":"2025-09-11T17:44:40","slug":"seminario-de-movimientos-sociales-memoria-e-historia-del-tiempo-presente-ciclo-2025-8","status":"publish","type":"post","link":"https:\/\/estudioshistoricos.inah.gob.mx\/?p=16835","title":{"rendered":"SEMINARIO\u00a0DE\u00a0MOVIMIENTOS\u00a0SOCIALES. MEMORIA\u00a0E\u00a0HISTORIA\u00a0DEL\u00a0TIEMPO\u00a0PRESENTE, CICLO 2025"},"content":{"rendered":"<p style=\"text-align: center;\"><strong>INSTITUTO NACIONAL\u00a0DE\u00a0ANTROPOLOG\u00cdA\u00a0E\u00a0HISTORIA<\/strong><br \/>\n<strong>DIRECCI\u00d3N\u00a0DE\u00a0ESTUDIOS HIST\u00d3RICOS<\/strong><br \/>\n<strong>SEMINARIO\u00a0DE\u00a0MOVIMIENTOS\u00a0SOCIALES.<\/strong><br \/>\n<strong>MEMORIA\u00a0E\u00a0HISTORIA\u00a0DEL\u00a0TIEMPO\u00a0PRESENTE, CICLO 2025<\/strong><\/p>\n<p style=\"text-align: center;\">Invitan a la sesi\u00f3n virtual n\u00famero 8<\/p>\n<h3 style=\"text-align: center;\"><span style=\"color: #000080;\"><strong>JES\u00daS D\u00cdAZ DE LE\u00d3N<\/strong><\/span><br \/>\n<span style=\"color: #000080;\">APUNTES PARA EL ESTUDIOS DE LA GESTI\u00d3N DEL PRIMER<\/span><br \/>\n<span style=\"color: #000080;\">\u201cL\u00cdDER CHARRO\u201d DEL SINDICATO FERROCARRILERO (1948-1951)<\/span><\/h3>\n<p style=\"text-align: center;\"><strong>Presenta:<\/strong><\/p>\n<h4 style=\"text-align: center;\"><span style=\"color: #a30707;\"><strong>Bruno Dami\u00e1n De Gante Ga\u00ednza<\/strong><\/span> | Investigador independiente<\/h4>\n<p>&nbsp;<\/p>\n<p><img loading=\"lazy\" decoding=\"async\" class=\"size-full wp-image-16837 aligncenter\" src=\"https:\/\/estudioshistoricos.inah.gob.mx\/wp-content\/uploads\/Seminario-de-Movimientos-Sociales-9-de-sept-UNO.png\" alt=\"\" width=\"700\" height=\"875\" srcset=\"https:\/\/estudioshistoricos.inah.gob.mx\/wp-content\/uploads\/Seminario-de-Movimientos-Sociales-9-de-sept-UNO.png 700w, https:\/\/estudioshistoricos.inah.gob.mx\/wp-content\/uploads\/Seminario-de-Movimientos-Sociales-9-de-sept-UNO-240x300.png 240w, https:\/\/estudioshistoricos.inah.gob.mx\/wp-content\/uploads\/Seminario-de-Movimientos-Sociales-9-de-sept-UNO-280x350.png 280w, https:\/\/estudioshistoricos.inah.gob.mx\/wp-content\/uploads\/Seminario-de-Movimientos-Sociales-9-de-sept-UNO-120x150.png 120w\" sizes=\"auto, (max-width: 700px) 100vw, 700px\" \/><\/p>\n<p>&nbsp;<\/p>\n<p><span style=\"color: #ff9900;\"><strong>Coordinan:<\/strong><\/span><\/p>\n<h4><strong>Mar\u00eda Magdalena P\u00e9rez Alfaro<\/strong><br \/>\n<strong>C\u00e9sar\u00a0E. Valdez Ch\u00e1vez<\/strong><br \/>\nDEH-INAH<\/h4>\n<p>&nbsp;<\/p>\n<p><strong>Martes 9 de septiembre, 16:00 hrs.<\/strong><\/p>\n<p><strong>Videoconferencia Zoom<\/strong><\/p>\n<p><span style=\"color: #ff9900;\"><strong>Inscripciones para participar\u00a0en la sesi\u00f3n y recibir\u00a0el texto:<\/strong><\/span><br \/>\n<strong><u><a href=\"mailto:magdalena_perez@inah.gob.mx\">magdalena_perez@inah.gob.mx<\/a><\/u><\/strong><br \/>\n<strong><u><a href=\"mailto:seminario.tpresente.deh@gmail.com\">seminario.tpresente.deh@gmail.com<\/a><\/u><\/strong><\/p>\n<p>&nbsp;<\/p>\n<p><span style=\"color: #a30707;\"><strong>Cupo limitado a 110 personas<\/strong><\/span><\/p>\n<p>&nbsp;<\/p>\n<p style=\"text-align: center;\"><a href=\"http:\/\/www.mexicoescultura.com\/\"><strong>mexicoescultura.com<\/strong><\/a><\/p>\n<p style=\"text-align: center;\"><a href=\"https:\/\/www.facebook.com\/hashtag\/patrimonioinah?__eep__=6&amp;__cft__%5b0%5d=AZVZnyH2eaPNvbD56J8v-lZo9HLoT0l5TLxtgm3nyUaWsxqYE4u7LdhoUXR-vjGv7jFF_YscloBWFkRO36TU0coOjrDqCSbyU_s_X-fHfJHyuqHnzZWkGPbOn8oMzwpF6FR0dy4d7QUUVvpwpNEKZEROMgnjS5szng8ZYcAUgsEu5HXSlI17Rbbjl_-F6oPM4zyERCzXVki94yxgU_hhMTwD&amp;__tn__=*NK-R\"><strong>#PatrimonioINAH<\/strong><\/a><\/p>\n<p style=\"text-align: center;\"><a href=\"https:\/\/www.facebook.com\/hashtag\/inahvirtual?__eep__=6&amp;__cft__%5b0%5d=AZVZnyH2eaPNvbD56J8v-lZo9HLoT0l5TLxtgm3nyUaWsxqYE4u7LdhoUXR-vjGv7jFF_YscloBWFkRO36TU0coOjrDqCSbyU_s_X-fHfJHyuqHnzZWkGPbOn8oMzwpF6FR0dy4d7QUUVvpwpNEKZEROMgnjS5szng8ZYcAUgsEu5HXSlI17Rbbjl_-F6oPM4zyERCzXVki94yxgU_hhMTwD&amp;__tn__=*NK-R\"><strong>#INAHVirtual<\/strong><\/a><\/p>\n<p>&nbsp;<\/p>\n<p><strong>DIRECCI\u00d3N DE ESTUDIOS HIST\u00d3RICOS \u2013 INAH<\/strong><br \/>\nAllende 172, esq. Ju\u00e1rez, col. Tlalpan Centro,<br \/>\nAlcald\u00eda Tlalpan, C.P. 14000, Ciudad de M\u00e9xico<br \/>\nTel.: 55 4166 0780 \/ 55 4166 0784<br \/>\n<a href=\"http:\/\/estudioshistoricos.inah.gob.mx\/\">http:\/\/estudioshistoricos.inah.gob.mx\/<\/a><\/p>\n<p>\u2014<\/p>\n<p><strong>Difusi\u00f3n DEH \u2013 INAH<\/strong><br \/>\nAllende 172, esq. Ju\u00e1rez, col. Tlalpan Centro,<br \/>\nAlcald\u00eda Tlalpan, C.P. 14000, Ciudad de M\u00e9xico<br \/>\nTel.: 55 4166 0780 \/ 55 4166 0784, ext. 411015<\/p>\n<p>&nbsp;<\/p>\n","protected":false},"excerpt":{"rendered":"<p>INSTITUTO NACIONAL\u00a0DE\u00a0ANTROPOLOG\u00cdA\u00a0E\u00a0HISTORIA DIRECCI\u00d3N\u00a0DE\u00a0ESTUDIOS HIST\u00d3RICOS SEMINARIO\u00a0DE\u00a0MOVIMIENTOS\u00a0SOCIALES. MEMORIA\u00a0E\u00a0HISTORIA\u00a0DEL\u00a0TIEMPO\u00a0PRESENTE, CICLO 2025 Invitan a la sesi\u00f3n virtual n\u00famero 8 JES\u00daS D\u00cdAZ DE LE\u00d3N APUNTES PARA EL ESTUDIOS DE LA GESTI\u00d3N DEL PRIMER \u201cL\u00cdDER CHARRO\u201d DEL SINDICATO FERROCARRILERO (1948-1951) Presenta: Bruno Dami\u00e1n De Gante Ga\u00ednza | Investigador independiente &nbsp; &nbsp; Coordinan: Mar\u00eda Magdalena P\u00e9rez Alfaro&#8230; <a class=\"continue-reading-link\" href=\"https:\/\/estudioshistoricos.inah.gob.mx\/?p=16835\">Seguir leyendo<\/a><\/p>\n","protected":false},"author":2,"featured_media":16836,"comment_status":"closed","ping_status":"closed","sticky":false,"template":"","format":"standard","meta":{"footnotes":""},"categories":[129,10],"tags":[],"class_list":["post-16835","post","type-post","status-publish","format-standard","has-post-thumbnail","hentry","category-129","category-agenda-historica"],"_links":{"self":[{"href":"https:\/\/estudioshistoricos.inah.gob.mx\/index.php?rest_route=\/wp\/v2\/posts\/16835","targetHints":{"allow":["GET"]}}],"collection":[{"href":"https:\/\/estudioshistoricos.inah.gob.mx\/index.php?rest_route=\/wp\/v2\/posts"}],"about":[{"href":"https:\/\/estudioshistoricos.inah.gob.mx\/index.php?rest_route=\/wp\/v2\/types\/post"}],"author":[{"embeddable":true,"href":"https:\/\/estudioshistoricos.inah.gob.mx\/index.php?rest_route=\/wp\/v2\/users\/2"}],"replies":[{"embeddable":true,"href":"https:\/\/estudioshistoricos.inah.gob.mx\/index.php?rest_route=%2Fwp%2Fv2%2Fcomments&post=16835"}],"version-history":[{"count":2,"href":"https:\/\/estudioshistoricos.inah.gob.mx\/index.php?rest_route=\/wp\/v2\/posts\/16835\/revisions"}],"predecessor-version":[{"id":16839,"href":"https:\/\/estudioshistoricos.inah.gob.mx\/index.php?rest_route=\/wp\/v2\/posts\/16835\/revisions\/16839"}],"wp:featuredmedia":[{"embeddable":true,"href":"https:\/\/estudioshistoricos.inah.gob.mx\/index.php?rest_route=\/wp\/v2\/media\/16836"}],"wp:attachment":[{"href":"https:\/\/estudioshistoricos.inah.gob.mx\/index.php?rest_route=%2Fwp%2Fv2%2Fmedia&parent=16835"}],"wp:term":[{"taxonomy":"category","embeddable":true,"href":"https:\/\/estudioshistoricos.inah.gob.mx\/index.php?rest_route=%2Fwp%2Fv2%2Fcategories&post=16835"},{"taxonomy":"post_tag","embeddable":true,"href":"https:\/\/estudioshistoricos.inah.gob.mx\/index.php?rest_route=%2Fwp%2Fv2%2Ftags&post=16835"}],"curies":[{"name":"wp","href":"https:\/\/api.w.org\/{rel}","templated":true}]}}