{"id":16845,"date":"2025-04-25T13:00:16","date_gmt":"2025-04-25T19:00:16","guid":{"rendered":"https:\/\/estudioshistoricos.inah.gob.mx\/?p=16845"},"modified":"2025-09-26T14:10:12","modified_gmt":"2025-09-26T20:10:12","slug":"ii-coloquio-de-historia-del-tiempo-presente-2025-en-conmemoracion-del-60-aniversario-del-asalto-al-cuartel-madera-chihuahua","status":"publish","type":"post","link":"https:\/\/estudioshistoricos.inah.gob.mx\/?p=16845","title":{"rendered":"II COLOQUIO DE HISTORIA DEL TIEMPO PRESENTE 2025. EN CONMEMORACI\u00d3N DEL 60 ANIVERSARIO DEL ASALTO AL CUARTEL MADERA, CHIHUAHUA"},"content":{"rendered":"<p style=\"text-align: center;\"><strong>INSTITUTO NACIONAL DE ANTROPOLOG\u00cdA E HISTORIA<\/strong><br \/>\n<strong>DIRECCI\u00d3N DE ESTUDIOS HIST\u00d3RICOS<\/strong><\/p>\n<p style=\"text-align: center;\">Le hacen una cordial invitaci\u00f3n para que asista al<\/p>\n<h3 style=\"text-align: center;\"><strong><span style=\"color: #8f1818;\">II COLOQUIO DE HISTORIA DEL TIEMPO PRESENTE <\/span><span style=\"color: #800080;\">2025<\/span><\/strong><br \/>\nEN CONMEMORACI\u00d3N DEL 60 ANIVERSARIO DEL ASALTO AL CUARTEL MADERA, CHIHUAHUA<\/h3>\n<p style=\"text-align: center;\"><strong>Del lunes 22 al jueves 25 de septiembre<\/strong><\/p>\n<p>&nbsp;<\/p>\n<p><img loading=\"lazy\" decoding=\"async\" class=\"size-full wp-image-16846 aligncenter\" src=\"https:\/\/estudioshistoricos.inah.gob.mx\/wp-content\/uploads\/II-Coloquio-Historia-del-tiempo-del-22-al-25-de-sept-UNO.png\" alt=\"\" width=\"700\" height=\"875\" srcset=\"https:\/\/estudioshistoricos.inah.gob.mx\/wp-content\/uploads\/II-Coloquio-Historia-del-tiempo-del-22-al-25-de-sept-UNO.png 700w, https:\/\/estudioshistoricos.inah.gob.mx\/wp-content\/uploads\/II-Coloquio-Historia-del-tiempo-del-22-al-25-de-sept-UNO-240x300.png 240w, https:\/\/estudioshistoricos.inah.gob.mx\/wp-content\/uploads\/II-Coloquio-Historia-del-tiempo-del-22-al-25-de-sept-UNO-280x350.png 280w, https:\/\/estudioshistoricos.inah.gob.mx\/wp-content\/uploads\/II-Coloquio-Historia-del-tiempo-del-22-al-25-de-sept-UNO-120x150.png 120w\" sizes=\"auto, (max-width: 700px) 100vw, 700px\" \/><\/p>\n<p>&nbsp;<\/p>\n<p><strong>Sala de Usos M\u00faltiples, DEH-INAH<\/strong><\/p>\n<p><strong>Transmisi\u00f3n en vivo por el canal de YouTube de la<\/strong><br \/>\n<strong>Coordinaci\u00f3n Nacional de Antropolog\u00eda<\/strong><\/p>\n<p><strong><a href=\"https:\/\/www.youtube.com\/@antropologiacnan\">https:\/\/www.youtube.com\/@antropologiacnan<\/a><\/strong><\/p>\n<p>&nbsp;<\/p>\n<p style=\"text-align: center;\"><span style=\"color: #800080;\"><strong>PROGRAMA<\/strong><\/span><\/p>\n<p>[pdf-embedder url=&#8221;https:\/\/estudioshistoricos.inah.gob.mx\/wp-content\/uploads\/II-Coloquio-Historia-del-tiempo-del-22-al-25-de-sept-programa-1.pdf&#8221; title=&#8221;II Coloquio Historia del tiempo del 22 al 25 de sept programa 1&#8243;]<\/p>\n<p>&nbsp;<\/p>\n<p>[pdf-embedder url=&#8221;https:\/\/estudioshistoricos.inah.gob.mx\/wp-content\/uploads\/II-Coloquio-Historia-del-tiempo-del-22-al-25-de-sept-programa-2.pdf&#8221; title=&#8221;II Coloquio Historia del tiempo del 22 al 25 de sept programa 2&#8243;]<\/p>\n<p>&nbsp;<\/p>\n<p>&nbsp;<\/p>\n<p><span style=\"color: #800080;\"><strong>Lunes 22 de septiembre, 9:00 hrs. a 15:00 hrs.<\/strong><\/span><\/p>\n<p><span style=\"color: #8f1818;\"><strong>Inauguraci\u00f3n y conferencia magistral<\/strong><\/span><\/p>\n<p><strong><a href=\"https:\/\/www.youtube.com\/live\/MRUrqiYTU_0?si=zb4TsRMu4QSSnZvQ\">https:\/\/www.youtube.com\/live\/MRUrqiYTU_0?si=zb4TsRMu4QSSnZvQ<\/a><\/strong><\/p>\n<p>&nbsp;<\/p>\n<p><span style=\"color: #800080;\"><strong>Martes 23 de septiembre, 10:00 a 15:00 hrs.<\/strong><\/span><\/p>\n<p><strong><a href=\"https:\/\/www.youtube.com\/live\/vLFvPzxAWUg?si=I1N3uz6dMYifjUR7\">https:\/\/www.youtube.com\/live\/vLFvPzxAWUg?si=I1N3uz6dMYifjUR7<\/a>\u00a0\u00a0<\/strong><\/p>\n<p>&nbsp;<\/p>\n<p><span style=\"color: #800080;\"><strong>Mi\u00e9rcoles 24 de septiembre, 10:00 a 15:00 hrs.<\/strong><\/span><\/p>\n<p><strong><a href=\"https:\/\/www.youtube.com\/live\/NOuzeW6SHMs?si=nAn9EjdGC4iB50oW\">https:\/\/www.youtube.com\/live\/NOuzeW6SHMs?si=nAn9EjdGC4iB50oW<\/a><\/strong><\/p>\n<p>&nbsp;<\/p>\n<p><span style=\"color: #800080;\"><strong>Jueves 25 de septiembre, de 10:00 a 15:00 hrs.<\/strong><\/span><\/p>\n<p><strong><a href=\"https:\/\/www.youtube.com\/live\/kvpTgykc3hw?si=rz0GEG1ZRanG9XKP\">https:\/\/www.youtube.com\/live\/kvpTgykc3hw?si=rz0GEG1ZRanG9XKP<\/a>\u00a0<\/strong><\/p>\n<p>&nbsp;<\/p>\n<p><strong><span style=\"color: #800080;\">Mayores informes en:<\/span>\u00a0<\/strong><strong><a href=\"mailto:seminario.tpresente.deh@inah.gob.mx\">seminario.tpresente.deh@inah.gob.mx<\/a><\/strong><\/p>\n<p>&nbsp;<\/p>\n<p><span style=\"color: #8f1818;\"><strong>Entrada libre<\/strong><\/span><\/p>\n<p>&nbsp;<\/p>\n<p style=\"text-align: center;\"><a href=\"http:\/\/www.mexicoescultura.com\/\"><strong>mexicoescultura.com<\/strong><\/a><\/p>\n<p style=\"text-align: center;\"><a href=\"https:\/\/www.facebook.com\/hashtag\/patrimonioinah?__eep__=6&amp;__cft__%5b0%5d=AZVZnyH2eaPNvbD56J8v-lZo9HLoT0l5TLxtgm3nyUaWsxqYE4u7LdhoUXR-vjGv7jFF_YscloBWFkRO36TU0coOjrDqCSbyU_s_X-fHfJHyuqHnzZWkGPbOn8oMzwpF6FR0dy4d7QUUVvpwpNEKZEROMgnjS5szng8ZYcAUgsEu5HXSlI17Rbbjl_-F6oPM4zyERCzXVki94yxgU_hhMTwD&amp;__tn__=*NK-R\"><strong>#PatrimonioINAH<\/strong><\/a><\/p>\n<p style=\"text-align: center;\"><a href=\"https:\/\/www.facebook.com\/hashtag\/inahvirtual?__eep__=6&amp;__cft__%5b0%5d=AZVZnyH2eaPNvbD56J8v-lZo9HLoT0l5TLxtgm3nyUaWsxqYE4u7LdhoUXR-vjGv7jFF_YscloBWFkRO36TU0coOjrDqCSbyU_s_X-fHfJHyuqHnzZWkGPbOn8oMzwpF6FR0dy4d7QUUVvpwpNEKZEROMgnjS5szng8ZYcAUgsEu5HXSlI17Rbbjl_-F6oPM4zyERCzXVki94yxgU_hhMTwD&amp;__tn__=*NK-R\"><strong>#INAHVirtual<\/strong><\/a><\/p>\n<p>&nbsp;<\/p>\n<p><strong>DIRECCI\u00d3N DE ESTUDIOS HIST\u00d3RICOS \u2013 INAH<\/strong><br \/>\nAllende 172, esq. Ju\u00e1rez, col. Tlalpan Centro,<br \/>\nAlcald\u00eda Tlalpan, C.P. 14000, Ciudad de M\u00e9xico<br \/>\nTel.: 55 4166 0780 \/ 55 4166 0784<br \/>\n<a href=\"http:\/\/estudioshistoricos.inah.gob.mx\/\">http:\/\/estudioshistoricos.inah.gob.mx\/<\/a><\/p>\n<p>\u2014<\/p>\n<p><strong>Difusi\u00f3n DEH \u2013 INAH<\/strong><br \/>\nAllende 172, esq. Ju\u00e1rez, col. Tlalpan Centro,<br \/>\nAlcald\u00eda Tlalpan, C.P. 14000, Ciudad de M\u00e9xico<br \/>\nTel.: 55 4166 0780 \/ 55 4166 0784, ext. 411015<\/p>\n","protected":false},"excerpt":{"rendered":"<p>INSTITUTO NACIONAL DE ANTROPOLOG\u00cdA E HISTORIA DIRECCI\u00d3N DE ESTUDIOS HIST\u00d3RICOS Le hacen una cordial invitaci\u00f3n para que asista al II COLOQUIO DE HISTORIA DEL TIEMPO PRESENTE 2025 EN CONMEMORACI\u00d3N DEL 60 ANIVERSARIO DEL ASALTO AL CUARTEL MADERA, CHIHUAHUA Del lunes 22 al jueves 25 de septiembre &nbsp; &nbsp; Sala de&#8230; <a class=\"continue-reading-link\" href=\"https:\/\/estudioshistoricos.inah.gob.mx\/?p=16845\">Seguir leyendo<\/a><\/p>\n","protected":false},"author":2,"featured_media":16848,"comment_status":"closed","ping_status":"closed","sticky":false,"template":"","format":"standard","meta":{"footnotes":""},"categories":[129,10],"tags":[],"class_list":["post-16845","post","type-post","status-publish","format-standard","has-post-thumbnail","hentry","category-129","category-agenda-historica"],"_links":{"self":[{"href":"https:\/\/estudioshistoricos.inah.gob.mx\/index.php?rest_route=\/wp\/v2\/posts\/16845","targetHints":{"allow":["GET"]}}],"collection":[{"href":"https:\/\/estudioshistoricos.inah.gob.mx\/index.php?rest_route=\/wp\/v2\/posts"}],"about":[{"href":"https:\/\/estudioshistoricos.inah.gob.mx\/index.php?rest_route=\/wp\/v2\/types\/post"}],"author":[{"embeddable":true,"href":"https:\/\/estudioshistoricos.inah.gob.mx\/index.php?rest_route=\/wp\/v2\/users\/2"}],"replies":[{"embeddable":true,"href":"https:\/\/estudioshistoricos.inah.gob.mx\/index.php?rest_route=%2Fwp%2Fv2%2Fcomments&post=16845"}],"version-history":[{"count":5,"href":"https:\/\/estudioshistoricos.inah.gob.mx\/index.php?rest_route=\/wp\/v2\/posts\/16845\/revisions"}],"predecessor-version":[{"id":16854,"href":"https:\/\/estudioshistoricos.inah.gob.mx\/index.php?rest_route=\/wp\/v2\/posts\/16845\/revisions\/16854"}],"wp:featuredmedia":[{"embeddable":true,"href":"https:\/\/estudioshistoricos.inah.gob.mx\/index.php?rest_route=\/wp\/v2\/media\/16848"}],"wp:attachment":[{"href":"https:\/\/estudioshistoricos.inah.gob.mx\/index.php?rest_route=%2Fwp%2Fv2%2Fmedia&parent=16845"}],"wp:term":[{"taxonomy":"category","embeddable":true,"href":"https:\/\/estudioshistoricos.inah.gob.mx\/index.php?rest_route=%2Fwp%2Fv2%2Fcategories&post=16845"},{"taxonomy":"post_tag","embeddable":true,"href":"https:\/\/estudioshistoricos.inah.gob.mx\/index.php?rest_route=%2Fwp%2Fv2%2Ftags&post=16845"}],"curies":[{"name":"wp","href":"https:\/\/api.w.org\/{rel}","templated":true}]}}