{"id":16863,"date":"2025-04-25T14:45:26","date_gmt":"2025-04-25T20:45:26","guid":{"rendered":"https:\/\/estudioshistoricos.inah.gob.mx\/?p=16863"},"modified":"2025-10-01T13:21:59","modified_gmt":"2025-10-01T19:21:59","slug":"septima-emision-seminario-estudio-del-patrimonio-fotografico-de-mexico-3","status":"publish","type":"post","link":"https:\/\/estudioshistoricos.inah.gob.mx\/?p=16863","title":{"rendered":"S\u00c9PTIMA EMISI\u00d3N. SEMINARIO ESTUDIO DEL PATRIMONIO FOTOGR\u00c1FICO DE M\u00c9XICO"},"content":{"rendered":"<p style=\"text-align: center;\"><strong>INSTITUTO NACIONAL DE ANTROPOLOG\u00cdA E HISTORIA<\/strong><br \/>\n<strong>FOTOTECA NACIONAL. SINAFO INAH<\/strong><br \/>\n<strong>DIRECCI\u00d3N DE ESTUDIOS HIST\u00d3RICOS<\/strong><\/p>\n<p style=\"text-align: center;\">Le hacen una cordial invitaci\u00f3n para que asista a la<\/p>\n<p style=\"text-align: center;\"><strong>S\u00c9PTIMA EMISI\u00d3N<\/strong><br \/>\n<strong>SEMINARIO ESTUDIO DEL PATRIMONIO FOTOGR\u00c1FICO DE M\u00c9XICO<\/strong><\/p>\n<p style=\"text-align: center;\"><span style=\"color: #ff6600;\"><strong>CICLO DE CONFERENCIAS<\/strong><\/span><br \/>\n<span style=\"color: #ff6600;\"><strong>MIGRACI\u00d3N E INTEGRACI\u00d3N<\/strong><\/span><\/p>\n<p><img loading=\"lazy\" decoding=\"async\" class=\"size-full wp-image-16865 aligncenter\" src=\"https:\/\/estudioshistoricos.inah.gob.mx\/wp-content\/uploads\/patrimonio-fotografico-30-de-sept-UNO.png\" alt=\"\" width=\"700\" height=\"395\" srcset=\"https:\/\/estudioshistoricos.inah.gob.mx\/wp-content\/uploads\/patrimonio-fotografico-30-de-sept-UNO.png 700w, https:\/\/estudioshistoricos.inah.gob.mx\/wp-content\/uploads\/patrimonio-fotografico-30-de-sept-UNO-300x169.png 300w, https:\/\/estudioshistoricos.inah.gob.mx\/wp-content\/uploads\/patrimonio-fotografico-30-de-sept-UNO-620x350.png 620w, https:\/\/estudioshistoricos.inah.gob.mx\/wp-content\/uploads\/patrimonio-fotografico-30-de-sept-UNO-150x85.png 150w\" sizes=\"auto, (max-width: 700px) 100vw, 700px\" \/><\/p>\n<p>&nbsp;<\/p>\n<h3 style=\"text-align: center;\"><span style=\"color: #2a4bad;\"><strong>Los documentos fotogr\u00e1ficos en el Centro Documentaci\u00f3n de Documentaci\u00f3n e Investigaci\u00f3n Jud\u00edo de M\u00e9xico<\/strong><\/span><\/h3>\n<p style=\"text-align: center;\"><span style=\"color: #ff6600;\">Presenta:<\/span><\/p>\n<h4 style=\"text-align: center;\"><span style=\"color: #ff6600;\"><strong>Tessy Schlosser<\/strong> | CDIJUM<\/span><\/h4>\n<p><span style=\"color: #ff6600;\">Comenta:<\/span>\u00a0<strong>Adriana Konzevik<\/strong><\/p>\n<p><strong>Martes 30 de septiembre, 17:00 hrs.<\/strong><\/p>\n<p>&nbsp;<\/p>\n<p><span style=\"color: #ff6600;\"><strong>Transmisi\u00f3n por INAH TV<\/strong><\/span><\/p>\n<p><div class=\"ose-youtube ose-uid-4f5ee838c98817ee83a33f6010b8b498 ose-embedpress-responsive\" style=\"width:600px; height:550px; max-height:550px; max-width:100%; display:inline-block;\" data-embed-type=\"Youtube\"><iframe loading=\"lazy\" allowFullScreen=\"true\" title=\"&quot;Los documentos fotogr\u00e1ficos en el Centro de Documentaciones e Investigaci\u00f3n Jud\u00edo de Mexico&quot;\" width=\"600\" height=\"550\" src=\"https:\/\/www.youtube.com\/embed\/MteBwnxyIuc?feature=oembed&color=red&rel=0&controls=1&start=&end=&fs=0&iv_load_policy=0&autoplay=0&mute=0&modestbranding=0&cc_load_policy=1&playsinline=1\" frameborder=\"0\" allow=\"accelerometer; encrypted-media;accelerometer;autoplay;clipboard-write;gyroscope;picture-in-picture clipboard-write; encrypted-media; gyroscope; picture-in-picture; web-share\" referrerpolicy=\"strict-origin-when-cross-origin\" allowfullscreen><\/iframe><\/div><\/p>\n<p>&nbsp;<\/p>\n<p><span style=\"color: #ff6600;\">Informes:\u00a0<\/span><a href=\"mailto:seminario_fotografico@inah.gob.mx\">seminario_fotografico@inah.gob.mx<\/a><\/p>\n<p>&nbsp;<\/p>\n<p style=\"text-align: center;\"><a href=\"http:\/\/www.mexicoescultura.com\/\"><strong>mexicoescultura.com<\/strong><\/a><\/p>\n<p style=\"text-align: center;\"><a href=\"https:\/\/www.facebook.com\/hashtag\/patrimonioinah?__eep__=6&amp;__cft__%5b0%5d=AZVZnyH2eaPNvbD56J8v-lZo9HLoT0l5TLxtgm3nyUaWsxqYE4u7LdhoUXR-vjGv7jFF_YscloBWFkRO36TU0coOjrDqCSbyU_s_X-fHfJHyuqHnzZWkGPbOn8oMzwpF6FR0dy4d7QUUVvpwpNEKZEROMgnjS5szng8ZYcAUgsEu5HXSlI17Rbbjl_-F6oPM4zyERCzXVki94yxgU_hhMTwD&amp;__tn__=*NK-R\"><strong>#PatrimonioINAH<\/strong><\/a><\/p>\n<p style=\"text-align: center;\"><a href=\"https:\/\/www.facebook.com\/hashtag\/inahvirtual?__eep__=6&amp;__cft__%5b0%5d=AZVZnyH2eaPNvbD56J8v-lZo9HLoT0l5TLxtgm3nyUaWsxqYE4u7LdhoUXR-vjGv7jFF_YscloBWFkRO36TU0coOjrDqCSbyU_s_X-fHfJHyuqHnzZWkGPbOn8oMzwpF6FR0dy4d7QUUVvpwpNEKZEROMgnjS5szng8ZYcAUgsEu5HXSlI17Rbbjl_-F6oPM4zyERCzXVki94yxgU_hhMTwD&amp;__tn__=*NK-R\"><strong>#INAHVirtual<\/strong><\/a><\/p>\n<p>&nbsp;<\/p>\n<p><strong>DIRECCI\u00d3N DE ESTUDIOS HIST\u00d3RICOS \u2013 INAH<\/strong><br \/>\nAllende 172, esq. Ju\u00e1rez, col. Tlalpan Centro,<br \/>\nAlcald\u00eda Tlalpan, C.P. 14000, Ciudad de M\u00e9xico<br \/>\nTel.: 55 4166 0780 \/ 55 4166 0784<br \/>\n<a href=\"http:\/\/estudioshistoricos.inah.gob.mx\/\">http:\/\/estudioshistoricos.inah.gob.mx\/<\/a><\/p>\n<p>\u2014<\/p>\n<p><strong>Difusi\u00f3n DEH \u2013 INAH<\/strong><br \/>\nAllende 172, esq. Ju\u00e1rez, col. Tlalpan Centro,<br \/>\nAlcald\u00eda Tlalpan, C.P. 14000, Ciudad de M\u00e9xico<br \/>\nTel.: 55 4166 0780 \/ 55 4166 0784, ext. 411015<\/p>\n","protected":false},"excerpt":{"rendered":"<p>INSTITUTO NACIONAL DE ANTROPOLOG\u00cdA E HISTORIA FOTOTECA NACIONAL. SINAFO INAH DIRECCI\u00d3N DE ESTUDIOS HIST\u00d3RICOS Le hacen una cordial invitaci\u00f3n para que asista a la S\u00c9PTIMA EMISI\u00d3N SEMINARIO ESTUDIO DEL PATRIMONIO FOTOGR\u00c1FICO DE M\u00c9XICO CICLO DE CONFERENCIAS MIGRACI\u00d3N E INTEGRACI\u00d3N &nbsp; Los documentos fotogr\u00e1ficos en el Centro Documentaci\u00f3n de Documentaci\u00f3n e&#8230; <a class=\"continue-reading-link\" href=\"https:\/\/estudioshistoricos.inah.gob.mx\/?p=16863\">Seguir leyendo<\/a><\/p>\n","protected":false},"author":2,"featured_media":16864,"comment_status":"closed","ping_status":"closed","sticky":false,"template":"","format":"standard","meta":{"footnotes":""},"categories":[129,10],"tags":[],"class_list":["post-16863","post","type-post","status-publish","format-standard","has-post-thumbnail","hentry","category-129","category-agenda-historica"],"_links":{"self":[{"href":"https:\/\/estudioshistoricos.inah.gob.mx\/index.php?rest_route=\/wp\/v2\/posts\/16863","targetHints":{"allow":["GET"]}}],"collection":[{"href":"https:\/\/estudioshistoricos.inah.gob.mx\/index.php?rest_route=\/wp\/v2\/posts"}],"about":[{"href":"https:\/\/estudioshistoricos.inah.gob.mx\/index.php?rest_route=\/wp\/v2\/types\/post"}],"author":[{"embeddable":true,"href":"https:\/\/estudioshistoricos.inah.gob.mx\/index.php?rest_route=\/wp\/v2\/users\/2"}],"replies":[{"embeddable":true,"href":"https:\/\/estudioshistoricos.inah.gob.mx\/index.php?rest_route=%2Fwp%2Fv2%2Fcomments&post=16863"}],"version-history":[{"count":3,"href":"https:\/\/estudioshistoricos.inah.gob.mx\/index.php?rest_route=\/wp\/v2\/posts\/16863\/revisions"}],"predecessor-version":[{"id":16868,"href":"https:\/\/estudioshistoricos.inah.gob.mx\/index.php?rest_route=\/wp\/v2\/posts\/16863\/revisions\/16868"}],"wp:featuredmedia":[{"embeddable":true,"href":"https:\/\/estudioshistoricos.inah.gob.mx\/index.php?rest_route=\/wp\/v2\/media\/16864"}],"wp:attachment":[{"href":"https:\/\/estudioshistoricos.inah.gob.mx\/index.php?rest_route=%2Fwp%2Fv2%2Fmedia&parent=16863"}],"wp:term":[{"taxonomy":"category","embeddable":true,"href":"https:\/\/estudioshistoricos.inah.gob.mx\/index.php?rest_route=%2Fwp%2Fv2%2Fcategories&post=16863"},{"taxonomy":"post_tag","embeddable":true,"href":"https:\/\/estudioshistoricos.inah.gob.mx\/index.php?rest_route=%2Fwp%2Fv2%2Ftags&post=16863"}],"curies":[{"name":"wp","href":"https:\/\/api.w.org\/{rel}","templated":true}]}}