{"id":16869,"date":"2025-04-25T12:15:33","date_gmt":"2025-04-25T18:15:33","guid":{"rendered":"https:\/\/estudioshistoricos.inah.gob.mx\/?p=16869"},"modified":"2025-09-22T13:11:17","modified_gmt":"2025-09-22T19:11:17","slug":"36-filah-feria-internacional-del-libro-de-antropologia-e-historia-derechos-de-diversidad-cultural-2","status":"publish","type":"post","link":"https:\/\/estudioshistoricos.inah.gob.mx\/?p=16869","title":{"rendered":"36\u00a0FILAH. FERIA INTERNACIONAL DEL LIBRO DE ANTROPOLOG\u00cdA E HISTORIA. Derechos de diversidad cultural"},"content":{"rendered":"<p style=\"text-align: center;\"><strong>36\u00a0FILAH<\/strong><br \/>\n<strong>FERIA INTERNACIONAL DEL LIBRO DE ANTROPOLOG\u00cdA E HISTORIA<\/strong><br \/>\n<strong>Derechos de diversidad cultural<\/strong><\/p>\n<p style=\"text-align: center;\">Le hace una cordial invitaci\u00f3n para que asista a la:<\/p>\n<p style=\"text-align: center;\"><strong>PRESENTACI\u00d3N DEL CAT\u00c1LOGO<\/strong><\/p>\n<h3 style=\"text-align: center;\"><span style=\"color: #274727;\"><strong>De pu\u00f1o y letra<\/strong><\/span><br \/>\n<span style=\"color: #274727;\">Correspondencia de Joaqu\u00edn Garc\u00eda Icazbalceta, 1844-1894<\/span><\/h3>\n<h4 style=\"text-align: center;\"><span style=\"color: #3e823e;\"><strong>Emma Rivas Mata y Edgar O. Guti\u00e9rrez<\/strong><\/span><br \/>\n<span style=\"color: #3e823e;\">(comps.)<\/span><\/h4>\n<p>&nbsp;<\/p>\n<p style=\"text-align: center;\"><img loading=\"lazy\" decoding=\"async\" class=\"size-full wp-image-16870 aligncenter\" src=\"https:\/\/estudioshistoricos.inah.gob.mx\/wp-content\/uploads\/Presentacion-del-catalogo-De-puno-y-letra-UNO.png\" alt=\"\" width=\"700\" height=\"700\" srcset=\"https:\/\/estudioshistoricos.inah.gob.mx\/wp-content\/uploads\/Presentacion-del-catalogo-De-puno-y-letra-UNO.png 700w, https:\/\/estudioshistoricos.inah.gob.mx\/wp-content\/uploads\/Presentacion-del-catalogo-De-puno-y-letra-UNO-300x300.png 300w, https:\/\/estudioshistoricos.inah.gob.mx\/wp-content\/uploads\/Presentacion-del-catalogo-De-puno-y-letra-UNO-150x150.png 150w, https:\/\/estudioshistoricos.inah.gob.mx\/wp-content\/uploads\/Presentacion-del-catalogo-De-puno-y-letra-UNO-350x350.png 350w\" sizes=\"auto, (max-width: 700px) 100vw, 700px\" \/><\/p>\n<p>&nbsp;<\/p>\n<p><span style=\"color: #ff0000;\"><strong>Participan:<\/strong><\/span><\/p>\n<h4><strong>Los compiladores<\/strong><\/h4>\n<p>&nbsp;<\/p>\n<p><strong>S\u00e1bado 20 de septiembre, 17:00 hrs.<\/strong><\/p>\n<p><strong>Museo Nacional de Antropolog\u00eda, Carpa 1<\/strong><\/p>\n<p><span style=\"color: #ff0000;\"><strong>Para mayor informaci\u00f3n:\u00a0<\/strong><\/span><\/p>\n<p><u><a href=\"https:\/\/www.feriadelibro.inah.gob.mx\/\">https:\/\/www.feriadelibro.inah.gob.mx\/<\/a><\/u><br \/>\n<u><a href=\"mailto:feriafilah@inah.gob.mx\">feriafilah@inah.gob.mx<\/a><\/u><\/p>\n<p>&nbsp;<\/p>\n<p><span style=\"color: #ff0000;\"><strong>ACTIVIDADES GRATUITAS<\/strong><\/span><\/p>\n<p>&nbsp;<\/p>\n<p><strong><u><a href=\"https:\/\/www.facebook.com\/MNAinah?__cft__%5b0%5d=AZU03z1Aqu5hLcEb6bmqR7I3jbcKyzvrUiiN_5NaOzhKL9hCjWQmRCVKrBcUwjVtlRHTMNC8fjZNEcxgcUbRscBKVrQ5BoshdQwV3oCYDvAcyXt_hEaKfq_fnLHHyhdEpizHaJcXOPKedanMvo3owkIX&amp;__tn__=-%5dK-R\">Museo Nacional de Antropolog\u00eda<\/a><\/u><\/strong><strong>\u00a0<\/strong><\/p>\n<p><strong>Paseo de la Reforma y Gandhi, col.\u00a0<\/strong><br \/>\n<strong>Chapultepec Polanco,\u00a0Ciudad de M\u00e9xico<\/strong><\/p>\n<p>&nbsp;<\/p>\n<p style=\"text-align: center;\"><a href=\"http:\/\/www.mexicoescultura.com\/\"><strong>mexicoescultura.com<\/strong><\/a><\/p>\n<p style=\"text-align: center;\"><a href=\"https:\/\/www.facebook.com\/hashtag\/patrimonioinah?__eep__=6&amp;__cft__%5b0%5d=AZVZnyH2eaPNvbD56J8v-lZo9HLoT0l5TLxtgm3nyUaWsxqYE4u7LdhoUXR-vjGv7jFF_YscloBWFkRO36TU0coOjrDqCSbyU_s_X-fHfJHyuqHnzZWkGPbOn8oMzwpF6FR0dy4d7QUUVvpwpNEKZEROMgnjS5szng8ZYcAUgsEu5HXSlI17Rbbjl_-F6oPM4zyERCzXVki94yxgU_hhMTwD&amp;__tn__=*NK-R\"><strong>#PatrimonioINAH<\/strong><\/a><\/p>\n<p style=\"text-align: center;\"><a href=\"https:\/\/www.facebook.com\/hashtag\/inahvirtual?__eep__=6&amp;__cft__%5b0%5d=AZVZnyH2eaPNvbD56J8v-lZo9HLoT0l5TLxtgm3nyUaWsxqYE4u7LdhoUXR-vjGv7jFF_YscloBWFkRO36TU0coOjrDqCSbyU_s_X-fHfJHyuqHnzZWkGPbOn8oMzwpF6FR0dy4d7QUUVvpwpNEKZEROMgnjS5szng8ZYcAUgsEu5HXSlI17Rbbjl_-F6oPM4zyERCzXVki94yxgU_hhMTwD&amp;__tn__=*NK-R\"><strong>#INAHVirtual<\/strong><\/a><\/p>\n<p>&nbsp;<\/p>\n<p><strong>DIRECCI\u00d3N DE ESTUDIOS HIST\u00d3RICOS \u2013 INAH<\/strong><br \/>\nAllende 172, esq. Ju\u00e1rez, col. Tlalpan Centro,<br \/>\nAlcald\u00eda Tlalpan, C.P. 14000, Ciudad de M\u00e9xico<br \/>\nTel.: 55 4166 0780 \/ 55 4166 0784<br \/>\n<a href=\"http:\/\/estudioshistoricos.inah.gob.mx\/\">http:\/\/estudioshistoricos.inah.gob.mx\/<\/a><\/p>\n<p>\u2014<\/p>\n<p><strong>Difusi\u00f3n DEH \u2013 INAH<\/strong><br \/>\nAllende 172, esq. Ju\u00e1rez, col. Tlalpan Centro,<br \/>\nAlcald\u00eda Tlalpan, C.P. 14000, Ciudad de M\u00e9xico<br \/>\nTel.: 55 4166 0780 \/ 55 4166 0784, ext. 411015<\/p>\n","protected":false},"excerpt":{"rendered":"<p>36\u00a0FILAH FERIA INTERNACIONAL DEL LIBRO DE ANTROPOLOG\u00cdA E HISTORIA Derechos de diversidad cultural Le hace una cordial invitaci\u00f3n para que asista a la: PRESENTACI\u00d3N DEL CAT\u00c1LOGO De pu\u00f1o y letra Correspondencia de Joaqu\u00edn Garc\u00eda Icazbalceta, 1844-1894 Emma Rivas Mata y Edgar O. Guti\u00e9rrez (comps.) &nbsp; &nbsp; Participan: Los compiladores &nbsp;&#8230; <a class=\"continue-reading-link\" href=\"https:\/\/estudioshistoricos.inah.gob.mx\/?p=16869\">Seguir leyendo<\/a><\/p>\n","protected":false},"author":2,"featured_media":16871,"comment_status":"closed","ping_status":"closed","sticky":false,"template":"","format":"standard","meta":{"footnotes":""},"categories":[129,10],"tags":[],"class_list":["post-16869","post","type-post","status-publish","format-standard","has-post-thumbnail","hentry","category-129","category-agenda-historica"],"_links":{"self":[{"href":"https:\/\/estudioshistoricos.inah.gob.mx\/index.php?rest_route=\/wp\/v2\/posts\/16869","targetHints":{"allow":["GET"]}}],"collection":[{"href":"https:\/\/estudioshistoricos.inah.gob.mx\/index.php?rest_route=\/wp\/v2\/posts"}],"about":[{"href":"https:\/\/estudioshistoricos.inah.gob.mx\/index.php?rest_route=\/wp\/v2\/types\/post"}],"author":[{"embeddable":true,"href":"https:\/\/estudioshistoricos.inah.gob.mx\/index.php?rest_route=\/wp\/v2\/users\/2"}],"replies":[{"embeddable":true,"href":"https:\/\/estudioshistoricos.inah.gob.mx\/index.php?rest_route=%2Fwp%2Fv2%2Fcomments&post=16869"}],"version-history":[{"count":1,"href":"https:\/\/estudioshistoricos.inah.gob.mx\/index.php?rest_route=\/wp\/v2\/posts\/16869\/revisions"}],"predecessor-version":[{"id":16872,"href":"https:\/\/estudioshistoricos.inah.gob.mx\/index.php?rest_route=\/wp\/v2\/posts\/16869\/revisions\/16872"}],"wp:featuredmedia":[{"embeddable":true,"href":"https:\/\/estudioshistoricos.inah.gob.mx\/index.php?rest_route=\/wp\/v2\/media\/16871"}],"wp:attachment":[{"href":"https:\/\/estudioshistoricos.inah.gob.mx\/index.php?rest_route=%2Fwp%2Fv2%2Fmedia&parent=16869"}],"wp:term":[{"taxonomy":"category","embeddable":true,"href":"https:\/\/estudioshistoricos.inah.gob.mx\/index.php?rest_route=%2Fwp%2Fv2%2Fcategories&post=16869"},{"taxonomy":"post_tag","embeddable":true,"href":"https:\/\/estudioshistoricos.inah.gob.mx\/index.php?rest_route=%2Fwp%2Fv2%2Ftags&post=16869"}],"curies":[{"name":"wp","href":"https:\/\/api.w.org\/{rel}","templated":true}]}}