{"id":16873,"date":"2025-04-25T12:00:27","date_gmt":"2025-04-25T18:00:27","guid":{"rendered":"https:\/\/estudioshistoricos.inah.gob.mx\/?p=16873"},"modified":"2025-09-22T13:08:51","modified_gmt":"2025-09-22T19:08:51","slug":"36-filah-feria-internacional-del-libro-de-antropologia-e-historia-derechos-de-diversidad-cultural-3","status":"publish","type":"post","link":"https:\/\/estudioshistoricos.inah.gob.mx\/?p=16873","title":{"rendered":"36\u00a0FILAH. FERIA INTERNACIONAL DEL LIBRO DE ANTROPOLOG\u00cdA E HISTORIA. Derechos de diversidad cultural"},"content":{"rendered":"<p style=\"text-align: center;\"><strong>36\u00a0FILAH<\/strong><br \/>\n<strong>FERIA INTERNACIONAL DEL LIBRO DE ANTROPOLOG\u00cdA E HISTORIA<\/strong><br \/>\n<strong>Derechos de diversidad cultural<\/strong><\/p>\n<p style=\"text-align: center;\">Le hace una cordial invitaci\u00f3n para que asista a la:<\/p>\n<p style=\"text-align: center;\"><strong>PRESENTACI\u00d3N DEL LIBRO<\/strong><\/p>\n<h3 style=\"text-align: center;\"><span style=\"color: #324232;\"><strong>El activismo jur\u00eddico conservador en la oposici\u00f3n y la formaci\u00f3n de una cultura ciudadana en la primera mitad del siglo XX<\/strong><\/span><\/h3>\n<h4 style=\"text-align: center;\"><span style=\"color: #427a42;\"><strong>Tania Hern\u00e1ndez Vicencio (coord.)<\/strong><\/span><\/h4>\n<p><img loading=\"lazy\" decoding=\"async\" class=\"size-full wp-image-16875 aligncenter\" src=\"https:\/\/estudioshistoricos.inah.gob.mx\/wp-content\/uploads\/Presentacion-del-libro-Activismo-Juridico-20-de-sept-UNO.png\" alt=\"\" width=\"700\" height=\"700\" srcset=\"https:\/\/estudioshistoricos.inah.gob.mx\/wp-content\/uploads\/Presentacion-del-libro-Activismo-Juridico-20-de-sept-UNO.png 700w, https:\/\/estudioshistoricos.inah.gob.mx\/wp-content\/uploads\/Presentacion-del-libro-Activismo-Juridico-20-de-sept-UNO-300x300.png 300w, https:\/\/estudioshistoricos.inah.gob.mx\/wp-content\/uploads\/Presentacion-del-libro-Activismo-Juridico-20-de-sept-UNO-150x150.png 150w, https:\/\/estudioshistoricos.inah.gob.mx\/wp-content\/uploads\/Presentacion-del-libro-Activismo-Juridico-20-de-sept-UNO-350x350.png 350w\" sizes=\"auto, (max-width: 700px) 100vw, 700px\" \/><\/p>\n<p>&nbsp;<\/p>\n<p><span style=\"color: #ff0000;\"><strong>Participan:<\/strong><\/span><\/p>\n<h4><strong>Gabriela Contreras P\u00e9rez y Ariadna Guerrero Medina<\/strong><\/h4>\n<p><strong>S\u00e1bado 20 de septiembre, 15:00 hrs.<\/strong><\/p>\n<p><strong>Museo Nacional de Antropolog\u00eda, Carpa 2<\/strong><\/p>\n<p>&nbsp;<\/p>\n<p><strong>Para mayor informaci\u00f3n:\u00a0<\/strong><\/p>\n<p><u><a href=\"https:\/\/www.feriadelibro.inah.gob.mx\/\">https:\/\/www.feriadelibro.inah.gob.mx\/<\/a><\/u><br \/>\n<u><a href=\"mailto:feriafilah@inah.gob.mx\">feriafilah@inah.gob.mx<\/a><\/u><\/p>\n<p>&nbsp;<\/p>\n<p><span style=\"color: #ff0000;\"><strong>ACTIVIDADES GRATUITAS<\/strong><\/span><\/p>\n<p>&nbsp;<\/p>\n<p>&nbsp;<\/p>\n<p><strong><u><a href=\"https:\/\/www.facebook.com\/MNAinah?__cft__%5b0%5d=AZU03z1Aqu5hLcEb6bmqR7I3jbcKyzvrUiiN_5NaOzhKL9hCjWQmRCVKrBcUwjVtlRHTMNC8fjZNEcxgcUbRscBKVrQ5BoshdQwV3oCYDvAcyXt_hEaKfq_fnLHHyhdEpizHaJcXOPKedanMvo3owkIX&amp;__tn__=-%5dK-R\">Museo Nacional de Antropolog\u00eda<\/a><\/u><\/strong><strong>\u00a0<\/strong><\/p>\n<p><strong>Paseo de la Reforma y Gandhi, col.\u00a0<\/strong><br \/>\n<strong>Chapultepec Polanco,\u00a0Ciudad de M\u00e9xico<\/strong><\/p>\n<p>&nbsp;<\/p>\n<p style=\"text-align: center;\"><a href=\"http:\/\/www.mexicoescultura.com\/\"><strong>mexicoescultura.com<\/strong><\/a><\/p>\n<p style=\"text-align: center;\"><a href=\"https:\/\/www.facebook.com\/hashtag\/patrimonioinah?__eep__=6&amp;__cft__%5b0%5d=AZVZnyH2eaPNvbD56J8v-lZo9HLoT0l5TLxtgm3nyUaWsxqYE4u7LdhoUXR-vjGv7jFF_YscloBWFkRO36TU0coOjrDqCSbyU_s_X-fHfJHyuqHnzZWkGPbOn8oMzwpF6FR0dy4d7QUUVvpwpNEKZEROMgnjS5szng8ZYcAUgsEu5HXSlI17Rbbjl_-F6oPM4zyERCzXVki94yxgU_hhMTwD&amp;__tn__=*NK-R\"><strong>#PatrimonioINAH<\/strong><\/a><\/p>\n<p style=\"text-align: center;\"><a href=\"https:\/\/www.facebook.com\/hashtag\/inahvirtual?__eep__=6&amp;__cft__%5b0%5d=AZVZnyH2eaPNvbD56J8v-lZo9HLoT0l5TLxtgm3nyUaWsxqYE4u7LdhoUXR-vjGv7jFF_YscloBWFkRO36TU0coOjrDqCSbyU_s_X-fHfJHyuqHnzZWkGPbOn8oMzwpF6FR0dy4d7QUUVvpwpNEKZEROMgnjS5szng8ZYcAUgsEu5HXSlI17Rbbjl_-F6oPM4zyERCzXVki94yxgU_hhMTwD&amp;__tn__=*NK-R\"><strong>#INAHVirtual<\/strong><\/a><\/p>\n<p>&nbsp;<\/p>\n<p><strong>DIRECCI\u00d3N DE ESTUDIOS HIST\u00d3RICOS \u2013 INAH<\/strong><br \/>\nAllende 172, esq. Ju\u00e1rez, col. Tlalpan Centro,<br \/>\nAlcald\u00eda Tlalpan, C.P. 14000, Ciudad de M\u00e9xico<br \/>\nTel.: 55 4166 0780 \/ 55 4166 0784<br \/>\n<a href=\"http:\/\/estudioshistoricos.inah.gob.mx\/\">http:\/\/estudioshistoricos.inah.gob.mx\/<\/a><\/p>\n<p>\u2014<\/p>\n<p><strong>Difusi\u00f3n DEH \u2013 INAH<\/strong><br \/>\nAllende 172, esq. Ju\u00e1rez, col. Tlalpan Centro,<br \/>\nAlcald\u00eda Tlalpan, C.P. 14000, Ciudad de M\u00e9xico<br \/>\nTel.: 55 4166 0780 \/ 55 4166 0784, ext. 411015<\/p>\n","protected":false},"excerpt":{"rendered":"<p>36\u00a0FILAH FERIA INTERNACIONAL DEL LIBRO DE ANTROPOLOG\u00cdA E HISTORIA Derechos de diversidad cultural Le hace una cordial invitaci\u00f3n para que asista a la: PRESENTACI\u00d3N DEL LIBRO El activismo jur\u00eddico conservador en la oposici\u00f3n y la formaci\u00f3n de una cultura ciudadana en la primera mitad del siglo XX Tania Hern\u00e1ndez Vicencio&#8230; <a class=\"continue-reading-link\" href=\"https:\/\/estudioshistoricos.inah.gob.mx\/?p=16873\">Seguir leyendo<\/a><\/p>\n","protected":false},"author":2,"featured_media":16874,"comment_status":"closed","ping_status":"closed","sticky":false,"template":"","format":"standard","meta":{"footnotes":""},"categories":[129,10],"tags":[],"class_list":["post-16873","post","type-post","status-publish","format-standard","has-post-thumbnail","hentry","category-129","category-agenda-historica"],"_links":{"self":[{"href":"https:\/\/estudioshistoricos.inah.gob.mx\/index.php?rest_route=\/wp\/v2\/posts\/16873","targetHints":{"allow":["GET"]}}],"collection":[{"href":"https:\/\/estudioshistoricos.inah.gob.mx\/index.php?rest_route=\/wp\/v2\/posts"}],"about":[{"href":"https:\/\/estudioshistoricos.inah.gob.mx\/index.php?rest_route=\/wp\/v2\/types\/post"}],"author":[{"embeddable":true,"href":"https:\/\/estudioshistoricos.inah.gob.mx\/index.php?rest_route=\/wp\/v2\/users\/2"}],"replies":[{"embeddable":true,"href":"https:\/\/estudioshistoricos.inah.gob.mx\/index.php?rest_route=%2Fwp%2Fv2%2Fcomments&post=16873"}],"version-history":[{"count":1,"href":"https:\/\/estudioshistoricos.inah.gob.mx\/index.php?rest_route=\/wp\/v2\/posts\/16873\/revisions"}],"predecessor-version":[{"id":16876,"href":"https:\/\/estudioshistoricos.inah.gob.mx\/index.php?rest_route=\/wp\/v2\/posts\/16873\/revisions\/16876"}],"wp:featuredmedia":[{"embeddable":true,"href":"https:\/\/estudioshistoricos.inah.gob.mx\/index.php?rest_route=\/wp\/v2\/media\/16874"}],"wp:attachment":[{"href":"https:\/\/estudioshistoricos.inah.gob.mx\/index.php?rest_route=%2Fwp%2Fv2%2Fmedia&parent=16873"}],"wp:term":[{"taxonomy":"category","embeddable":true,"href":"https:\/\/estudioshistoricos.inah.gob.mx\/index.php?rest_route=%2Fwp%2Fv2%2Fcategories&post=16873"},{"taxonomy":"post_tag","embeddable":true,"href":"https:\/\/estudioshistoricos.inah.gob.mx\/index.php?rest_route=%2Fwp%2Fv2%2Ftags&post=16873"}],"curies":[{"name":"wp","href":"https:\/\/api.w.org\/{rel}","templated":true}]}}