{"id":16881,"date":"2025-04-25T15:15:00","date_gmt":"2025-04-25T21:15:00","guid":{"rendered":"https:\/\/estudioshistoricos.inah.gob.mx\/?p=16881"},"modified":"2025-10-08T12:16:27","modified_gmt":"2025-10-08T18:16:27","slug":"presentacion-de-los-productos-editoriales-del-seminario-permanente-sobre-las-derechas-en-mexico-2025","status":"publish","type":"post","link":"https:\/\/estudioshistoricos.inah.gob.mx\/?p=16881","title":{"rendered":"PRESENTACI\u00d3N DE LOS PRODUCTOS EDITORIALES DEL SEMINARIO PERMANENTE SOBRE LAS DERECHAS EN M\u00c9XICO, 2025"},"content":{"rendered":"<p style=\"text-align: center;\"><strong>INSTITUTO NACIONAL DE ANTROPOLOG\u00cdA E HISTORIA<\/strong><br \/>\n<strong>DIRECCI\u00d3N DE ESTUDIOS HIST\u00d3RICOS<\/strong><\/p>\n<p style=\"text-align: center;\"><strong>***I N V I T A N ***<\/strong><\/p>\n<h3 style=\"text-align: center;\"><strong>PRESENTACI\u00d3N DE LOS PRODUCTOS EDITORIALES DEL<\/strong><br \/>\n<span style=\"color: #8f0606;\"><strong>SEMINARIO PERMANENTE SOBRE LAS DERECHAS EN M\u00c9XICO, 2025<\/strong><\/span><\/h3>\n<p><img loading=\"lazy\" decoding=\"async\" class=\"size-full wp-image-16882 aligncenter\" src=\"https:\/\/estudioshistoricos.inah.gob.mx\/wp-content\/uploads\/Presentaciones-editoriales-7-de-octubre-UNO.png\" alt=\"\" width=\"700\" height=\"875\" srcset=\"https:\/\/estudioshistoricos.inah.gob.mx\/wp-content\/uploads\/Presentaciones-editoriales-7-de-octubre-UNO.png 700w, https:\/\/estudioshistoricos.inah.gob.mx\/wp-content\/uploads\/Presentaciones-editoriales-7-de-octubre-UNO-240x300.png 240w, https:\/\/estudioshistoricos.inah.gob.mx\/wp-content\/uploads\/Presentaciones-editoriales-7-de-octubre-UNO-280x350.png 280w, https:\/\/estudioshistoricos.inah.gob.mx\/wp-content\/uploads\/Presentaciones-editoriales-7-de-octubre-UNO-120x150.png 120w\" sizes=\"auto, (max-width: 700px) 100vw, 700px\" \/><\/p>\n<p>&nbsp;<\/p>\n<p><span style=\"color: #8f0606;\"><strong>Coordina:<\/strong><\/span><\/p>\n<h4><strong>Tania Hern\u00e1ndez Vicencio<\/strong> | DEH-INAH<\/h4>\n<p>&nbsp;<\/p>\n<p><strong>Martes 7 de octubre, 17:00 hrs.<\/strong><\/p>\n<p>&nbsp;<\/p>\n<p><strong>Sala de Usos M\u00faltiples, DEH-INAH<\/strong><\/p>\n<p><strong>Transmisi\u00f3n por el canal de YouTube de la<\/strong><br \/>\n<strong>Coordinaci\u00f3n Nacional de Antropolog\u00eda<\/strong><\/p>\n<p><strong><a href=\"https:\/\/www.youtube.com\/@antropologiacnan\">https:\/\/www.youtube.com\/@antropologiacnan<\/a><\/strong><\/p>\n<p>&nbsp;<\/p>\n<h4 style=\"text-align: center;\"><span style=\"color: #8f0606;\"><strong>PROGRAMA<\/strong><\/span><\/h4>\n<p><img loading=\"lazy\" decoding=\"async\" class=\"size-full wp-image-16883 aligncenter\" src=\"https:\/\/estudioshistoricos.inah.gob.mx\/wp-content\/uploads\/Presentaciones-editoriales-7-de-octubre-Programa-UNO.png\" alt=\"\" width=\"700\" height=\"876\" srcset=\"https:\/\/estudioshistoricos.inah.gob.mx\/wp-content\/uploads\/Presentaciones-editoriales-7-de-octubre-Programa-UNO.png 700w, https:\/\/estudioshistoricos.inah.gob.mx\/wp-content\/uploads\/Presentaciones-editoriales-7-de-octubre-Programa-UNO-240x300.png 240w, https:\/\/estudioshistoricos.inah.gob.mx\/wp-content\/uploads\/Presentaciones-editoriales-7-de-octubre-Programa-UNO-280x350.png 280w, https:\/\/estudioshistoricos.inah.gob.mx\/wp-content\/uploads\/Presentaciones-editoriales-7-de-octubre-Programa-UNO-120x150.png 120w\" sizes=\"auto, (max-width: 700px) 100vw, 700px\" \/><\/p>\n<p>&nbsp;<\/p>\n<p><div class=\"ose-youtube ose-uid-02ae6bf90dcaea3c34386057b1708a4b ose-embedpress-responsive\" style=\"width:600px; height:550px; max-height:550px; max-width:100%; display:inline-block;\" data-embed-type=\"Youtube\"><iframe loading=\"lazy\" allowFullScreen=\"true\" title=\"7 de octubre de 2025. Presentaci\u00f3n de los productos editoriales del Seminario Permanente sobre...\" width=\"600\" height=\"550\" src=\"https:\/\/www.youtube.com\/embed\/cXuYQOaimf8?feature=oembed&color=red&rel=0&controls=1&start=&end=&fs=0&iv_load_policy=0&autoplay=0&mute=0&modestbranding=0&cc_load_policy=1&playsinline=1\" frameborder=\"0\" allow=\"accelerometer; encrypted-media;accelerometer;autoplay;clipboard-write;gyroscope;picture-in-picture clipboard-write; encrypted-media; gyroscope; picture-in-picture; web-share\" referrerpolicy=\"strict-origin-when-cross-origin\" allowfullscreen><\/iframe><\/div><\/p>\n<p>&nbsp;<\/p>\n<p><span style=\"color: #8f0606;\"><strong>Informes:<\/strong>\u00a0<\/span><a href=\"mailto:thernandez.deh@inah.gob.mx\">thernandez.deh@inah.gob.mx<\/a><\/p>\n<p>&nbsp;<\/p>\n<p style=\"text-align: center;\"><a href=\"http:\/\/www.mexicoescultura.com\/\"><strong>mexicoescultura.com<\/strong><\/a><\/p>\n<p style=\"text-align: center;\"><a href=\"https:\/\/www.facebook.com\/hashtag\/patrimonioinah?__eep__=6&amp;__cft__%5b0%5d=AZVZnyH2eaPNvbD56J8v-lZo9HLoT0l5TLxtgm3nyUaWsxqYE4u7LdhoUXR-vjGv7jFF_YscloBWFkRO36TU0coOjrDqCSbyU_s_X-fHfJHyuqHnzZWkGPbOn8oMzwpF6FR0dy4d7QUUVvpwpNEKZEROMgnjS5szng8ZYcAUgsEu5HXSlI17Rbbjl_-F6oPM4zyERCzXVki94yxgU_hhMTwD&amp;__tn__=*NK-R\"><strong>#PatrimonioINAH<\/strong><\/a><\/p>\n<p style=\"text-align: center;\"><a href=\"https:\/\/www.facebook.com\/hashtag\/inahvirtual?__eep__=6&amp;__cft__%5b0%5d=AZVZnyH2eaPNvbD56J8v-lZo9HLoT0l5TLxtgm3nyUaWsxqYE4u7LdhoUXR-vjGv7jFF_YscloBWFkRO36TU0coOjrDqCSbyU_s_X-fHfJHyuqHnzZWkGPbOn8oMzwpF6FR0dy4d7QUUVvpwpNEKZEROMgnjS5szng8ZYcAUgsEu5HXSlI17Rbbjl_-F6oPM4zyERCzXVki94yxgU_hhMTwD&amp;__tn__=*NK-R\"><strong>#INAHVirtual<\/strong><\/a><\/p>\n<p>&nbsp;<\/p>\n<p><strong>DIRECCI\u00d3N DE ESTUDIOS HIST\u00d3RICOS \u2013 INAH<\/strong><br \/>\nAllende 172, esq. Ju\u00e1rez, col. Tlalpan Centro,<br \/>\nAlcald\u00eda Tlalpan, C.P. 14000, Ciudad de M\u00e9xico<br \/>\nTel.: 55 4166 0780 \/ 55 4166 0784<br \/>\n<a href=\"http:\/\/estudioshistoricos.inah.gob.mx\/\">http:\/\/estudioshistoricos.inah.gob.mx\/<\/a><\/p>\n<p>\u2014<\/p>\n<p><strong>Difusi\u00f3n DEH \u2013 INAH<\/strong><br \/>\nAllende 172, esq. Ju\u00e1rez, col. Tlalpan Centro,<br \/>\nAlcald\u00eda Tlalpan, C.P. 14000, Ciudad de M\u00e9xico<br \/>\nTel.: 55 4166 0780 \/ 55 4166 0784, ext. 411015<\/p>\n","protected":false},"excerpt":{"rendered":"<p>INSTITUTO NACIONAL DE ANTROPOLOG\u00cdA E HISTORIA DIRECCI\u00d3N DE ESTUDIOS HIST\u00d3RICOS ***I N V I T A N *** PRESENTACI\u00d3N DE LOS PRODUCTOS EDITORIALES DEL SEMINARIO PERMANENTE SOBRE LAS DERECHAS EN M\u00c9XICO, 2025 &nbsp; Coordina: Tania Hern\u00e1ndez Vicencio | DEH-INAH &nbsp; Martes 7 de octubre, 17:00 hrs. &nbsp; Sala de Usos&#8230; <a class=\"continue-reading-link\" href=\"https:\/\/estudioshistoricos.inah.gob.mx\/?p=16881\">Seguir leyendo<\/a><\/p>\n","protected":false},"author":2,"featured_media":16884,"comment_status":"closed","ping_status":"closed","sticky":false,"template":"","format":"standard","meta":{"footnotes":""},"categories":[129,10],"tags":[],"class_list":["post-16881","post","type-post","status-publish","format-standard","has-post-thumbnail","hentry","category-129","category-agenda-historica"],"_links":{"self":[{"href":"https:\/\/estudioshistoricos.inah.gob.mx\/index.php?rest_route=\/wp\/v2\/posts\/16881","targetHints":{"allow":["GET"]}}],"collection":[{"href":"https:\/\/estudioshistoricos.inah.gob.mx\/index.php?rest_route=\/wp\/v2\/posts"}],"about":[{"href":"https:\/\/estudioshistoricos.inah.gob.mx\/index.php?rest_route=\/wp\/v2\/types\/post"}],"author":[{"embeddable":true,"href":"https:\/\/estudioshistoricos.inah.gob.mx\/index.php?rest_route=\/wp\/v2\/users\/2"}],"replies":[{"embeddable":true,"href":"https:\/\/estudioshistoricos.inah.gob.mx\/index.php?rest_route=%2Fwp%2Fv2%2Fcomments&post=16881"}],"version-history":[{"count":2,"href":"https:\/\/estudioshistoricos.inah.gob.mx\/index.php?rest_route=\/wp\/v2\/posts\/16881\/revisions"}],"predecessor-version":[{"id":16948,"href":"https:\/\/estudioshistoricos.inah.gob.mx\/index.php?rest_route=\/wp\/v2\/posts\/16881\/revisions\/16948"}],"wp:featuredmedia":[{"embeddable":true,"href":"https:\/\/estudioshistoricos.inah.gob.mx\/index.php?rest_route=\/wp\/v2\/media\/16884"}],"wp:attachment":[{"href":"https:\/\/estudioshistoricos.inah.gob.mx\/index.php?rest_route=%2Fwp%2Fv2%2Fmedia&parent=16881"}],"wp:term":[{"taxonomy":"category","embeddable":true,"href":"https:\/\/estudioshistoricos.inah.gob.mx\/index.php?rest_route=%2Fwp%2Fv2%2Fcategories&post=16881"},{"taxonomy":"post_tag","embeddable":true,"href":"https:\/\/estudioshistoricos.inah.gob.mx\/index.php?rest_route=%2Fwp%2Fv2%2Ftags&post=16881"}],"curies":[{"name":"wp","href":"https:\/\/api.w.org\/{rel}","templated":true}]}}