{"id":16886,"date":"2025-04-25T13:30:48","date_gmt":"2025-04-25T19:30:48","guid":{"rendered":"https:\/\/estudioshistoricos.inah.gob.mx\/?p=16886"},"modified":"2025-09-26T14:11:22","modified_gmt":"2025-09-26T20:11:22","slug":"36-filah-feria-internacional-del-libro-de-antropologia-e-historia-derechos-de-diversidad-cultural-5","status":"publish","type":"post","link":"https:\/\/estudioshistoricos.inah.gob.mx\/?p=16886","title":{"rendered":"36\u00a0FILAH. FERIA INTERNACIONAL DEL LIBRO DE ANTROPOLOG\u00cdA E HISTORIA. Derechos de diversidad cultural"},"content":{"rendered":"<p style=\"text-align: center;\"><strong><span style=\"color: #ff6600;\">36<\/span><span style=\"color: #99cc00;\">\u00a0FIL<\/span><span style=\"color: #ff0000;\">AH<\/span><\/strong><br \/>\n<strong>FERIA INTERNACIONAL DEL LIBRO DE ANTROPOLOG\u00cdA E HISTORIA<\/strong><br \/>\n<strong>Derechos de diversidad cultural<\/strong><\/p>\n<p style=\"text-align: center;\">Le hace una cordial invitaci\u00f3n para que asista a la presentaci\u00f3n del libro<\/p>\n<h3 style=\"text-align: center;\"><span style=\"color: #003366;\"><strong>Semillas de memorias.<\/strong><\/span><br \/>\n<span style=\"color: #003366;\"><strong>El frijol en tierras mexicanas<\/strong><\/span><\/h3>\n<p>&nbsp;<\/p>\n<p style=\"text-align: center;\"><img loading=\"lazy\" decoding=\"async\" class=\"size-full wp-image-16888 aligncenter\" src=\"https:\/\/estudioshistoricos.inah.gob.mx\/wp-content\/uploads\/Presentacion-del-libro-Semillas-de-memorias-25-de-sept-UNO.png\" alt=\"\" width=\"700\" height=\"973\" srcset=\"https:\/\/estudioshistoricos.inah.gob.mx\/wp-content\/uploads\/Presentacion-del-libro-Semillas-de-memorias-25-de-sept-UNO.png 700w, https:\/\/estudioshistoricos.inah.gob.mx\/wp-content\/uploads\/Presentacion-del-libro-Semillas-de-memorias-25-de-sept-UNO-216x300.png 216w, https:\/\/estudioshistoricos.inah.gob.mx\/wp-content\/uploads\/Presentacion-del-libro-Semillas-de-memorias-25-de-sept-UNO-252x350.png 252w, https:\/\/estudioshistoricos.inah.gob.mx\/wp-content\/uploads\/Presentacion-del-libro-Semillas-de-memorias-25-de-sept-UNO-108x150.png 108w\" sizes=\"auto, (max-width: 700px) 100vw, 700px\" \/><\/p>\n<p>&nbsp;<\/p>\n<h4 style=\"text-align: center;\"><strong>de Clementina Battcock, Elizabeth Casanova,\u00a0<\/strong><br \/>\n<strong>Ma. de Lourdes Zaragoza Mart\u00ednez<\/strong><\/h4>\n<p>&nbsp;<\/p>\n<p><strong>Jueves 25 de septiembre, 14:00 hrs.<\/strong><\/p>\n<p>&nbsp;<\/p>\n<p><strong>Carpa 2 | Modalidad presencial<\/strong><\/p>\n<p><span style=\"color: #ff0000;\"><strong>ACTIVIDADES GRATUITAS<\/strong><\/span><\/p>\n<p>&nbsp;<\/p>\n<p><strong><u><a href=\"https:\/\/www.facebook.com\/MNAinah?__cft__%5b0%5d=AZU03z1Aqu5hLcEb6bmqR7I3jbcKyzvrUiiN_5NaOzhKL9hCjWQmRCVKrBcUwjVtlRHTMNC8fjZNEcxgcUbRscBKVrQ5BoshdQwV3oCYDvAcyXt_hEaKfq_fnLHHyhdEpizHaJcXOPKedanMvo3owkIX&amp;__tn__=-%5dK-R\">Museo Nacional de Antropolog\u00eda<\/a><\/u><\/strong><strong>\u00a0<\/strong><br \/>\nPaseo de la Reforma y Gandhi, col.<br \/>\nChapultepec Polanco,\u00a0Ciudad de M\u00e9xico<\/p>\n<p>&nbsp;<\/p>\n<p style=\"text-align: center;\"><a href=\"http:\/\/www.mexicoescultura.com\/\"><strong>mexicoescultura.com<\/strong><\/a><\/p>\n<p style=\"text-align: center;\"><a href=\"https:\/\/www.facebook.com\/hashtag\/patrimonioinah?__eep__=6&amp;__cft__%5b0%5d=AZVZnyH2eaPNvbD56J8v-lZo9HLoT0l5TLxtgm3nyUaWsxqYE4u7LdhoUXR-vjGv7jFF_YscloBWFkRO36TU0coOjrDqCSbyU_s_X-fHfJHyuqHnzZWkGPbOn8oMzwpF6FR0dy4d7QUUVvpwpNEKZEROMgnjS5szng8ZYcAUgsEu5HXSlI17Rbbjl_-F6oPM4zyERCzXVki94yxgU_hhMTwD&amp;__tn__=*NK-R\"><strong>#PatrimonioINAH<\/strong><\/a><\/p>\n<p style=\"text-align: center;\"><a href=\"https:\/\/www.facebook.com\/hashtag\/inahvirtual?__eep__=6&amp;__cft__%5b0%5d=AZVZnyH2eaPNvbD56J8v-lZo9HLoT0l5TLxtgm3nyUaWsxqYE4u7LdhoUXR-vjGv7jFF_YscloBWFkRO36TU0coOjrDqCSbyU_s_X-fHfJHyuqHnzZWkGPbOn8oMzwpF6FR0dy4d7QUUVvpwpNEKZEROMgnjS5szng8ZYcAUgsEu5HXSlI17Rbbjl_-F6oPM4zyERCzXVki94yxgU_hhMTwD&amp;__tn__=*NK-R\"><strong>#INAHVirtual<\/strong><\/a><\/p>\n<p>&nbsp;<\/p>\n<p><strong>DIRECCI\u00d3N DE ESTUDIOS HIST\u00d3RICOS \u2013 INAH<\/strong><br \/>\nAllende 172, esq. Ju\u00e1rez, col. Tlalpan Centro,<br \/>\nAlcald\u00eda Tlalpan, C.P. 14000, Ciudad de M\u00e9xico<br \/>\nTel.: 55 4166 0780 \/ 55 4166 0784<br \/>\n<a href=\"http:\/\/estudioshistoricos.inah.gob.mx\/\">http:\/\/estudioshistoricos.inah.gob.mx\/<\/a><\/p>\n<p>\u2014<\/p>\n<p><strong>Difusi\u00f3n DEH \u2013 INAH<\/strong><br \/>\nAllende 172, esq. Ju\u00e1rez, col. Tlalpan Centro,<br \/>\nAlcald\u00eda Tlalpan, C.P. 14000, Ciudad de M\u00e9xico<br \/>\nTel.: 55 4166 0780 \/ 55 4166 0784, ext. 411015<\/p>\n","protected":false},"excerpt":{"rendered":"<p>36\u00a0FILAH FERIA INTERNACIONAL DEL LIBRO DE ANTROPOLOG\u00cdA E HISTORIA Derechos de diversidad cultural Le hace una cordial invitaci\u00f3n para que asista a la presentaci\u00f3n del libro Semillas de memorias. El frijol en tierras mexicanas &nbsp; &nbsp; de Clementina Battcock, Elizabeth Casanova,\u00a0 Ma. de Lourdes Zaragoza Mart\u00ednez &nbsp; Jueves 25 de&#8230; <a class=\"continue-reading-link\" href=\"https:\/\/estudioshistoricos.inah.gob.mx\/?p=16886\">Seguir leyendo<\/a><\/p>\n","protected":false},"author":2,"featured_media":16887,"comment_status":"closed","ping_status":"closed","sticky":false,"template":"","format":"standard","meta":{"footnotes":""},"categories":[129,10],"tags":[],"class_list":["post-16886","post","type-post","status-publish","format-standard","has-post-thumbnail","hentry","category-129","category-agenda-historica"],"_links":{"self":[{"href":"https:\/\/estudioshistoricos.inah.gob.mx\/index.php?rest_route=\/wp\/v2\/posts\/16886","targetHints":{"allow":["GET"]}}],"collection":[{"href":"https:\/\/estudioshistoricos.inah.gob.mx\/index.php?rest_route=\/wp\/v2\/posts"}],"about":[{"href":"https:\/\/estudioshistoricos.inah.gob.mx\/index.php?rest_route=\/wp\/v2\/types\/post"}],"author":[{"embeddable":true,"href":"https:\/\/estudioshistoricos.inah.gob.mx\/index.php?rest_route=\/wp\/v2\/users\/2"}],"replies":[{"embeddable":true,"href":"https:\/\/estudioshistoricos.inah.gob.mx\/index.php?rest_route=%2Fwp%2Fv2%2Fcomments&post=16886"}],"version-history":[{"count":2,"href":"https:\/\/estudioshistoricos.inah.gob.mx\/index.php?rest_route=\/wp\/v2\/posts\/16886\/revisions"}],"predecessor-version":[{"id":16898,"href":"https:\/\/estudioshistoricos.inah.gob.mx\/index.php?rest_route=\/wp\/v2\/posts\/16886\/revisions\/16898"}],"wp:featuredmedia":[{"embeddable":true,"href":"https:\/\/estudioshistoricos.inah.gob.mx\/index.php?rest_route=\/wp\/v2\/media\/16887"}],"wp:attachment":[{"href":"https:\/\/estudioshistoricos.inah.gob.mx\/index.php?rest_route=%2Fwp%2Fv2%2Fmedia&parent=16886"}],"wp:term":[{"taxonomy":"category","embeddable":true,"href":"https:\/\/estudioshistoricos.inah.gob.mx\/index.php?rest_route=%2Fwp%2Fv2%2Fcategories&post=16886"},{"taxonomy":"post_tag","embeddable":true,"href":"https:\/\/estudioshistoricos.inah.gob.mx\/index.php?rest_route=%2Fwp%2Fv2%2Ftags&post=16886"}],"curies":[{"name":"wp","href":"https:\/\/api.w.org\/{rel}","templated":true}]}}