{"id":16890,"date":"2025-04-25T14:30:53","date_gmt":"2025-04-25T20:30:53","guid":{"rendered":"https:\/\/estudioshistoricos.inah.gob.mx\/?p=16890"},"modified":"2025-09-29T12:54:11","modified_gmt":"2025-09-29T18:54:11","slug":"36-filah-feria-internacional-del-libro-de-antropologia-e-historia-derechos-de-diversidad-cultural-6","status":"publish","type":"post","link":"https:\/\/estudioshistoricos.inah.gob.mx\/?p=16890","title":{"rendered":"36\u00a0FILAH.  FERIA INTERNACIONAL DEL LIBRO DE ANTROPOLOG\u00cdA E HISTORIA. Derechos de diversidad cultural"},"content":{"rendered":"<p style=\"text-align: center;\"><strong><span style=\"color: #ff6600;\">36\u00a0<\/span><span style=\"color: #99cc00;\">FIL<\/span><span style=\"color: #ff0000;\">AH<\/span><\/strong><\/p>\n<p style=\"text-align: center;\"><strong><span style=\"font-style: inherit; font-weight: inherit;\">FERIA INTERNACIONAL DEL LIBRO DE ANTROPOLOG\u00cdA E HISTORIA<\/span><\/strong><br \/>\n<strong><span style=\"font-style: inherit; font-weight: inherit;\">Derechos de diversidad cultural<\/span><\/strong><\/p>\n<p style=\"text-align: center;\"><span style=\"font-style: inherit; font-weight: inherit;\">Le hace una cordial invitaci\u00f3n para que asista al<\/span><\/p>\n<p style=\"text-align: center;\"><strong><span style=\"font-style: inherit; font-weight: inherit;\">HOMENAJE POR SUS DESTACADAS TRAYECTORIAS<\/span><\/strong><\/p>\n<h3 style=\"text-align: center;\"><strong><span style=\"font-style: inherit; font-weight: inherit;\">MOIS\u00c9S LEONEL DUR\u00c1N SOL\u00cdS<\/span><\/strong><br \/>\n<span style=\"font-style: inherit; font-weight: inherit;\">Etn\u00f3logo y antrop\u00f3logo social<\/span><\/h3>\n<h3 style=\"text-align: center;\"><strong><span style=\"font-style: inherit; font-weight: inherit;\">MARCUS COLE WINTER BALLARD<\/span><\/strong><br \/>\n<span style=\"font-style: inherit; font-weight: inherit;\">Arque\u00f3logo<\/span><\/h3>\n<p><img loading=\"lazy\" decoding=\"async\" class=\"size-full wp-image-16892 aligncenter\" src=\"https:\/\/estudioshistoricos.inah.gob.mx\/wp-content\/uploads\/Homenaje-Leonel-Duran-26-de-sept-UNO.png\" alt=\"\" width=\"700\" height=\"700\" srcset=\"https:\/\/estudioshistoricos.inah.gob.mx\/wp-content\/uploads\/Homenaje-Leonel-Duran-26-de-sept-UNO.png 700w, https:\/\/estudioshistoricos.inah.gob.mx\/wp-content\/uploads\/Homenaje-Leonel-Duran-26-de-sept-UNO-300x300.png 300w, https:\/\/estudioshistoricos.inah.gob.mx\/wp-content\/uploads\/Homenaje-Leonel-Duran-26-de-sept-UNO-150x150.png 150w, https:\/\/estudioshistoricos.inah.gob.mx\/wp-content\/uploads\/Homenaje-Leonel-Duran-26-de-sept-UNO-350x350.png 350w\" sizes=\"auto, (max-width: 700px) 100vw, 700px\" \/><\/p>\n<p>&nbsp;<\/p>\n<p style=\"text-align: justify;\">Mois\u00e9s Leonel Dur\u00e1n Sol\u00eds es etn\u00f3logo y antrop\u00f3logo social, investigador del Instituto Nacional de Antropolog\u00eda e Historia desde 1985, donde actualmente se desempe\u00f1a como Investigador Titular C en la Direcci\u00f3n de Estudios Hist\u00f3ricos. Con estudios de posgrado en la ENAH y en Par\u00eds, ha desarrollado una trayectoria de m\u00e1s de cuatro d\u00e9cadas dedicada a la investigaci\u00f3n, docencia y difusi\u00f3n cultural. Fue director del Museo Nacional de las Culturas del Mundo (2001-2012), desde donde impuls\u00f3 una visi\u00f3n renovada de la museolog\u00eda y el papel de los recintos culturales en la formaci\u00f3n ciudadana. Sus l\u00edneas de trabajo incluyen la historia de la antropolog\u00eda mexicana, el rescate de figuras poco estudiadas y la reflexi\u00f3n sobre la memoria y las cr\u00f3nicas. Ha coordinado proyectos como Fundadores de la antropolog\u00eda mexicana y el seminario Cr\u00f3nicas e Historia. Reconocido por su compromiso con las comunidades y la preservaci\u00f3n cultural, recibi\u00f3 el Premio Nacional Carlos Montemayor 2023 y ser\u00e1 homenajeado en la 36 FILAH por 40 a\u00f1os de servicio en el INAH. Marcus Cole Winter Ballard es un destacado arque\u00f3logo estadounidense nacionalizado mexicano, especializado en la prehistoria mesoamericana y con m\u00e1s de cuatro d\u00e9cadas de trayectoria en el Centro INAH Oaxaca. Desde 2015 ha encabezado el Proyecto Arqueolog\u00eda de Oaxaca: Istmo, Mixteca y Valles Centrales, con investigaciones que abarcan desde excavaciones en el Istmo de Tehuantepec hasta el an\u00e1lisis de materiales en Monte Alb\u00e1n. En la Mixteca Baja lider\u00f3 el estudio de entierros y tumbas del Cerro de las Minas, fundamentales para comprender el estilo \u00f1ui\u00f1e de la regi\u00f3n. Sus aportes incluyen la clasificaci\u00f3n de cer\u00e1mica, l\u00edtica, concha y restos \u00f3seos, as\u00ed como la integraci\u00f3n de los hallazgos con datos arquitect\u00f3nicos y funerarios, lo que ha permitido reconstruir con mayor amplitud la historia prehisp\u00e1nica de Oaxaca. Por su amplia trayectoria y su contribuci\u00f3n al conocimiento y preservaci\u00f3n del patrimonio cultural de M\u00e9xico, ser\u00e1 homenajeado en la 36 FILAH.<\/p>\n<p>&nbsp;<\/p>\n<p><strong>Viernes 26 de septiembre, 12:00 hrs.<\/strong><\/p>\n<p><strong><span style=\"font-style: inherit; font-weight: inherit;\">Auditorio Jaime Torres Bodet<\/span><\/strong><\/p>\n<p><strong>S\u00edguelo por INAH TV:\u00a0<\/strong><strong><a href=\"https:\/\/www.youtube.com\/watch?v=6uDqzrRcP6s\">https:\/\/www.youtube.com\/watch?v=6uDqzrRcP6s<\/a><\/strong><\/p>\n<p><strong><span style=\"font-style: inherit; font-weight: inherit;\">\u00a0<\/span><\/strong><span style=\"font-style: inherit; font-weight: inherit;\">\u00a0<\/span><span style=\"font-style: inherit; font-weight: inherit;\">\u00a0<\/span><\/p>\n<p><span style=\"font-style: inherit; font-weight: inherit;\">\u00a0<\/span><span style=\"color: #ff0000;\"><strong><span style=\"font-style: inherit; font-weight: inherit;\">Para mayor informaci\u00f3n:\u00a0<\/span><\/strong><\/span><\/p>\n<p><u><span style=\"font-style: inherit; font-weight: inherit;\"><a href=\"https:\/\/www.feriadelibro.inah.gob.mx\/\">https:\/\/www.feriadelibro.inah.gob.mx\/<\/a><\/span><\/u><span style=\"font-style: inherit; font-weight: inherit;\">\u00a0\u00a0\u00a0<\/span><\/p>\n<p><span style=\"font-style: inherit; font-weight: inherit;\">\u00a0<\/span><u><span style=\"font-style: inherit; font-weight: inherit;\"><a href=\"mailto:feriafilah@inah.gob.mx\">feriafilah@inah.gob.mx<\/a><\/span><\/u><\/p>\n<p><span style=\"font-style: inherit; font-weight: inherit;\">\u00a0<\/span><span style=\"font-style: inherit; font-weight: inherit;\">\u00a0<\/span><\/p>\n<p><span style=\"color: #ff0000;\"><strong><span style=\"font-style: inherit; font-weight: inherit;\">ACTIVIDADES GRATUITAS<\/span><\/strong><\/span><\/p>\n<p>&nbsp;<\/p>\n<p><strong><u><span style=\"font-style: inherit; font-weight: inherit;\"><a href=\"https:\/\/www.facebook.com\/MNAinah?__cft__%5b0%5d=AZU03z1Aqu5hLcEb6bmqR7I3jbcKyzvrUiiN_5NaOzhKL9hCjWQmRCVKrBcUwjVtlRHTMNC8fjZNEcxgcUbRscBKVrQ5BoshdQwV3oCYDvAcyXt_hEaKfq_fnLHHyhdEpizHaJcXOPKedanMvo3owkIX&amp;__tn__=-%5dK-R\">Museo Nacional de Antropolog\u00eda<\/a><\/span><\/u><\/strong><strong><span style=\"font-style: inherit; font-weight: inherit;\">\u00a0<\/span><\/strong><br \/>\n<span style=\"font-style: inherit; font-weight: inherit;\">Paseo de la Reforma y Gandhi, col.\u00a0<\/span><br \/>\n<span style=\"font-style: inherit; font-weight: inherit;\">Chapultepec Polanco,\u00a0Ciudad de M\u00e9xico<\/span><\/p>\n<p>&nbsp;<\/p>\n<p style=\"text-align: center;\"><a href=\"http:\/\/www.mexicoescultura.com\/\"><strong>mexicoescultura.com<\/strong><\/a><\/p>\n<p style=\"text-align: center;\"><a href=\"https:\/\/www.facebook.com\/hashtag\/patrimonioinah?__eep__=6&amp;__cft__%5b0%5d=AZVZnyH2eaPNvbD56J8v-lZo9HLoT0l5TLxtgm3nyUaWsxqYE4u7LdhoUXR-vjGv7jFF_YscloBWFkRO36TU0coOjrDqCSbyU_s_X-fHfJHyuqHnzZWkGPbOn8oMzwpF6FR0dy4d7QUUVvpwpNEKZEROMgnjS5szng8ZYcAUgsEu5HXSlI17Rbbjl_-F6oPM4zyERCzXVki94yxgU_hhMTwD&amp;__tn__=*NK-R\"><strong>#PatrimonioINAH<\/strong><\/a><\/p>\n<p style=\"text-align: center;\"><a href=\"https:\/\/www.facebook.com\/hashtag\/inahvirtual?__eep__=6&amp;__cft__%5b0%5d=AZVZnyH2eaPNvbD56J8v-lZo9HLoT0l5TLxtgm3nyUaWsxqYE4u7LdhoUXR-vjGv7jFF_YscloBWFkRO36TU0coOjrDqCSbyU_s_X-fHfJHyuqHnzZWkGPbOn8oMzwpF6FR0dy4d7QUUVvpwpNEKZEROMgnjS5szng8ZYcAUgsEu5HXSlI17Rbbjl_-F6oPM4zyERCzXVki94yxgU_hhMTwD&amp;__tn__=*NK-R\"><strong>#INAHVirtual<\/strong><\/a><\/p>\n<p>&nbsp;<\/p>\n<p>&nbsp;<\/p>\n<p><strong>DIRECCI\u00d3N DE ESTUDIOS HIST\u00d3RICOS \u2013 INAH<\/strong><br \/>\nAllende 172, esq. Ju\u00e1rez, col. Tlalpan Centro,<br \/>\nAlcald\u00eda Tlalpan, C.P. 14000, Ciudad de M\u00e9xico<br \/>\nTel.: 55 4166 0780 \/ 55 4166 0784<br \/>\n<a href=\"http:\/\/estudioshistoricos.inah.gob.mx\/\">http:\/\/estudioshistoricos.inah.gob.mx\/<\/a><\/p>\n<p>\u2014<\/p>\n<p><strong>Difusi\u00f3n DEH \u2013 INAH<\/strong><br \/>\nAllende 172, esq. Ju\u00e1rez, col. Tlalpan Centro,<br \/>\nAlcald\u00eda Tlalpan, C.P. 14000, Ciudad de M\u00e9xico<br \/>\nTel.: 55 4166 0780 \/ 55 4166 0784, ext. 411015<\/p>\n<p>&nbsp;<\/p>\n<p>&nbsp;<\/p>\n","protected":false},"excerpt":{"rendered":"<p>36\u00a0FILAH FERIA INTERNACIONAL DEL LIBRO DE ANTROPOLOG\u00cdA E HISTORIA Derechos de diversidad cultural Le hace una cordial invitaci\u00f3n para que asista al HOMENAJE POR SUS DESTACADAS TRAYECTORIAS MOIS\u00c9S LEONEL DUR\u00c1N SOL\u00cdS Etn\u00f3logo y antrop\u00f3logo social MARCUS COLE WINTER BALLARD Arque\u00f3logo &nbsp; Mois\u00e9s Leonel Dur\u00e1n Sol\u00eds es etn\u00f3logo y antrop\u00f3logo social,&#8230; <a class=\"continue-reading-link\" href=\"https:\/\/estudioshistoricos.inah.gob.mx\/?p=16890\">Seguir leyendo<\/a><\/p>\n","protected":false},"author":2,"featured_media":16891,"comment_status":"closed","ping_status":"closed","sticky":false,"template":"","format":"standard","meta":{"footnotes":""},"categories":[129,10],"tags":[],"class_list":["post-16890","post","type-post","status-publish","format-standard","has-post-thumbnail","hentry","category-129","category-agenda-historica"],"_links":{"self":[{"href":"https:\/\/estudioshistoricos.inah.gob.mx\/index.php?rest_route=\/wp\/v2\/posts\/16890","targetHints":{"allow":["GET"]}}],"collection":[{"href":"https:\/\/estudioshistoricos.inah.gob.mx\/index.php?rest_route=\/wp\/v2\/posts"}],"about":[{"href":"https:\/\/estudioshistoricos.inah.gob.mx\/index.php?rest_route=\/wp\/v2\/types\/post"}],"author":[{"embeddable":true,"href":"https:\/\/estudioshistoricos.inah.gob.mx\/index.php?rest_route=\/wp\/v2\/users\/2"}],"replies":[{"embeddable":true,"href":"https:\/\/estudioshistoricos.inah.gob.mx\/index.php?rest_route=%2Fwp%2Fv2%2Fcomments&post=16890"}],"version-history":[{"count":1,"href":"https:\/\/estudioshistoricos.inah.gob.mx\/index.php?rest_route=\/wp\/v2\/posts\/16890\/revisions"}],"predecessor-version":[{"id":16893,"href":"https:\/\/estudioshistoricos.inah.gob.mx\/index.php?rest_route=\/wp\/v2\/posts\/16890\/revisions\/16893"}],"wp:featuredmedia":[{"embeddable":true,"href":"https:\/\/estudioshistoricos.inah.gob.mx\/index.php?rest_route=\/wp\/v2\/media\/16891"}],"wp:attachment":[{"href":"https:\/\/estudioshistoricos.inah.gob.mx\/index.php?rest_route=%2Fwp%2Fv2%2Fmedia&parent=16890"}],"wp:term":[{"taxonomy":"category","embeddable":true,"href":"https:\/\/estudioshistoricos.inah.gob.mx\/index.php?rest_route=%2Fwp%2Fv2%2Fcategories&post=16890"},{"taxonomy":"post_tag","embeddable":true,"href":"https:\/\/estudioshistoricos.inah.gob.mx\/index.php?rest_route=%2Fwp%2Fv2%2Ftags&post=16890"}],"curies":[{"name":"wp","href":"https:\/\/api.w.org\/{rel}","templated":true}]}}