{"id":16894,"date":"2025-04-25T13:15:33","date_gmt":"2025-04-25T19:15:33","guid":{"rendered":"https:\/\/estudioshistoricos.inah.gob.mx\/?p=16894"},"modified":"2025-09-26T14:10:46","modified_gmt":"2025-09-26T20:10:46","slug":"viii-seminario-poder-salud-prevencion-y-enfermedad-7","status":"publish","type":"post","link":"https:\/\/estudioshistoricos.inah.gob.mx\/?p=16894","title":{"rendered":"VIII\u00a0SEMINARIO\u00a0PODER,\u00a0SALUD,\u00a0PREVENCI\u00d3N\u00a0Y\u00a0ENFERMEDAD"},"content":{"rendered":"<p style=\"text-align: center;\"><strong>INSTITUTO NACIONAL DE ANTROPOLOG\u00cdA E HISTORIA<\/strong><br \/>\n<strong><span style=\"font-style: inherit; font-weight: inherit;\">DIRECCI\u00d3N DE ESTUDIOS HIST\u00d3RICOS<\/span><\/strong><br \/>\n<strong><span style=\"font-style: inherit; font-weight: inherit;\">VIII\u00a0SEMINARIO\u00a0PODER,\u00a0SALUD,\u00a0PREVENCI\u00d3N\u00a0Y\u00a0ENFERMEDAD<\/span><\/strong><\/p>\n<p style=\"text-align: center;\"><span style=\"font-style: inherit; font-weight: inherit;\">Invitan a la sesi\u00f3n del mes de septiembre titulada:<\/span><\/p>\n<h3 style=\"text-align: center;\"><span style=\"color: #cf0228;\"><strong><span style=\"font-style: inherit; font-weight: inherit;\">RETOS Y PERSPECTIVAS DEL SISTEMA DE\u00a0SALUD\u00a0EN M\u00c9XICO<\/span><\/strong><\/span><\/h3>\n<p style=\"text-align: center;\"><strong><span style=\"font-style: inherit; font-weight: inherit;\">Presenta:<\/span><\/strong><\/p>\n<h4 style=\"text-align: center;\"><span style=\"font-style: inherit; font-weight: inherit;\"><span style=\"color: #003366;\"><strong>Abelardo \u00c1vila<\/strong>\u00a0<\/span>|\u00a0Instituto Nacional de Nutrici\u00f3n<\/span><\/h4>\n<p>&nbsp;<\/p>\n<p><img loading=\"lazy\" decoding=\"async\" class=\"size-full wp-image-16896 aligncenter\" src=\"https:\/\/estudioshistoricos.inah.gob.mx\/wp-content\/uploads\/Seminario-Poder-salud-25-de-sept-UNO.png\" alt=\"\" width=\"700\" height=\"874\" srcset=\"https:\/\/estudioshistoricos.inah.gob.mx\/wp-content\/uploads\/Seminario-Poder-salud-25-de-sept-UNO.png 700w, https:\/\/estudioshistoricos.inah.gob.mx\/wp-content\/uploads\/Seminario-Poder-salud-25-de-sept-UNO-240x300.png 240w, https:\/\/estudioshistoricos.inah.gob.mx\/wp-content\/uploads\/Seminario-Poder-salud-25-de-sept-UNO-280x350.png 280w, https:\/\/estudioshistoricos.inah.gob.mx\/wp-content\/uploads\/Seminario-Poder-salud-25-de-sept-UNO-120x150.png 120w\" sizes=\"auto, (max-width: 700px) 100vw, 700px\" \/><\/p>\n<p>&nbsp;<\/p>\n<p><span style=\"color: #ff9900;\"><strong><span style=\"font-style: inherit; font-weight: inherit;\">Coordinan:<\/span><\/strong><\/span><\/p>\n<p><strong><span style=\"font-style: inherit;\">Beatriz Luc\u00eda Cano S\u00e1nchez<\/span><\/strong><br \/>\n<strong><span style=\"font-style: inherit;\">Nadia Men\u00e9ndez Di Pardo<\/span><\/strong><br \/>\n<span style=\"font-style: inherit; font-weight: inherit;\">DEH-INAH\u00a0\u00a0\u00a0\u00a0\u00a0\u00a0\u00a0\u00a0<\/span>\u00a0<span style=\"font-style: inherit; font-weight: inherit;\">\u00a0 \u00a0\u00a0<\/span><\/p>\n<p><strong><span style=\"font-style: inherit; font-weight: inherit;\">Jueves 25 de septiembre, 11:00 hrs.<\/span><\/strong><\/p>\n<p><strong><span style=\"font-style: inherit; font-weight: inherit;\">Videoconferencia Zoom<\/span><\/strong><\/p>\n<p><strong><span style=\"font-style: inherit; font-weight: inherit;\"><span style=\"color: #ff9900;\">Inscripciones al correo:<\/span>\u00a0<a href=\"mailto:difusion.deh.owner@inah.gob.mx\">difusion.deh.owner@inah.gob.mx<\/a><\/span><\/strong><\/p>\n<p>&nbsp;<\/p>\n<p style=\"text-align: center;\"><a href=\"http:\/\/www.mexicoescultura.com\/\"><strong>mexicoescultura.com<\/strong><\/a><\/p>\n<p style=\"text-align: center;\"><a href=\"https:\/\/www.facebook.com\/hashtag\/patrimonioinah?__eep__=6&amp;__cft__%5b0%5d=AZVZnyH2eaPNvbD56J8v-lZo9HLoT0l5TLxtgm3nyUaWsxqYE4u7LdhoUXR-vjGv7jFF_YscloBWFkRO36TU0coOjrDqCSbyU_s_X-fHfJHyuqHnzZWkGPbOn8oMzwpF6FR0dy4d7QUUVvpwpNEKZEROMgnjS5szng8ZYcAUgsEu5HXSlI17Rbbjl_-F6oPM4zyERCzXVki94yxgU_hhMTwD&amp;__tn__=*NK-R\"><strong>#PatrimonioINAH<\/strong><\/a><\/p>\n<p style=\"text-align: center;\"><a href=\"https:\/\/www.facebook.com\/hashtag\/inahvirtual?__eep__=6&amp;__cft__%5b0%5d=AZVZnyH2eaPNvbD56J8v-lZo9HLoT0l5TLxtgm3nyUaWsxqYE4u7LdhoUXR-vjGv7jFF_YscloBWFkRO36TU0coOjrDqCSbyU_s_X-fHfJHyuqHnzZWkGPbOn8oMzwpF6FR0dy4d7QUUVvpwpNEKZEROMgnjS5szng8ZYcAUgsEu5HXSlI17Rbbjl_-F6oPM4zyERCzXVki94yxgU_hhMTwD&amp;__tn__=*NK-R\"><strong>#INAHVirtual<\/strong><\/a><\/p>\n<p>&nbsp;<\/p>\n<p><strong>DIRECCI\u00d3N DE ESTUDIOS HIST\u00d3RICOS \u2013 INAH<\/strong><br \/>\nAllende 172, esq. Ju\u00e1rez, col. Tlalpan Centro,<br \/>\nAlcald\u00eda Tlalpan, C.P. 14000, Ciudad de M\u00e9xico<br \/>\nTel.: 55 4166 0780 \/ 55 4166 0784<br \/>\n<a href=\"http:\/\/estudioshistoricos.inah.gob.mx\/\">http:\/\/estudioshistoricos.inah.gob.mx\/<\/a><\/p>\n<p>\u2014<\/p>\n<p><strong>Difusi\u00f3n DEH \u2013 INAH<\/strong><br \/>\nAllende 172, esq. Ju\u00e1rez, col. Tlalpan Centro,<br \/>\nAlcald\u00eda Tlalpan, C.P. 14000, Ciudad de M\u00e9xico<br \/>\nTel.: 55 4166 0780 \/ 55 4166 0784, ext. 411015<\/p>\n","protected":false},"excerpt":{"rendered":"<p>INSTITUTO NACIONAL DE ANTROPOLOG\u00cdA E HISTORIA DIRECCI\u00d3N DE ESTUDIOS HIST\u00d3RICOS VIII\u00a0SEMINARIO\u00a0PODER,\u00a0SALUD,\u00a0PREVENCI\u00d3N\u00a0Y\u00a0ENFERMEDAD Invitan a la sesi\u00f3n del mes de septiembre titulada: RETOS Y PERSPECTIVAS DEL SISTEMA DE\u00a0SALUD\u00a0EN M\u00c9XICO Presenta: Abelardo \u00c1vila\u00a0|\u00a0Instituto Nacional de Nutrici\u00f3n &nbsp; &nbsp; Coordinan: Beatriz Luc\u00eda Cano S\u00e1nchez Nadia Men\u00e9ndez Di Pardo DEH-INAH\u00a0\u00a0\u00a0\u00a0\u00a0\u00a0\u00a0\u00a0\u00a0\u00a0 \u00a0\u00a0 Jueves 25 de septiembre,&#8230; <a class=\"continue-reading-link\" href=\"https:\/\/estudioshistoricos.inah.gob.mx\/?p=16894\">Seguir leyendo<\/a><\/p>\n","protected":false},"author":2,"featured_media":16895,"comment_status":"closed","ping_status":"closed","sticky":false,"template":"","format":"standard","meta":{"footnotes":""},"categories":[129,10],"tags":[],"class_list":["post-16894","post","type-post","status-publish","format-standard","has-post-thumbnail","hentry","category-129","category-agenda-historica"],"_links":{"self":[{"href":"https:\/\/estudioshistoricos.inah.gob.mx\/index.php?rest_route=\/wp\/v2\/posts\/16894","targetHints":{"allow":["GET"]}}],"collection":[{"href":"https:\/\/estudioshistoricos.inah.gob.mx\/index.php?rest_route=\/wp\/v2\/posts"}],"about":[{"href":"https:\/\/estudioshistoricos.inah.gob.mx\/index.php?rest_route=\/wp\/v2\/types\/post"}],"author":[{"embeddable":true,"href":"https:\/\/estudioshistoricos.inah.gob.mx\/index.php?rest_route=\/wp\/v2\/users\/2"}],"replies":[{"embeddable":true,"href":"https:\/\/estudioshistoricos.inah.gob.mx\/index.php?rest_route=%2Fwp%2Fv2%2Fcomments&post=16894"}],"version-history":[{"count":1,"href":"https:\/\/estudioshistoricos.inah.gob.mx\/index.php?rest_route=\/wp\/v2\/posts\/16894\/revisions"}],"predecessor-version":[{"id":16897,"href":"https:\/\/estudioshistoricos.inah.gob.mx\/index.php?rest_route=\/wp\/v2\/posts\/16894\/revisions\/16897"}],"wp:featuredmedia":[{"embeddable":true,"href":"https:\/\/estudioshistoricos.inah.gob.mx\/index.php?rest_route=\/wp\/v2\/media\/16895"}],"wp:attachment":[{"href":"https:\/\/estudioshistoricos.inah.gob.mx\/index.php?rest_route=%2Fwp%2Fv2%2Fmedia&parent=16894"}],"wp:term":[{"taxonomy":"category","embeddable":true,"href":"https:\/\/estudioshistoricos.inah.gob.mx\/index.php?rest_route=%2Fwp%2Fv2%2Fcategories&post=16894"},{"taxonomy":"post_tag","embeddable":true,"href":"https:\/\/estudioshistoricos.inah.gob.mx\/index.php?rest_route=%2Fwp%2Fv2%2Ftags&post=16894"}],"curies":[{"name":"wp","href":"https:\/\/api.w.org\/{rel}","templated":true}]}}