{"id":16905,"date":"2025-04-25T14:15:28","date_gmt":"2025-04-25T20:15:28","guid":{"rendered":"https:\/\/estudioshistoricos.inah.gob.mx\/?p=16905"},"modified":"2025-09-29T12:52:50","modified_gmt":"2025-09-29T18:52:50","slug":"seminario-historia-de-la-mineria-en-mexico-y-regiones-comparadas-28","status":"publish","type":"post","link":"https:\/\/estudioshistoricos.inah.gob.mx\/?p=16905","title":{"rendered":"SEMINARIO HISTORIA DE LA MINER\u00cdA EN M\u00c9XICO Y REGIONES COMPARADAS"},"content":{"rendered":"<p style=\"text-align: center;\"><strong>INSTITUTO NACIONAL DE ANTROPOLOG\u00cdA E HISTORIA<\/strong><br \/>\n<strong><span style=\"font-style: inherit; font-weight: inherit;\">DIRECCI\u00d3N DE ESTUDIOS HIST\u00d3RICOS<\/span><\/strong><br \/>\n<strong><span style=\"font-style: inherit; font-weight: inherit;\">ESCUELA NACIONAL DE ANTROPOLOG\u00cdA E HISTORIA<\/span><\/strong><br \/>\n<strong><span style=\"font-style: inherit; font-weight: inherit;\">CENTRO DE INVESTIGACIONES Y ESTUDIOS SUPERIORES EN ANTROPOLOG\u00cdA SOCIAL<\/span><\/strong><\/p>\n<p>&nbsp;<\/p>\n<p><img loading=\"lazy\" decoding=\"async\" class=\"size-full wp-image-16907 aligncenter\" src=\"https:\/\/estudioshistoricos.inah.gob.mx\/wp-content\/uploads\/Seminario-Historia-de-la-Mineria-26-de-sept-UNO.png\" alt=\"\" width=\"700\" height=\"1244\" srcset=\"https:\/\/estudioshistoricos.inah.gob.mx\/wp-content\/uploads\/Seminario-Historia-de-la-Mineria-26-de-sept-UNO.png 700w, https:\/\/estudioshistoricos.inah.gob.mx\/wp-content\/uploads\/Seminario-Historia-de-la-Mineria-26-de-sept-UNO-169x300.png 169w, https:\/\/estudioshistoricos.inah.gob.mx\/wp-content\/uploads\/Seminario-Historia-de-la-Mineria-26-de-sept-UNO-576x1024.png 576w, https:\/\/estudioshistoricos.inah.gob.mx\/wp-content\/uploads\/Seminario-Historia-de-la-Mineria-26-de-sept-UNO-197x350.png 197w, https:\/\/estudioshistoricos.inah.gob.mx\/wp-content\/uploads\/Seminario-Historia-de-la-Mineria-26-de-sept-UNO-84x150.png 84w\" sizes=\"auto, (max-width: 700px) 100vw, 700px\" \/><\/p>\n<p>&nbsp;<\/p>\n<p><strong><span style=\"font-style: inherit; font-weight: inherit;\">Viernes 26 de septiembre, 12:00 hrs.<\/span><\/strong><\/p>\n<p><strong><span style=\"font-style: inherit; font-weight: inherit;\">\u00a0<\/span><\/strong><\/p>\n<h4><span style=\"font-weight: inherit;\">El\u00a0<strong>Seminario Historia de la Miner\u00eda en M\u00e9xico y Regiones Comparadas<\/strong>\u00a0presenta:\u00a0<strong>El fracaso del nacionalismo petrolero canadiense,\u00a0<\/strong>a cargo de\u00a0<strong>Jason Bisanz<\/strong>\u00a0(UNAM).<\/span><\/h4>\n<p style=\"text-align: justify;\">En esta\u00a0ponencia se traza una historia del breve \u00e9xito del nacionalismo petrolero canadiense y su derrota sorprendente por el neoliberalismo en Canad\u00e1. El autor sostiene que el nacionalismo petrolero canadiense fracas\u00f3 debido al momento inoportuno en que se llev\u00f3 a cabo la nacionalizaci\u00f3n y la historia econ\u00f3mica minera particular de la regi\u00f3n donde se encuentran los campos petroleros m\u00e1s importantes. En consecuencia, las empresas petroleras en Canad\u00e1 lograron crear un anti-Estado que permite a las petroleras dominar las pol\u00edticas p\u00fablicas y evitar pagar regal\u00edas.<\/p>\n<p>&nbsp;<\/p>\n<p><span style=\"font-style: inherit; font-weight: inherit;\">\u00a0<\/span><span style=\"color: #003300;\"><strong><span style=\"font-style: inherit; font-weight: inherit;\">Coordinadores:<\/span><\/strong><\/span><\/p>\n<p><strong><span style=\"font-style: inherit;\">Valentina Garza Mart\u00ednez<\/span><\/strong><br \/>\n<strong><span style=\"font-style: inherit;\">Mart\u00edn Gonz\u00e1lez Solano<\/span><\/strong><br \/>\n<strong><span style=\"font-style: inherit;\">Eduardo Flores Clair<\/span><\/strong><br \/>\n<strong><span style=\"font-style: inherit;\">Laura Mier G\u00f3mez<\/span><\/strong><br \/>\n<strong><span style=\"font-style: inherit;\">David Ricardo Mart\u00ednez Romero<\/span><\/strong><\/p>\n<p>&nbsp;<\/p>\n<p><span style=\"font-style: inherit; font-weight: inherit;\">Evento en modalidad h\u00edbrida, por lo que el p\u00fablico interesado podr\u00e1 asistir al\u00a0<strong>Auditorio Luis Reyes Garc\u00eda<\/strong>\u00a0del\u00a0<strong>CIESAS<\/strong><\/span><span style=\"font-style: inherit; font-weight: inherit;\">,\u00a0<\/span><span style=\"font-style: inherit; font-weight: inherit;\">o bien, seguir la transmisi\u00f3n por\u00a0<\/span><strong><span style=\"font-style: inherit; font-weight: inherit;\"><a href=\"https:\/\/www.facebook.com\/ciesas.oficial\">Facebook Live<\/a><\/span><\/strong><span style=\"font-style: inherit; font-weight: inherit;\">.\u00a0<\/span><\/p>\n<p><strong><span style=\"font-style: inherit; font-weight: inherit;\"><a href=\"https:\/\/www.facebook.com\/ciesas.oficial\">https:\/\/www.facebook.com\/ciesas.oficial<\/a><\/span><\/strong><\/p>\n<p><strong><span style=\"font-style: inherit; font-weight: inherit;\"><a href=\"https:\/\/www.facebook.com\/smineriaciesas\">https:\/\/www.facebook.com\/smineriaciesas<\/a><\/span><\/strong><\/p>\n<p>&nbsp;<\/p>\n<p><strong><span style=\"font-style: inherit; font-weight: inherit;\">\u00a0<span style=\"color: #003300;\">Mayores informes:<\/span><\/span><\/strong><\/p>\n<p><span style=\"font-style: inherit; font-weight: inherit;\"><a href=\"mailto:seminariohistoriadelamineria@ciesas.edu.mx\">seminariohistoriadelamineria@ciesas.edu.mx<\/a><\/span><\/p>\n<p>&nbsp;<\/p>\n<p><strong><span style=\"font-style: inherit; font-weight: inherit;\">CIESAS<\/span><\/strong><br \/>\n<span style=\"font-style: inherit; font-weight: inherit;\">Ju\u00e1rez 222, col. Tlalpan Centro,<\/span><br \/>\n<span style=\"font-style: inherit; font-weight: inherit;\">Alcald\u00eda Tlalpan, Ciudad\u00a0de\u00a0M\u00e9xico<\/span><\/p>\n<p>&nbsp;<\/p>\n<p style=\"text-align: center;\"><a href=\"http:\/\/www.mexicoescultura.com\/\"><strong>mexicoescultura.com<\/strong><\/a><\/p>\n<p style=\"text-align: center;\"><a href=\"https:\/\/www.facebook.com\/hashtag\/patrimonioinah?__eep__=6&amp;__cft__%5b0%5d=AZVZnyH2eaPNvbD56J8v-lZo9HLoT0l5TLxtgm3nyUaWsxqYE4u7LdhoUXR-vjGv7jFF_YscloBWFkRO36TU0coOjrDqCSbyU_s_X-fHfJHyuqHnzZWkGPbOn8oMzwpF6FR0dy4d7QUUVvpwpNEKZEROMgnjS5szng8ZYcAUgsEu5HXSlI17Rbbjl_-F6oPM4zyERCzXVki94yxgU_hhMTwD&amp;__tn__=*NK-R\"><strong>#PatrimonioINAH<\/strong><\/a><\/p>\n<p style=\"text-align: center;\"><a href=\"https:\/\/www.facebook.com\/hashtag\/inahvirtual?__eep__=6&amp;__cft__%5b0%5d=AZVZnyH2eaPNvbD56J8v-lZo9HLoT0l5TLxtgm3nyUaWsxqYE4u7LdhoUXR-vjGv7jFF_YscloBWFkRO36TU0coOjrDqCSbyU_s_X-fHfJHyuqHnzZWkGPbOn8oMzwpF6FR0dy4d7QUUVvpwpNEKZEROMgnjS5szng8ZYcAUgsEu5HXSlI17Rbbjl_-F6oPM4zyERCzXVki94yxgU_hhMTwD&amp;__tn__=*NK-R\"><strong>#INAHVirtual<\/strong><\/a><\/p>\n<p>&nbsp;<\/p>\n<p><strong>DIRECCI\u00d3N DE ESTUDIOS HIST\u00d3RICOS \u2013 INAH<\/strong><br \/>\nAllende 172, esq. Ju\u00e1rez, col. Tlalpan Centro,<br \/>\nAlcald\u00eda Tlalpan, C.P. 14000, Ciudad de M\u00e9xico<br \/>\nTel.: 55 4166 0780 \/ 55 4166 0784<br \/>\n<a href=\"http:\/\/estudioshistoricos.inah.gob.mx\/\">http:\/\/estudioshistoricos.inah.gob.mx\/<\/a><\/p>\n<p>\u2014<\/p>\n<p><strong>Difusi\u00f3n DEH \u2013 INAH<\/strong><br \/>\nAllende 172, esq. Ju\u00e1rez, col. Tlalpan Centro,<br \/>\nAlcald\u00eda Tlalpan, C.P. 14000, Ciudad de M\u00e9xico<br \/>\nTel.: 55 4166 0780 \/ 55 4166 0784, ext. 411015<\/p>\n<p>&nbsp;<\/p>\n","protected":false},"excerpt":{"rendered":"<p>INSTITUTO NACIONAL DE ANTROPOLOG\u00cdA E HISTORIA DIRECCI\u00d3N DE ESTUDIOS HIST\u00d3RICOS ESCUELA NACIONAL DE ANTROPOLOG\u00cdA E HISTORIA CENTRO DE INVESTIGACIONES Y ESTUDIOS SUPERIORES EN ANTROPOLOG\u00cdA SOCIAL &nbsp; &nbsp; Viernes 26 de septiembre, 12:00 hrs. \u00a0 El\u00a0Seminario Historia de la Miner\u00eda en M\u00e9xico y Regiones Comparadas\u00a0presenta:\u00a0El fracaso del nacionalismo petrolero canadiense,\u00a0a cargo&#8230; <a class=\"continue-reading-link\" href=\"https:\/\/estudioshistoricos.inah.gob.mx\/?p=16905\">Seguir leyendo<\/a><\/p>\n","protected":false},"author":2,"featured_media":16906,"comment_status":"closed","ping_status":"closed","sticky":false,"template":"","format":"standard","meta":{"footnotes":""},"categories":[129,10],"tags":[],"class_list":["post-16905","post","type-post","status-publish","format-standard","has-post-thumbnail","hentry","category-129","category-agenda-historica"],"_links":{"self":[{"href":"https:\/\/estudioshistoricos.inah.gob.mx\/index.php?rest_route=\/wp\/v2\/posts\/16905","targetHints":{"allow":["GET"]}}],"collection":[{"href":"https:\/\/estudioshistoricos.inah.gob.mx\/index.php?rest_route=\/wp\/v2\/posts"}],"about":[{"href":"https:\/\/estudioshistoricos.inah.gob.mx\/index.php?rest_route=\/wp\/v2\/types\/post"}],"author":[{"embeddable":true,"href":"https:\/\/estudioshistoricos.inah.gob.mx\/index.php?rest_route=\/wp\/v2\/users\/2"}],"replies":[{"embeddable":true,"href":"https:\/\/estudioshistoricos.inah.gob.mx\/index.php?rest_route=%2Fwp%2Fv2%2Fcomments&post=16905"}],"version-history":[{"count":1,"href":"https:\/\/estudioshistoricos.inah.gob.mx\/index.php?rest_route=\/wp\/v2\/posts\/16905\/revisions"}],"predecessor-version":[{"id":16908,"href":"https:\/\/estudioshistoricos.inah.gob.mx\/index.php?rest_route=\/wp\/v2\/posts\/16905\/revisions\/16908"}],"wp:featuredmedia":[{"embeddable":true,"href":"https:\/\/estudioshistoricos.inah.gob.mx\/index.php?rest_route=\/wp\/v2\/media\/16906"}],"wp:attachment":[{"href":"https:\/\/estudioshistoricos.inah.gob.mx\/index.php?rest_route=%2Fwp%2Fv2%2Fmedia&parent=16905"}],"wp:term":[{"taxonomy":"category","embeddable":true,"href":"https:\/\/estudioshistoricos.inah.gob.mx\/index.php?rest_route=%2Fwp%2Fv2%2Fcategories&post=16905"},{"taxonomy":"post_tag","embeddable":true,"href":"https:\/\/estudioshistoricos.inah.gob.mx\/index.php?rest_route=%2Fwp%2Fv2%2Ftags&post=16905"}],"curies":[{"name":"wp","href":"https:\/\/api.w.org\/{rel}","templated":true}]}}