{"id":16910,"date":"2025-04-25T15:00:17","date_gmt":"2025-04-25T21:00:17","guid":{"rendered":"https:\/\/estudioshistoricos.inah.gob.mx\/?p=16910"},"modified":"2025-10-03T12:07:13","modified_gmt":"2025-10-03T18:07:13","slug":"diplomado-insurgencias-sociales-protestas-y-rebeliones-en-nueva-espana-y-mexico-siglos-xvi-xxi-3","status":"publish","type":"post","link":"https:\/\/estudioshistoricos.inah.gob.mx\/?p=16910","title":{"rendered":"DIPLOMADO  INSURGENCIAS SOCIALES, PROTESTAS Y REBELIONES EN NUEVA ESPA\u00d1A Y M\u00c9XICO, SIGLOS XVI-XXI"},"content":{"rendered":"<p style=\"text-align: center;\"><strong>INSTITUTO NACIONAL\u00a0DE\u00a0ANTROPOLOG\u00cdA E\u00a0HISTORIA<\/strong><br \/>\n<strong>DIRECCI\u00d3N\u00a0DE\u00a0ESTUDIOS HIST\u00d3RICOS<\/strong><\/p>\n<p style=\"text-align: center;\"><strong>DIPLOMADO<\/strong><\/p>\n<p style=\"text-align: center;\"><span style=\"color: #961111;\"><strong>INSURGENCIAS SOCIALES, PROTESTAS Y REBELIONES EN NUEVA ESPA\u00d1A Y M\u00c9XICO, SIGLOS XVI-XXI<\/strong><\/span><\/p>\n<p style=\"text-align: center;\"><span style=\"color: #961111;\"><strong>M\u00d3DULO I.\u00a0\u00a0REBELIONES IND\u00cdGENAS Y CAMPESINAS<\/strong><\/span><\/p>\n<p>&nbsp;<\/p>\n<p><img loading=\"lazy\" decoding=\"async\" class=\"size-full wp-image-16912 aligncenter\" src=\"https:\/\/estudioshistoricos.inah.gob.mx\/wp-content\/uploads\/Diplomado-Insurgencias-2-de-octubre-UNO.png\" alt=\"\" width=\"700\" height=\"394\" srcset=\"https:\/\/estudioshistoricos.inah.gob.mx\/wp-content\/uploads\/Diplomado-Insurgencias-2-de-octubre-UNO.png 700w, https:\/\/estudioshistoricos.inah.gob.mx\/wp-content\/uploads\/Diplomado-Insurgencias-2-de-octubre-UNO-300x169.png 300w, https:\/\/estudioshistoricos.inah.gob.mx\/wp-content\/uploads\/Diplomado-Insurgencias-2-de-octubre-UNO-622x350.png 622w, https:\/\/estudioshistoricos.inah.gob.mx\/wp-content\/uploads\/Diplomado-Insurgencias-2-de-octubre-UNO-150x84.png 150w\" sizes=\"auto, (max-width: 700px) 100vw, 700px\" \/><\/p>\n<p>&nbsp;<\/p>\n<p><span style=\"color: #961111;\"><strong>SESI\u00d3N 2\u00a0\u00a0<\/strong><\/span><\/p>\n<h3><span style=\"color: #003366;\"><strong>El mot\u00edn de los habitantes del pueblo de San Juan Guichicovi, 1784-1785<\/strong><\/span><\/h3>\n<h4><strong>\u00c1lvaro Alc\u00e1ntara<\/strong> |\u00a0Centro INAH Veracruz<\/h4>\n<p>&nbsp;<\/p>\n<h3><span style=\"color: #003366;\"><strong>Rebeliones ind\u00edgenas y repartimiento de mercanc\u00edas en el virreinato novohispano, siglo XVIII<\/strong><\/span><\/h3>\n<h4><strong>Leopoldo Mart\u00ednez \u00c1valos<\/strong> |\u00a0DEH, INAH<\/h4>\n<p>&nbsp;<\/p>\n<p><div class=\"ose-youtube ose-uid-1c5533efa519243ed7ec9906d42a5c45 ose-embedpress-responsive\" style=\"width:600px; height:550px; max-height:550px; max-width:100%; display:inline-block;\" data-embed-type=\"Youtube\"><iframe loading=\"lazy\" allowFullScreen=\"true\" title=\"2 de octubre de 2025. Diplomado Insurgencias sociales, protestas y rebeliones en Nueva Espa\u00f1a...\" width=\"600\" height=\"550\" src=\"https:\/\/www.youtube.com\/embed\/k-wDXrNXP6M?feature=oembed&color=red&rel=0&controls=1&start=&end=&fs=0&iv_load_policy=0&autoplay=0&mute=0&modestbranding=0&cc_load_policy=1&playsinline=1\" frameborder=\"0\" allow=\"accelerometer; encrypted-media;accelerometer;autoplay;clipboard-write;gyroscope;picture-in-picture clipboard-write; encrypted-media; gyroscope; picture-in-picture; web-share\" referrerpolicy=\"strict-origin-when-cross-origin\" allowfullscreen><\/iframe><\/div><\/p>\n<p>&nbsp;<\/p>\n<p><strong>\u00a0<\/strong><span style=\"color: #961111;\"><strong>Coordinan:<\/strong><\/span><\/p>\n<p><strong>Antonio Armando Alvarado G\u00f3mez<\/strong><br \/>\n<strong>Felipe Alejandro de la Torre Hern\u00e1ndez<\/strong><br \/>\n<strong>Mar\u00eda Magdalena P\u00e9rez Alfaro<\/strong><\/p>\n<p>&nbsp;<\/p>\n<p><strong>Jueves 2 de octubre de 17:00 a 19:30 horas<\/strong><\/p>\n<p><strong>\u00a0<\/strong><strong>Transmisi\u00f3n por el canal de YouTube de la<\/strong><br \/>\n<strong>Coordinaci\u00f3n Nacional de Antropolog\u00eda<\/strong><br \/>\n<strong><a href=\"https:\/\/www.youtube.com\/@antropologiacnan\">https:\/\/www.youtube.com\/@antropologiacnan<\/a><\/strong><\/p>\n<p>&nbsp;<\/p>\n<p style=\"text-align: center;\"><a href=\"http:\/\/www.mexicoescultura.com\/\"><strong>mexicoescultura.com<\/strong><\/a><\/p>\n<p style=\"text-align: center;\"><a href=\"https:\/\/www.facebook.com\/hashtag\/patrimonioinah?__eep__=6&amp;__cft__%5b0%5d=AZVZnyH2eaPNvbD56J8v-lZo9HLoT0l5TLxtgm3nyUaWsxqYE4u7LdhoUXR-vjGv7jFF_YscloBWFkRO36TU0coOjrDqCSbyU_s_X-fHfJHyuqHnzZWkGPbOn8oMzwpF6FR0dy4d7QUUVvpwpNEKZEROMgnjS5szng8ZYcAUgsEu5HXSlI17Rbbjl_-F6oPM4zyERCzXVki94yxgU_hhMTwD&amp;__tn__=*NK-R\"><strong>#PatrimonioINAH<\/strong><\/a><\/p>\n<p style=\"text-align: center;\"><a href=\"https:\/\/www.facebook.com\/hashtag\/inahvirtual?__eep__=6&amp;__cft__%5b0%5d=AZVZnyH2eaPNvbD56J8v-lZo9HLoT0l5TLxtgm3nyUaWsxqYE4u7LdhoUXR-vjGv7jFF_YscloBWFkRO36TU0coOjrDqCSbyU_s_X-fHfJHyuqHnzZWkGPbOn8oMzwpF6FR0dy4d7QUUVvpwpNEKZEROMgnjS5szng8ZYcAUgsEu5HXSlI17Rbbjl_-F6oPM4zyERCzXVki94yxgU_hhMTwD&amp;__tn__=*NK-R\"><strong>#INAHVirtual<\/strong><\/a><\/p>\n<p><strong>DIRECCI\u00d3N DE ESTUDIOS HIST\u00d3RICOS \u2013 INAH<\/strong><br \/>\nAllende 172, esq. Ju\u00e1rez, col. Tlalpan Centro,<br \/>\nAlcald\u00eda Tlalpan, C.P. 14000, Ciudad de M\u00e9xico<br \/>\nTel.: 55 4166 0780 \/ 55 4166 0784<br \/>\n<a href=\"http:\/\/estudioshistoricos.inah.gob.mx\/\">http:\/\/estudioshistoricos.inah.gob.mx\/<\/a><\/p>\n<p>\u2014<\/p>\n<p><strong>Difusi\u00f3n DEH \u2013 INAH<\/strong><br \/>\nAllende 172, esq. Ju\u00e1rez, col. Tlalpan Centro,<br \/>\nAlcald\u00eda Tlalpan, C.P. 14000, Ciudad de M\u00e9xico<br \/>\nTel.: 55 4166 0780 \/ 55 4166 0784, ext. 411015<\/p>\n<p>&nbsp;<\/p>\n<p>&nbsp;<\/p>\n","protected":false},"excerpt":{"rendered":"<p>INSTITUTO NACIONAL\u00a0DE\u00a0ANTROPOLOG\u00cdA E\u00a0HISTORIA DIRECCI\u00d3N\u00a0DE\u00a0ESTUDIOS HIST\u00d3RICOS DIPLOMADO INSURGENCIAS SOCIALES, PROTESTAS Y REBELIONES EN NUEVA ESPA\u00d1A Y M\u00c9XICO, SIGLOS XVI-XXI M\u00d3DULO I.\u00a0\u00a0REBELIONES IND\u00cdGENAS Y CAMPESINAS &nbsp; &nbsp; SESI\u00d3N 2\u00a0\u00a0 El mot\u00edn de los habitantes del pueblo de San Juan Guichicovi, 1784-1785 \u00c1lvaro Alc\u00e1ntara |\u00a0Centro INAH Veracruz &nbsp; Rebeliones ind\u00edgenas y repartimiento de&#8230; <a class=\"continue-reading-link\" href=\"https:\/\/estudioshistoricos.inah.gob.mx\/?p=16910\">Seguir leyendo<\/a><\/p>\n","protected":false},"author":2,"featured_media":16911,"comment_status":"closed","ping_status":"closed","sticky":false,"template":"","format":"standard","meta":{"footnotes":""},"categories":[129,10],"tags":[],"class_list":["post-16910","post","type-post","status-publish","format-standard","has-post-thumbnail","hentry","category-129","category-agenda-historica"],"_links":{"self":[{"href":"https:\/\/estudioshistoricos.inah.gob.mx\/index.php?rest_route=\/wp\/v2\/posts\/16910","targetHints":{"allow":["GET"]}}],"collection":[{"href":"https:\/\/estudioshistoricos.inah.gob.mx\/index.php?rest_route=\/wp\/v2\/posts"}],"about":[{"href":"https:\/\/estudioshistoricos.inah.gob.mx\/index.php?rest_route=\/wp\/v2\/types\/post"}],"author":[{"embeddable":true,"href":"https:\/\/estudioshistoricos.inah.gob.mx\/index.php?rest_route=\/wp\/v2\/users\/2"}],"replies":[{"embeddable":true,"href":"https:\/\/estudioshistoricos.inah.gob.mx\/index.php?rest_route=%2Fwp%2Fv2%2Fcomments&post=16910"}],"version-history":[{"count":3,"href":"https:\/\/estudioshistoricos.inah.gob.mx\/index.php?rest_route=\/wp\/v2\/posts\/16910\/revisions"}],"predecessor-version":[{"id":16931,"href":"https:\/\/estudioshistoricos.inah.gob.mx\/index.php?rest_route=\/wp\/v2\/posts\/16910\/revisions\/16931"}],"wp:featuredmedia":[{"embeddable":true,"href":"https:\/\/estudioshistoricos.inah.gob.mx\/index.php?rest_route=\/wp\/v2\/media\/16911"}],"wp:attachment":[{"href":"https:\/\/estudioshistoricos.inah.gob.mx\/index.php?rest_route=%2Fwp%2Fv2%2Fmedia&parent=16910"}],"wp:term":[{"taxonomy":"category","embeddable":true,"href":"https:\/\/estudioshistoricos.inah.gob.mx\/index.php?rest_route=%2Fwp%2Fv2%2Fcategories&post=16910"},{"taxonomy":"post_tag","embeddable":true,"href":"https:\/\/estudioshistoricos.inah.gob.mx\/index.php?rest_route=%2Fwp%2Fv2%2Ftags&post=16910"}],"curies":[{"name":"wp","href":"https:\/\/api.w.org\/{rel}","templated":true}]}}