{"id":16922,"date":"2025-04-25T15:30:32","date_gmt":"2025-04-25T21:30:32","guid":{"rendered":"https:\/\/estudioshistoricos.inah.gob.mx\/?p=16922"},"modified":"2025-10-13T12:27:13","modified_gmt":"2025-10-13T18:27:13","slug":"primer-ciclo-virtual-de-platicas-los-mayas-en-el-inah","status":"publish","type":"post","link":"https:\/\/estudioshistoricos.inah.gob.mx\/?p=16922","title":{"rendered":"PRIMER CICLO VIRTUAL DE PL\u00c1TICAS.  LOS MAYAS EN EL INAH"},"content":{"rendered":"<p style=\"text-align: center;\"><strong>INSTITUTO NACIONAL\u00a0DE\u00a0ANTROPOLOG\u00cdA E\u00a0HISTORIA<\/strong><br \/>\n<strong>DIRECCI\u00d3N\u00a0DE\u00a0ESTUDIOS HIST\u00d3RICOS<\/strong><\/p>\n<p style=\"text-align: center;\">Le invitan al<\/p>\n<p style=\"text-align: center;\"><strong>PRIMER CICLO VIRTUAL DE PL\u00c1TICAS. <\/strong><\/p>\n<h3 style=\"text-align: center;\"><span style=\"color: #993300;\"><strong>LOS MAYAS EN EL INAH<\/strong><\/span><\/h3>\n<p style=\"text-align: center;\">del lunes 6 al viernes 10 de octubre, de 10:00 a 13:00 hrs.<\/p>\n<p>&nbsp;<\/p>\n<p><img loading=\"lazy\" decoding=\"async\" class=\"size-full wp-image-16924 aligncenter\" src=\"https:\/\/estudioshistoricos.inah.gob.mx\/wp-content\/uploads\/Los-Mayas-en-el-INAH-del-6-al-10-de-octubre-UNO.jpg\" alt=\"\" width=\"700\" height=\"875\" srcset=\"https:\/\/estudioshistoricos.inah.gob.mx\/wp-content\/uploads\/Los-Mayas-en-el-INAH-del-6-al-10-de-octubre-UNO.jpg 700w, https:\/\/estudioshistoricos.inah.gob.mx\/wp-content\/uploads\/Los-Mayas-en-el-INAH-del-6-al-10-de-octubre-UNO-240x300.jpg 240w, https:\/\/estudioshistoricos.inah.gob.mx\/wp-content\/uploads\/Los-Mayas-en-el-INAH-del-6-al-10-de-octubre-UNO-280x350.jpg 280w, https:\/\/estudioshistoricos.inah.gob.mx\/wp-content\/uploads\/Los-Mayas-en-el-INAH-del-6-al-10-de-octubre-UNO-120x150.jpg 120w\" sizes=\"auto, (max-width: 700px) 100vw, 700px\" \/><\/p>\n<p>&nbsp;<\/p>\n<p><img loading=\"lazy\" decoding=\"async\" class=\"size-full wp-image-16925 aligncenter\" src=\"https:\/\/estudioshistoricos.inah.gob.mx\/wp-content\/uploads\/Programa-Los-Mayas-en-el-INAH-6-al-10-de-octubre-UNO.jpg\" alt=\"\" width=\"700\" height=\"875\" srcset=\"https:\/\/estudioshistoricos.inah.gob.mx\/wp-content\/uploads\/Programa-Los-Mayas-en-el-INAH-6-al-10-de-octubre-UNO.jpg 700w, https:\/\/estudioshistoricos.inah.gob.mx\/wp-content\/uploads\/Programa-Los-Mayas-en-el-INAH-6-al-10-de-octubre-UNO-240x300.jpg 240w, https:\/\/estudioshistoricos.inah.gob.mx\/wp-content\/uploads\/Programa-Los-Mayas-en-el-INAH-6-al-10-de-octubre-UNO-280x350.jpg 280w, https:\/\/estudioshistoricos.inah.gob.mx\/wp-content\/uploads\/Programa-Los-Mayas-en-el-INAH-6-al-10-de-octubre-UNO-120x150.jpg 120w\" sizes=\"auto, (max-width: 700px) 100vw, 700px\" \/><\/p>\n<p>&nbsp;<\/p>\n<p>Transmisi\u00f3n en vivo por el canal de YouTube de la<br \/>\nCoordinaci\u00f3n Nacional de Antropolog\u00eda<\/p>\n<p><a href=\"https:\/\/www.youtube.com\/@antropologiacnan?fbclid=IwZXh0bgNhZW0CMTAAYnJpZBExSkJrY0NOREJNRldRVnFoNAEeGrhQKEoA7eps-oiGjMp-ifBKUjZgYXCg2O0nFpqdkYcdTbdRGiOdlWPEdzw_aem_fZIK_hiY43Xpj-i1NI7zfA\" data-linkindex=\"0\" data-ogsc=\"\" data-auth=\"NotApplicable\">https:\/\/www.youtube.com\/@antropologiacnan<\/a><\/p>\n<p>&nbsp;<\/p>\n<p class=\"yiv2865852206MsoNormal\"><span style=\"color: #bf0b0b;\"><b>Lunes 6 de octubre<\/b><\/span><\/p>\n<p class=\"yiv2865852206MsoNormal\"><a href=\"https:\/\/www.youtube.com\/live\/j2tDx6hzgbQ\" target=\"_blank\" rel=\"nofollow noopener noreferrer\"><b>https:\/\/www.youtube.com\/live\/j2tDx6hzgbQ<\/b><\/a><\/p>\n<p class=\"yiv2865852206MsoNormal\"><b>\u00a0<\/b><\/p>\n<p class=\"yiv2865852206MsoNormal\"><span style=\"color: #bf0b0b;\"><b>Martes 7 de octubre<\/b><\/span><\/p>\n<p class=\"yiv2865852206MsoNormal\"><a href=\"https:\/\/www.youtube.com\/live\/-ZNevob0UHQ\" target=\"_blank\" rel=\"nofollow noopener noreferrer\"><b>https:\/\/www.youtube.com\/live\/-ZNevob0UHQ<\/b><\/a><\/p>\n<p class=\"yiv2865852206MsoNormal\"><b>\u00a0<\/b><\/p>\n<p class=\"yiv2865852206MsoNormal\"><span style=\"color: #bf0b0b;\"><b>Mi\u00e9rcoles 8 de octubre<\/b><\/span><\/p>\n<p class=\"yiv2865852206MsoNormal\"><b><a href=\"https:\/\/www.youtube.com\/live\/mCFQwHvG2tE\" target=\"_blank\" rel=\"nofollow noopener noreferrer\">https:\/\/www.youtube.com\/live\/mCFQwHvG2tE<\/a><\/b><\/p>\n<p class=\"yiv2865852206MsoNormal\"><b>\u00a0<\/b><\/p>\n<p class=\"yiv2865852206MsoNormal\"><span style=\"color: #bf0b0b;\"><b>Jueves 9 de octubre<\/b><\/span><\/p>\n<p class=\"yiv2865852206MsoNormal\"><a href=\"https:\/\/www.youtube.com\/live\/wnoEAoFTzUY\" target=\"_blank\" rel=\"nofollow noopener noreferrer\"><b>https:\/\/www.youtube.com\/live\/wnoEAoFTzUY<\/b><\/a><\/p>\n<p class=\"yiv2865852206MsoNormal\"><b>\u00a0<\/b><\/p>\n<p class=\"yiv2865852206MsoNormal\"><span style=\"color: #bf0b0b;\"><b>Viernes 10 de octubre<\/b><\/span><\/p>\n<p><b><a href=\"https:\/\/www.youtube.com\/live\/POFRv-vZ590\" target=\"_blank\" rel=\"nofollow noopener noreferrer\">https:\/\/www.youtube.com\/live\/POFRv-vZ590<\/a><\/b><\/p>\n<p>&nbsp;<\/p>\n<p><span style=\"color: #bf0b0b;\">Mayores informes en:<\/span> <strong>jchavez.deh@inah.gob.mx<\/strong><\/p>\n<p>&nbsp;<\/p>\n<p style=\"text-align: center;\"><a href=\"http:\/\/www.mexicoescultura.com\/\"><strong>mexicoescultura.com<\/strong><\/a><\/p>\n<p style=\"text-align: center;\"><a href=\"https:\/\/www.facebook.com\/hashtag\/patrimonioinah?__eep__=6&amp;__cft__%5b0%5d=AZVZnyH2eaPNvbD56J8v-lZo9HLoT0l5TLxtgm3nyUaWsxqYE4u7LdhoUXR-vjGv7jFF_YscloBWFkRO36TU0coOjrDqCSbyU_s_X-fHfJHyuqHnzZWkGPbOn8oMzwpF6FR0dy4d7QUUVvpwpNEKZEROMgnjS5szng8ZYcAUgsEu5HXSlI17Rbbjl_-F6oPM4zyERCzXVki94yxgU_hhMTwD&amp;__tn__=*NK-R\"><strong>#PatrimonioINAH<\/strong><\/a><\/p>\n<p style=\"text-align: center;\"><a href=\"https:\/\/www.facebook.com\/hashtag\/inahvirtual?__eep__=6&amp;__cft__%5b0%5d=AZVZnyH2eaPNvbD56J8v-lZo9HLoT0l5TLxtgm3nyUaWsxqYE4u7LdhoUXR-vjGv7jFF_YscloBWFkRO36TU0coOjrDqCSbyU_s_X-fHfJHyuqHnzZWkGPbOn8oMzwpF6FR0dy4d7QUUVvpwpNEKZEROMgnjS5szng8ZYcAUgsEu5HXSlI17Rbbjl_-F6oPM4zyERCzXVki94yxgU_hhMTwD&amp;__tn__=*NK-R\"><strong>#INAHVirtual<\/strong><\/a><\/p>\n<p>&nbsp;<\/p>\n<p><strong>DIRECCI\u00d3N DE ESTUDIOS HIST\u00d3RICOS \u2013 INAH<\/strong><br \/>\nAllende 172, esq. Ju\u00e1rez, col. Tlalpan Centro,<br \/>\nAlcald\u00eda Tlalpan, C.P. 14000, Ciudad de M\u00e9xico<br \/>\nTel.: 55 4166 0780 \/ 55 4166 0784<br \/>\n<a href=\"http:\/\/estudioshistoricos.inah.gob.mx\/\">http:\/\/estudioshistoricos.inah.gob.mx\/<\/a><\/p>\n<p>\u2014<\/p>\n<p><strong>Difusi\u00f3n DEH \u2013 INAH<\/strong><br \/>\nAllende 172, esq. Ju\u00e1rez, col. Tlalpan Centro,<br \/>\nAlcald\u00eda Tlalpan, C.P. 14000, Ciudad de M\u00e9xico<br \/>\nTel.: 55 4166 0780 \/ 55 4166 0784, ext. 411015<\/p>\n<p>&nbsp;<\/p>\n","protected":false},"excerpt":{"rendered":"<p>INSTITUTO NACIONAL\u00a0DE\u00a0ANTROPOLOG\u00cdA E\u00a0HISTORIA DIRECCI\u00d3N\u00a0DE\u00a0ESTUDIOS HIST\u00d3RICOS Le invitan al PRIMER CICLO VIRTUAL DE PL\u00c1TICAS. LOS MAYAS EN EL INAH del lunes 6 al viernes 10 de octubre, de 10:00 a 13:00 hrs. &nbsp; &nbsp; &nbsp; Transmisi\u00f3n en vivo por el canal de YouTube de la Coordinaci\u00f3n Nacional de Antropolog\u00eda https:\/\/www.youtube.com\/@antropologiacnan &nbsp;&#8230; <a class=\"continue-reading-link\" href=\"https:\/\/estudioshistoricos.inah.gob.mx\/?p=16922\">Seguir leyendo<\/a><\/p>\n","protected":false},"author":2,"featured_media":16923,"comment_status":"closed","ping_status":"closed","sticky":false,"template":"","format":"standard","meta":{"footnotes":""},"categories":[129,10],"tags":[],"class_list":["post-16922","post","type-post","status-publish","format-standard","has-post-thumbnail","hentry","category-129","category-agenda-historica"],"_links":{"self":[{"href":"https:\/\/estudioshistoricos.inah.gob.mx\/index.php?rest_route=\/wp\/v2\/posts\/16922","targetHints":{"allow":["GET"]}}],"collection":[{"href":"https:\/\/estudioshistoricos.inah.gob.mx\/index.php?rest_route=\/wp\/v2\/posts"}],"about":[{"href":"https:\/\/estudioshistoricos.inah.gob.mx\/index.php?rest_route=\/wp\/v2\/types\/post"}],"author":[{"embeddable":true,"href":"https:\/\/estudioshistoricos.inah.gob.mx\/index.php?rest_route=\/wp\/v2\/users\/2"}],"replies":[{"embeddable":true,"href":"https:\/\/estudioshistoricos.inah.gob.mx\/index.php?rest_route=%2Fwp%2Fv2%2Fcomments&post=16922"}],"version-history":[{"count":5,"href":"https:\/\/estudioshistoricos.inah.gob.mx\/index.php?rest_route=\/wp\/v2\/posts\/16922\/revisions"}],"predecessor-version":[{"id":16941,"href":"https:\/\/estudioshistoricos.inah.gob.mx\/index.php?rest_route=\/wp\/v2\/posts\/16922\/revisions\/16941"}],"wp:featuredmedia":[{"embeddable":true,"href":"https:\/\/estudioshistoricos.inah.gob.mx\/index.php?rest_route=\/wp\/v2\/media\/16923"}],"wp:attachment":[{"href":"https:\/\/estudioshistoricos.inah.gob.mx\/index.php?rest_route=%2Fwp%2Fv2%2Fmedia&parent=16922"}],"wp:term":[{"taxonomy":"category","embeddable":true,"href":"https:\/\/estudioshistoricos.inah.gob.mx\/index.php?rest_route=%2Fwp%2Fv2%2Fcategories&post=16922"},{"taxonomy":"post_tag","embeddable":true,"href":"https:\/\/estudioshistoricos.inah.gob.mx\/index.php?rest_route=%2Fwp%2Fv2%2Ftags&post=16922"}],"curies":[{"name":"wp","href":"https:\/\/api.w.org\/{rel}","templated":true}]}}