{"id":16937,"date":"2025-04-25T17:00:49","date_gmt":"2025-04-25T23:00:49","guid":{"rendered":"https:\/\/estudioshistoricos.inah.gob.mx\/?p=16937"},"modified":"2025-10-17T13:39:25","modified_gmt":"2025-10-17T19:39:25","slug":"seminario-permanente-sobre-las-derechas-en-mexico-12","status":"publish","type":"post","link":"https:\/\/estudioshistoricos.inah.gob.mx\/?p=16937","title":{"rendered":"SEMINARIO PERMANENTE SOBRE LAS DERECHAS EN M\u00c9XICO"},"content":{"rendered":"<p style=\"text-align: center;\"><strong>INSTITUTO NACIONAL DE ANTROPOLOG\u00cdA E HISTORIA<\/strong><br \/>\n<strong>DIRECCI\u00d3N DE ESTUDIOS HIST\u00d3RICOS<\/strong><br \/>\n<strong>SEMINARIO PERMANENTE SOBRE LAS DERECHAS EN M\u00c9XICO<\/strong><\/p>\n<p style=\"text-align: center;\">Le hacen una cordial invitaci\u00f3n para que asista a la conferencia:<\/p>\n<h3 style=\"text-align: center;\"><span style=\"color: #008000;\"><strong>LA SITUACI\u00d3N POL\u00cdTICA BRASILE\u00d1A ACTUAL<\/strong><\/span><br \/>\n<span style=\"color: #008000;\">GOLPES, AMNIST\u00cdA Y JUSTICIA<\/span><\/h3>\n<h4 style=\"text-align: center;\"><span style=\"color: #339966;\"><strong>Leandro Pereira\u00a0<\/strong><strong>Gon\u00e7alves<\/strong><\/span><br \/>\n<span style=\"color: #000000;\">Universidad Federal de Juiz de Fora, CNPq<\/span><\/h4>\n<p style=\"text-align: center;\"><img loading=\"lazy\" decoding=\"async\" class=\"size-full wp-image-16939 aligncenter\" src=\"https:\/\/estudioshistoricos.inah.gob.mx\/wp-content\/uploads\/Seminario-Permanente-sobre-las-Derechas-16-de-octubre-UNO.png\" alt=\"\" width=\"700\" height=\"875\" srcset=\"https:\/\/estudioshistoricos.inah.gob.mx\/wp-content\/uploads\/Seminario-Permanente-sobre-las-Derechas-16-de-octubre-UNO.png 700w, https:\/\/estudioshistoricos.inah.gob.mx\/wp-content\/uploads\/Seminario-Permanente-sobre-las-Derechas-16-de-octubre-UNO-240x300.png 240w, https:\/\/estudioshistoricos.inah.gob.mx\/wp-content\/uploads\/Seminario-Permanente-sobre-las-Derechas-16-de-octubre-UNO-280x350.png 280w, https:\/\/estudioshistoricos.inah.gob.mx\/wp-content\/uploads\/Seminario-Permanente-sobre-las-Derechas-16-de-octubre-UNO-120x150.png 120w\" sizes=\"auto, (max-width: 700px) 100vw, 700px\" \/><\/p>\n<p>&nbsp;<\/p>\n<p><span style=\"color: #008000;\"><strong>Modera:<\/strong><\/span><\/p>\n<p><strong>C\u00e9sar E. Valdez<\/strong><\/p>\n<p>&nbsp;<\/p>\n<p><span style=\"color: #008000;\"><strong>Coordina:<\/strong><\/span><\/p>\n<p><strong>Tania Hern\u00e1ndez<\/strong><\/p>\n<p>&nbsp;<\/p>\n<p><strong>Jueves 16 de octubre, 16:00 hrs.<\/strong><\/p>\n<p>&nbsp;<\/p>\n<p><strong>Sala de Usos M\u00faltiples | Direcci\u00f3n de Estudios Hist\u00f3ricos<\/strong><\/p>\n<p><strong>Transmisi\u00f3n por el canal de YouTube de la<\/strong><br \/>\n<strong>Coordinaci\u00f3n Nacional de Antropolog\u00eda<\/strong><\/p>\n<p><strong><a href=\"https:\/\/www.youtube.com\/@antropologiacnan\">https:\/\/www.youtube.com\/@antropologiacnan<\/a><\/strong><\/p>\n<p><div class=\"ose-youtube ose-uid-d2a7ae2c1bd20adf77e655153f2f4bd9 ose-embedpress-responsive\" style=\"width:600px; height:550px; max-height:550px; max-width:100%; display:inline-block;\" data-embed-type=\"Youtube\"><iframe loading=\"lazy\" allowFullScreen=\"true\" title=\"16 de octubre de 2025. La situaci\u00f3n pol\u00edtica brasile\u00f1a actual. Golpes, amnist\u00eda y justicia\" width=\"600\" height=\"550\" src=\"https:\/\/www.youtube.com\/embed\/JjD2kLhvJBM?feature=oembed&color=red&rel=0&controls=1&start=&end=&fs=0&iv_load_policy=0&autoplay=0&mute=0&modestbranding=0&cc_load_policy=1&playsinline=1\" frameborder=\"0\" allow=\"accelerometer; encrypted-media;accelerometer;autoplay;clipboard-write;gyroscope;picture-in-picture clipboard-write; encrypted-media; gyroscope; picture-in-picture; web-share\" referrerpolicy=\"strict-origin-when-cross-origin\" allowfullscreen><\/iframe><\/div><\/p>\n<p>&nbsp;<\/p>\n<p><span style=\"color: #008000;\"><strong>Informes:<\/strong><\/span>\u00a0<a href=\"mailto:thernandez.deh@inah.gob.mx\">thernandez.deh@inah.gob.mx<\/a><\/p>\n<p>&nbsp;<\/p>\n<p style=\"text-align: center;\"><a href=\"http:\/\/www.mexicoescultura.com\/\"><strong>mexicoescultura.com<\/strong><\/a><\/p>\n<p style=\"text-align: center;\"><a href=\"https:\/\/www.facebook.com\/hashtag\/patrimonioinah?__eep__=6&amp;__cft__%5b0%5d=AZVZnyH2eaPNvbD56J8v-lZo9HLoT0l5TLxtgm3nyUaWsxqYE4u7LdhoUXR-vjGv7jFF_YscloBWFkRO36TU0coOjrDqCSbyU_s_X-fHfJHyuqHnzZWkGPbOn8oMzwpF6FR0dy4d7QUUVvpwpNEKZEROMgnjS5szng8ZYcAUgsEu5HXSlI17Rbbjl_-F6oPM4zyERCzXVki94yxgU_hhMTwD&amp;__tn__=*NK-R\"><strong>#PatrimonioINAH<\/strong><\/a><\/p>\n<p style=\"text-align: center;\"><a href=\"https:\/\/www.facebook.com\/hashtag\/inahvirtual?__eep__=6&amp;__cft__%5b0%5d=AZVZnyH2eaPNvbD56J8v-lZo9HLoT0l5TLxtgm3nyUaWsxqYE4u7LdhoUXR-vjGv7jFF_YscloBWFkRO36TU0coOjrDqCSbyU_s_X-fHfJHyuqHnzZWkGPbOn8oMzwpF6FR0dy4d7QUUVvpwpNEKZEROMgnjS5szng8ZYcAUgsEu5HXSlI17Rbbjl_-F6oPM4zyERCzXVki94yxgU_hhMTwD&amp;__tn__=*NK-R\"><strong>#INAHVirtual<\/strong><\/a><\/p>\n<p><strong>DIRECCI\u00d3N DE ESTUDIOS HIST\u00d3RICOS \u2013 INAH<\/strong><br \/>\nAllende 172, esq. Ju\u00e1rez, col. Tlalpan Centro,<br \/>\nAlcald\u00eda Tlalpan, C.P. 14000, Ciudad de M\u00e9xico<br \/>\nTel.: 55 4166 0780 \/ 55 4166 0784<br \/>\n<a href=\"http:\/\/estudioshistoricos.inah.gob.mx\/\">http:\/\/estudioshistoricos.inah.gob.mx\/<\/a><\/p>\n<p>\u2014<\/p>\n<p><strong>Difusi\u00f3n DEH \u2013 INAH<\/strong><br \/>\nAllende 172, esq. Ju\u00e1rez, col. Tlalpan Centro,<br \/>\nAlcald\u00eda Tlalpan, C.P. 14000, Ciudad de M\u00e9xico<br \/>\nTel.: 55 4166 0780 \/ 55 4166 0784, ext. 411015<\/p>\n","protected":false},"excerpt":{"rendered":"<p>INSTITUTO NACIONAL DE ANTROPOLOG\u00cdA E HISTORIA DIRECCI\u00d3N DE ESTUDIOS HIST\u00d3RICOS SEMINARIO PERMANENTE SOBRE LAS DERECHAS EN M\u00c9XICO Le hacen una cordial invitaci\u00f3n para que asista a la conferencia: LA SITUACI\u00d3N POL\u00cdTICA BRASILE\u00d1A ACTUAL GOLPES, AMNIST\u00cdA Y JUSTICIA Leandro Pereira\u00a0Gon\u00e7alves Universidad Federal de Juiz de Fora, CNPq &nbsp; Modera: C\u00e9sar E&#8230;. <a class=\"continue-reading-link\" href=\"https:\/\/estudioshistoricos.inah.gob.mx\/?p=16937\">Seguir leyendo<\/a><\/p>\n","protected":false},"author":2,"featured_media":16938,"comment_status":"closed","ping_status":"closed","sticky":false,"template":"","format":"standard","meta":{"footnotes":""},"categories":[129,10],"tags":[],"class_list":["post-16937","post","type-post","status-publish","format-standard","has-post-thumbnail","hentry","category-129","category-agenda-historica"],"_links":{"self":[{"href":"https:\/\/estudioshistoricos.inah.gob.mx\/index.php?rest_route=\/wp\/v2\/posts\/16937","targetHints":{"allow":["GET"]}}],"collection":[{"href":"https:\/\/estudioshistoricos.inah.gob.mx\/index.php?rest_route=\/wp\/v2\/posts"}],"about":[{"href":"https:\/\/estudioshistoricos.inah.gob.mx\/index.php?rest_route=\/wp\/v2\/types\/post"}],"author":[{"embeddable":true,"href":"https:\/\/estudioshistoricos.inah.gob.mx\/index.php?rest_route=\/wp\/v2\/users\/2"}],"replies":[{"embeddable":true,"href":"https:\/\/estudioshistoricos.inah.gob.mx\/index.php?rest_route=%2Fwp%2Fv2%2Fcomments&post=16937"}],"version-history":[{"count":2,"href":"https:\/\/estudioshistoricos.inah.gob.mx\/index.php?rest_route=\/wp\/v2\/posts\/16937\/revisions"}],"predecessor-version":[{"id":16981,"href":"https:\/\/estudioshistoricos.inah.gob.mx\/index.php?rest_route=\/wp\/v2\/posts\/16937\/revisions\/16981"}],"wp:featuredmedia":[{"embeddable":true,"href":"https:\/\/estudioshistoricos.inah.gob.mx\/index.php?rest_route=\/wp\/v2\/media\/16938"}],"wp:attachment":[{"href":"https:\/\/estudioshistoricos.inah.gob.mx\/index.php?rest_route=%2Fwp%2Fv2%2Fmedia&parent=16937"}],"wp:term":[{"taxonomy":"category","embeddable":true,"href":"https:\/\/estudioshistoricos.inah.gob.mx\/index.php?rest_route=%2Fwp%2Fv2%2Fcategories&post=16937"},{"taxonomy":"post_tag","embeddable":true,"href":"https:\/\/estudioshistoricos.inah.gob.mx\/index.php?rest_route=%2Fwp%2Fv2%2Ftags&post=16937"}],"curies":[{"name":"wp","href":"https:\/\/api.w.org\/{rel}","templated":true}]}}