{"id":16954,"date":"2025-04-25T17:15:56","date_gmt":"2025-04-25T23:15:56","guid":{"rendered":"https:\/\/estudioshistoricos.inah.gob.mx\/?p=16954"},"modified":"2025-10-17T13:40:38","modified_gmt":"2025-10-17T19:40:38","slug":"seminario-de-la-mirada-documental-66","status":"publish","type":"post","link":"https:\/\/estudioshistoricos.inah.gob.mx\/?p=16954","title":{"rendered":"SEMINARIO\u00a0DE\u00a0LA\u00a0MIRADA\u00a0DOCUMENTAL"},"content":{"rendered":"<p style=\"text-align: center;\"><strong>INSTITUTO NACIONAL\u00a0DE\u00a0ANTROPOLOG\u00cdA E HISTORIA<\/strong><br \/>\n<strong>DIRECCI\u00d3N\u00a0DE\u00a0ESTUDIOS HIST\u00d3RICOS<\/strong><br \/>\n<strong>INSTITUTO\u00a0DE\u00a0INVESTIGACIONES DR. JOS\u00c9 MAR\u00cdA LUIS MORA<\/strong><\/p>\n<p style=\"text-align: center;\">Invitan a que asista a\u00a0la\u00a0sesi\u00f3n\u00a0del<\/p>\n<p style=\"text-align: center;\"><strong>SEMINARIO\u00a0DE\u00a0LA\u00a0MIRADA\u00a0DOCUMENTAL<\/strong><\/p>\n<p>&nbsp;<\/p>\n<p><img loading=\"lazy\" decoding=\"async\" class=\"size-full wp-image-16956 aligncenter\" src=\"https:\/\/estudioshistoricos.inah.gob.mx\/wp-content\/uploads\/Seminario-Mirada-Documental-16-de-octubre-UNO.png\" alt=\"\" width=\"700\" height=\"875\" srcset=\"https:\/\/estudioshistoricos.inah.gob.mx\/wp-content\/uploads\/Seminario-Mirada-Documental-16-de-octubre-UNO.png 700w, https:\/\/estudioshistoricos.inah.gob.mx\/wp-content\/uploads\/Seminario-Mirada-Documental-16-de-octubre-UNO-240x300.png 240w, https:\/\/estudioshistoricos.inah.gob.mx\/wp-content\/uploads\/Seminario-Mirada-Documental-16-de-octubre-UNO-280x350.png 280w, https:\/\/estudioshistoricos.inah.gob.mx\/wp-content\/uploads\/Seminario-Mirada-Documental-16-de-octubre-UNO-120x150.png 120w\" sizes=\"auto, (max-width: 700px) 100vw, 700px\" \/><\/p>\n<p>&nbsp;<\/p>\n<h3 style=\"text-align: center;\"><strong>LA ASOCIACI\u00d3N MEXICANA DE FOT\u00d3GRAFOS DE PRENSA Y SU CONTRIBUCI\u00d3N AL DESARROLLO DEL FOTOPERIODISMO MEXICANO<\/strong><\/h3>\n<h4 style=\"text-align: center;\"><span style=\"color: #c40808;\"><strong>Oralia Garc\u00eda C\u00e1rdenas<\/strong><\/span><br \/>\nIISUE-AHUNAM, UNAM<\/h4>\n<p>&nbsp;<\/p>\n<p><span style=\"color: #003366;\"><strong>Coordinan:<\/strong><\/span><\/p>\n<p><strong>Rebeca Monroy Nasr<\/strong> | DEH, INAH<br \/>\n<strong>Alberto\u00a0del Castillo<\/strong> | Instituto Mora<\/p>\n<p><strong>Jueves 16 de octubre, 17:00 hrs.<\/strong><\/p>\n<p>&nbsp;<\/p>\n<p><strong>Instituto Mora | Sal\u00f3n 6<\/strong><\/p>\n<p><strong>Sigue\u00a0la\u00a0transmisi\u00f3n en vivo por:<\/strong><br \/>\n<strong><span style=\"color: #003366;\">Facebook:<\/span>\u00a0<\/strong><strong><a href=\"https:\/\/www.facebook.com\/Institutomora\">https:\/\/www.facebook.com\/Institutomora<\/a>\u00a0<\/strong><\/p>\n<p><span style=\"color: #003366;\"><strong>Informes:\u00a0<\/strong><\/span><strong><u><a href=\"mailto:difusion.deh.owner@inah.gob.mx\">difusion.deh.owner@inah.gob.mx<\/a><\/u><\/strong><\/p>\n<p>&nbsp;<\/p>\n<p><strong>Instituto\u00a0de\u00a0Investigaciones Dr. Jos\u00e9 Mar\u00eda Luis Mora<\/strong><br \/>\nPoussin 45, col, San Juan Mixcoac, Ciudad\u00a0de\u00a0M\u00e9xico<\/p>\n<p>&nbsp;<\/p>\n<p style=\"text-align: center;\"><a href=\"http:\/\/www.mexicoescultura.com\/\"><strong>mexicoescultura.com<\/strong><\/a><\/p>\n<p style=\"text-align: center;\"><a href=\"https:\/\/www.facebook.com\/hashtag\/patrimonioinah?__eep__=6&amp;__cft__%5b0%5d=AZVZnyH2eaPNvbD56J8v-lZo9HLoT0l5TLxtgm3nyUaWsxqYE4u7LdhoUXR-vjGv7jFF_YscloBWFkRO36TU0coOjrDqCSbyU_s_X-fHfJHyuqHnzZWkGPbOn8oMzwpF6FR0dy4d7QUUVvpwpNEKZEROMgnjS5szng8ZYcAUgsEu5HXSlI17Rbbjl_-F6oPM4zyERCzXVki94yxgU_hhMTwD&amp;__tn__=*NK-R\"><strong>#PatrimonioINAH<\/strong><\/a><\/p>\n<p style=\"text-align: center;\"><a href=\"https:\/\/www.facebook.com\/hashtag\/inahvirtual?__eep__=6&amp;__cft__%5b0%5d=AZVZnyH2eaPNvbD56J8v-lZo9HLoT0l5TLxtgm3nyUaWsxqYE4u7LdhoUXR-vjGv7jFF_YscloBWFkRO36TU0coOjrDqCSbyU_s_X-fHfJHyuqHnzZWkGPbOn8oMzwpF6FR0dy4d7QUUVvpwpNEKZEROMgnjS5szng8ZYcAUgsEu5HXSlI17Rbbjl_-F6oPM4zyERCzXVki94yxgU_hhMTwD&amp;__tn__=*NK-R\"><strong>#INAHVirtual<\/strong><\/a><\/p>\n<p>&nbsp;<\/p>\n<p><strong>DIRECCI\u00d3N DE ESTUDIOS HIST\u00d3RICOS \u2013 INAH<\/strong><br \/>\nAllende 172, esq. Ju\u00e1rez, col. Tlalpan Centro,<br \/>\nAlcald\u00eda Tlalpan, C.P. 14000, Ciudad de M\u00e9xico<br \/>\nTel.: 55 4166 0780 \/ 55 4166 0784<br \/>\n<a href=\"http:\/\/estudioshistoricos.inah.gob.mx\/\">http:\/\/estudioshistoricos.inah.gob.mx\/<\/a><\/p>\n<p>\u2014<\/p>\n<p><strong>Difusi\u00f3n DEH \u2013 INAH<\/strong><br \/>\nAllende 172, esq. Ju\u00e1rez, col. Tlalpan Centro,<br \/>\nAlcald\u00eda Tlalpan, C.P. 14000, Ciudad de M\u00e9xico<br \/>\nTel.: 55 4166 0780 \/ 55 4166 0784, ext. 411015<\/p>\n","protected":false},"excerpt":{"rendered":"<p>INSTITUTO NACIONAL\u00a0DE\u00a0ANTROPOLOG\u00cdA E HISTORIA DIRECCI\u00d3N\u00a0DE\u00a0ESTUDIOS HIST\u00d3RICOS INSTITUTO\u00a0DE\u00a0INVESTIGACIONES DR. JOS\u00c9 MAR\u00cdA LUIS MORA Invitan a que asista a\u00a0la\u00a0sesi\u00f3n\u00a0del SEMINARIO\u00a0DE\u00a0LA\u00a0MIRADA\u00a0DOCUMENTAL &nbsp; &nbsp; LA ASOCIACI\u00d3N MEXICANA DE FOT\u00d3GRAFOS DE PRENSA Y SU CONTRIBUCI\u00d3N AL DESARROLLO DEL FOTOPERIODISMO MEXICANO Oralia Garc\u00eda C\u00e1rdenas IISUE-AHUNAM, UNAM &nbsp; Coordinan: Rebeca Monroy Nasr | DEH, INAH Alberto\u00a0del Castillo&#8230; <a class=\"continue-reading-link\" href=\"https:\/\/estudioshistoricos.inah.gob.mx\/?p=16954\">Seguir leyendo<\/a><\/p>\n","protected":false},"author":2,"featured_media":16955,"comment_status":"closed","ping_status":"closed","sticky":false,"template":"","format":"standard","meta":{"footnotes":""},"categories":[129,10],"tags":[],"class_list":["post-16954","post","type-post","status-publish","format-standard","has-post-thumbnail","hentry","category-129","category-agenda-historica"],"_links":{"self":[{"href":"https:\/\/estudioshistoricos.inah.gob.mx\/index.php?rest_route=\/wp\/v2\/posts\/16954","targetHints":{"allow":["GET"]}}],"collection":[{"href":"https:\/\/estudioshistoricos.inah.gob.mx\/index.php?rest_route=\/wp\/v2\/posts"}],"about":[{"href":"https:\/\/estudioshistoricos.inah.gob.mx\/index.php?rest_route=\/wp\/v2\/types\/post"}],"author":[{"embeddable":true,"href":"https:\/\/estudioshistoricos.inah.gob.mx\/index.php?rest_route=\/wp\/v2\/users\/2"}],"replies":[{"embeddable":true,"href":"https:\/\/estudioshistoricos.inah.gob.mx\/index.php?rest_route=%2Fwp%2Fv2%2Fcomments&post=16954"}],"version-history":[{"count":1,"href":"https:\/\/estudioshistoricos.inah.gob.mx\/index.php?rest_route=\/wp\/v2\/posts\/16954\/revisions"}],"predecessor-version":[{"id":16957,"href":"https:\/\/estudioshistoricos.inah.gob.mx\/index.php?rest_route=\/wp\/v2\/posts\/16954\/revisions\/16957"}],"wp:featuredmedia":[{"embeddable":true,"href":"https:\/\/estudioshistoricos.inah.gob.mx\/index.php?rest_route=\/wp\/v2\/media\/16955"}],"wp:attachment":[{"href":"https:\/\/estudioshistoricos.inah.gob.mx\/index.php?rest_route=%2Fwp%2Fv2%2Fmedia&parent=16954"}],"wp:term":[{"taxonomy":"category","embeddable":true,"href":"https:\/\/estudioshistoricos.inah.gob.mx\/index.php?rest_route=%2Fwp%2Fv2%2Fcategories&post=16954"},{"taxonomy":"post_tag","embeddable":true,"href":"https:\/\/estudioshistoricos.inah.gob.mx\/index.php?rest_route=%2Fwp%2Fv2%2Ftags&post=16954"}],"curies":[{"name":"wp","href":"https:\/\/api.w.org\/{rel}","templated":true}]}}