{"id":16958,"date":"2025-04-25T17:45:00","date_gmt":"2025-04-25T23:45:00","guid":{"rendered":"https:\/\/estudioshistoricos.inah.gob.mx\/?p=16958"},"modified":"2025-10-27T11:58:19","modified_gmt":"2025-10-27T17:58:19","slug":"mesa-redonda-colecciones-de-libros-biblioteca-manuel-orozco-y-berra-direccion-de-estudios-historicos-inah","status":"publish","type":"post","link":"https:\/\/estudioshistoricos.inah.gob.mx\/?p=16958","title":{"rendered":"MESA REDONDA  COLECCIONES DE LIBROS. BIBLIOTECA MANUEL OROZCO Y BERRA, DIRECCI\u00d3N DE ESTUDIOS HIST\u00d3RICOS, INAH"},"content":{"rendered":"<p style=\"text-align: center;\"><strong>INSTITUTO NACIONAL\u00a0DE\u00a0ANTROPOLOG\u00cdA E\u00a0HISTORIA<\/strong><br \/>\n<strong><span style=\"font-style: inherit; font-weight: inherit;\">DIRECCI\u00d3N\u00a0DE\u00a0ESTUDIOS HIST\u00d3RICOS<\/span><\/strong><\/p>\n<p style=\"text-align: center;\"><span style=\"font-style: inherit; font-weight: inherit;\">Cordialmente invitados a participar en la<\/span><\/p>\n<p style=\"text-align: center;\"><span style=\"color: #800024;\"><strong><span style=\"font-style: inherit; font-weight: inherit;\">MESA REDONDA<\/span><\/strong><\/span><\/p>\n<h3 style=\"text-align: center;\"><strong><span style=\"font-style: inherit; font-weight: inherit;\">COLECCIONES DE LIBROS.<\/span><\/strong><br \/>\n<span style=\"font-style: inherit;\">BIBLIOTECA MANUEL OROZCO Y BERRA,<\/span><br \/>\n<span style=\"font-style: inherit;\">DIRECCI\u00d3N DE ESTUDIOS HIST\u00d3RICOS, INAH<\/span><\/h3>\n<p>&nbsp;<\/p>\n<p style=\"text-align: center;\"><img loading=\"lazy\" decoding=\"async\" class=\"alignnone size-full wp-image-16964\" src=\"https:\/\/estudioshistoricos.inah.gob.mx\/wp-content\/uploads\/Mesa-redonda-coleccion-de-libros-23-de-octubre-UNO.png\" alt=\"\" width=\"700\" height=\"875\" srcset=\"https:\/\/estudioshistoricos.inah.gob.mx\/wp-content\/uploads\/Mesa-redonda-coleccion-de-libros-23-de-octubre-UNO.png 700w, https:\/\/estudioshistoricos.inah.gob.mx\/wp-content\/uploads\/Mesa-redonda-coleccion-de-libros-23-de-octubre-UNO-240x300.png 240w, https:\/\/estudioshistoricos.inah.gob.mx\/wp-content\/uploads\/Mesa-redonda-coleccion-de-libros-23-de-octubre-UNO-280x350.png 280w, https:\/\/estudioshistoricos.inah.gob.mx\/wp-content\/uploads\/Mesa-redonda-coleccion-de-libros-23-de-octubre-UNO-120x150.png 120w\" sizes=\"auto, (max-width: 700px) 100vw, 700px\" \/><\/p>\n<p>&nbsp;<\/p>\n<p>&nbsp;<\/p>\n<p style=\"text-align: center;\"><strong><span style=\"font-style: inherit; font-weight: inherit;\">Jueves 23 de octubre, 10:00 hrs.<\/span><\/strong><\/p>\n<p style=\"text-align: center;\"><strong><span style=\"font-style: inherit; font-weight: inherit;\">Sala de Usos M\u00faltiples<\/span><\/strong><\/p>\n<p style=\"text-align: center;\"><strong><span style=\"font-style: inherit; font-weight: inherit;\">Evento presencial<\/span><\/strong><\/p>\n<p style=\"text-align: center;\"><span style=\"color: #800024;\"><strong><span style=\"font-style: inherit; font-weight: inherit;\">PROGRAMA<\/span><\/strong><\/span><\/p>\n<p>&nbsp;<\/p>\n<p><img loading=\"lazy\" decoding=\"async\" class=\"size-full wp-image-16966 aligncenter\" src=\"https:\/\/estudioshistoricos.inah.gob.mx\/wp-content\/uploads\/Mesa-redonda-coleccion-de-libros-23-de-octubre-programa-UNO.png\" alt=\"\" width=\"700\" height=\"876\" srcset=\"https:\/\/estudioshistoricos.inah.gob.mx\/wp-content\/uploads\/Mesa-redonda-coleccion-de-libros-23-de-octubre-programa-UNO.png 700w, https:\/\/estudioshistoricos.inah.gob.mx\/wp-content\/uploads\/Mesa-redonda-coleccion-de-libros-23-de-octubre-programa-UNO-240x300.png 240w, https:\/\/estudioshistoricos.inah.gob.mx\/wp-content\/uploads\/Mesa-redonda-coleccion-de-libros-23-de-octubre-programa-UNO-280x350.png 280w, https:\/\/estudioshistoricos.inah.gob.mx\/wp-content\/uploads\/Mesa-redonda-coleccion-de-libros-23-de-octubre-programa-UNO-120x150.png 120w\" sizes=\"auto, (max-width: 700px) 100vw, 700px\" \/><\/p>\n<p>&nbsp;<\/p>\n<p style=\"text-align: center;\"><a href=\"http:\/\/www.mexicoescultura.com\/\"><strong>mexicoescultura.com<\/strong><\/a><\/p>\n<p style=\"text-align: center;\"><a href=\"https:\/\/www.facebook.com\/hashtag\/patrimonioinah?__eep__=6&amp;__cft__%5b0%5d=AZVZnyH2eaPNvbD56J8v-lZo9HLoT0l5TLxtgm3nyUaWsxqYE4u7LdhoUXR-vjGv7jFF_YscloBWFkRO36TU0coOjrDqCSbyU_s_X-fHfJHyuqHnzZWkGPbOn8oMzwpF6FR0dy4d7QUUVvpwpNEKZEROMgnjS5szng8ZYcAUgsEu5HXSlI17Rbbjl_-F6oPM4zyERCzXVki94yxgU_hhMTwD&amp;__tn__=*NK-R\"><strong>#PatrimonioINAH<\/strong><\/a><\/p>\n<p style=\"text-align: center;\"><a href=\"https:\/\/www.facebook.com\/hashtag\/inahvirtual?__eep__=6&amp;__cft__%5b0%5d=AZVZnyH2eaPNvbD56J8v-lZo9HLoT0l5TLxtgm3nyUaWsxqYE4u7LdhoUXR-vjGv7jFF_YscloBWFkRO36TU0coOjrDqCSbyU_s_X-fHfJHyuqHnzZWkGPbOn8oMzwpF6FR0dy4d7QUUVvpwpNEKZEROMgnjS5szng8ZYcAUgsEu5HXSlI17Rbbjl_-F6oPM4zyERCzXVki94yxgU_hhMTwD&amp;__tn__=*NK-R\"><strong>#INAHVirtual<\/strong><\/a><\/p>\n<p>&nbsp;<\/p>\n<p><strong>DIRECCI\u00d3N DE ESTUDIOS HIST\u00d3RICOS \u2013 INAH<\/strong><br \/>\nAllende 172, esq. Ju\u00e1rez, col. Tlalpan Centro,<br \/>\nAlcald\u00eda Tlalpan, C.P. 14000, Ciudad de M\u00e9xico<br \/>\nTel.: 55 4166 0780 \/ 55 4166 0784<br \/>\n<a href=\"http:\/\/estudioshistoricos.inah.gob.mx\/\">http:\/\/estudioshistoricos.inah.gob.mx\/<\/a><\/p>\n<p>\u2014<\/p>\n<p><strong>Difusi\u00f3n DEH \u2013 INAH<\/strong><br \/>\nAllende 172, esq. Ju\u00e1rez, col. Tlalpan Centro,<br \/>\nAlcald\u00eda Tlalpan, C.P. 14000, Ciudad de M\u00e9xico<br \/>\nTel.: 55 4166 0780 \/ 55 4166 0784, ext. 411015<\/p>\n<p>&nbsp;<\/p>\n<p>&nbsp;<\/p>\n","protected":false},"excerpt":{"rendered":"<p>INSTITUTO NACIONAL\u00a0DE\u00a0ANTROPOLOG\u00cdA E\u00a0HISTORIA DIRECCI\u00d3N\u00a0DE\u00a0ESTUDIOS HIST\u00d3RICOS Cordialmente invitados a participar en la MESA REDONDA COLECCIONES DE LIBROS. BIBLIOTECA MANUEL OROZCO Y BERRA, DIRECCI\u00d3N DE ESTUDIOS HIST\u00d3RICOS, INAH &nbsp; &nbsp; &nbsp; Jueves 23 de octubre, 10:00 hrs. Sala de Usos M\u00faltiples Evento presencial PROGRAMA &nbsp; &nbsp; mexicoescultura.com #PatrimonioINAH #INAHVirtual &nbsp; DIRECCI\u00d3N DE&#8230; <a class=\"continue-reading-link\" href=\"https:\/\/estudioshistoricos.inah.gob.mx\/?p=16958\">Seguir leyendo<\/a><\/p>\n","protected":false},"author":2,"featured_media":16965,"comment_status":"closed","ping_status":"closed","sticky":false,"template":"","format":"standard","meta":{"footnotes":""},"categories":[129,10],"tags":[],"class_list":["post-16958","post","type-post","status-publish","format-standard","has-post-thumbnail","hentry","category-129","category-agenda-historica"],"_links":{"self":[{"href":"https:\/\/estudioshistoricos.inah.gob.mx\/index.php?rest_route=\/wp\/v2\/posts\/16958","targetHints":{"allow":["GET"]}}],"collection":[{"href":"https:\/\/estudioshistoricos.inah.gob.mx\/index.php?rest_route=\/wp\/v2\/posts"}],"about":[{"href":"https:\/\/estudioshistoricos.inah.gob.mx\/index.php?rest_route=\/wp\/v2\/types\/post"}],"author":[{"embeddable":true,"href":"https:\/\/estudioshistoricos.inah.gob.mx\/index.php?rest_route=\/wp\/v2\/users\/2"}],"replies":[{"embeddable":true,"href":"https:\/\/estudioshistoricos.inah.gob.mx\/index.php?rest_route=%2Fwp%2Fv2%2Fcomments&post=16958"}],"version-history":[{"count":2,"href":"https:\/\/estudioshistoricos.inah.gob.mx\/index.php?rest_route=\/wp\/v2\/posts\/16958\/revisions"}],"predecessor-version":[{"id":16967,"href":"https:\/\/estudioshistoricos.inah.gob.mx\/index.php?rest_route=\/wp\/v2\/posts\/16958\/revisions\/16967"}],"wp:featuredmedia":[{"embeddable":true,"href":"https:\/\/estudioshistoricos.inah.gob.mx\/index.php?rest_route=\/wp\/v2\/media\/16965"}],"wp:attachment":[{"href":"https:\/\/estudioshistoricos.inah.gob.mx\/index.php?rest_route=%2Fwp%2Fv2%2Fmedia&parent=16958"}],"wp:term":[{"taxonomy":"category","embeddable":true,"href":"https:\/\/estudioshistoricos.inah.gob.mx\/index.php?rest_route=%2Fwp%2Fv2%2Fcategories&post=16958"},{"taxonomy":"post_tag","embeddable":true,"href":"https:\/\/estudioshistoricos.inah.gob.mx\/index.php?rest_route=%2Fwp%2Fv2%2Ftags&post=16958"}],"curies":[{"name":"wp","href":"https:\/\/api.w.org\/{rel}","templated":true}]}}