{"id":16968,"date":"2025-04-25T17:30:41","date_gmt":"2025-04-25T23:30:41","guid":{"rendered":"https:\/\/estudioshistoricos.inah.gob.mx\/?p=16968"},"modified":"2025-10-28T13:25:19","modified_gmt":"2025-10-28T19:25:19","slug":"diplomado-insurgencias-sociales-protestas-y-rebeliones-en-nueva-espana-y-mexico-siglos-xvi-xxi-5","status":"publish","type":"post","link":"https:\/\/estudioshistoricos.inah.gob.mx\/?p=16968","title":{"rendered":"DIPLOMADO  INSURGENCIAS SOCIALES, PROTESTAS Y REBELIONES EN NUEVA ESPA\u00d1A Y M\u00c9XICO, SIGLOS XVI-XXI"},"content":{"rendered":"<p style=\"text-align: center;\"><strong>INSTITUTO NACIONAL\u00a0DE\u00a0ANTROPOLOG\u00cdA E\u00a0HISTORIA<\/strong><br \/>\n<strong>DIRECCI\u00d3N\u00a0DE\u00a0ESTUDIOS HIST\u00d3RICOS<\/strong><\/p>\n<p style=\"text-align: center;\"><strong>DIPLOMADO<\/strong><\/p>\n<p style=\"text-align: center;\"><span style=\"color: #b30707;\"><strong>INSURGENCIAS SOCIALES, PROTESTAS Y REBELIONES EN NUEVA ESPA\u00d1A Y M\u00c9XICO, SIGLOS XVI-XXI<\/strong><\/span><\/p>\n<p><img loading=\"lazy\" decoding=\"async\" class=\"size-full wp-image-16970 aligncenter\" src=\"https:\/\/estudioshistoricos.inah.gob.mx\/wp-content\/uploads\/Diplomado-Insurgencias-16-octubre-UNO.png\" alt=\"\" width=\"700\" height=\"394\" srcset=\"https:\/\/estudioshistoricos.inah.gob.mx\/wp-content\/uploads\/Diplomado-Insurgencias-16-octubre-UNO.png 700w, https:\/\/estudioshistoricos.inah.gob.mx\/wp-content\/uploads\/Diplomado-Insurgencias-16-octubre-UNO-300x169.png 300w, https:\/\/estudioshistoricos.inah.gob.mx\/wp-content\/uploads\/Diplomado-Insurgencias-16-octubre-UNO-622x350.png 622w, https:\/\/estudioshistoricos.inah.gob.mx\/wp-content\/uploads\/Diplomado-Insurgencias-16-octubre-UNO-150x84.png 150w\" sizes=\"auto, (max-width: 700px) 100vw, 700px\" \/><\/p>\n<p>&nbsp;<\/p>\n<p><strong>M\u00d3DULO I.\u00a0 <span style=\"color: #b30707;\">REBELIONES IND\u00cdGENAS Y CAMPESINAS<\/span><\/strong><\/p>\n<p><strong>SESI\u00d3N 4.\u00a0\u00a0<\/strong><\/p>\n<h3><span style=\"color: #000080;\"><strong>Tres momentos del movimiento ind\u00edgena contempor\u00e1neo: 1971-1992 \/ 1994-2001 \/ 2012-2019<\/strong><\/span><\/h3>\n<h4><span style=\"color: #b30707;\">Presenta:\u00a0<\/span><strong>Carlos San Juan Victoria\u00a0|\u00a0<\/strong>DEH, INAH<\/h4>\n<p>&nbsp;<\/p>\n<h3><span style=\"color: #000080;\"><strong>Una comunidad en resistencia: el caso de Cher\u00e1n Ker<\/strong>i<\/span><\/h3>\n<h4><span style=\"color: #b30707;\">Presenta:<\/span> <strong>Mario Camarena<\/strong>\u00a0<strong>|\u00a0<\/strong>DEH, INAH<\/h4>\n<p>&nbsp;<\/p>\n<p><strong>\u00a0<\/strong><span style=\"color: #b30707;\">Coordinan:<\/span><\/p>\n<p><strong>Antonio Armando Alvarado G\u00f3mez<\/strong><br \/>\n<strong>Felipe Alejandro de la Torre Hern\u00e1ndez<\/strong><br \/>\n<strong>Mar\u00eda Magdalena P\u00e9rez Alfaro<\/strong><\/p>\n<p><strong>Jueves 16 de octubre de 17:00 a 19:30 horas<\/strong><\/p>\n<p><strong>\u00a0<\/strong><strong>Transmisi\u00f3n por el canal de YouTube de la<\/strong><br \/>\n<strong>Coordinaci\u00f3n Nacional de Antropolog\u00eda<\/strong><\/p>\n<p>&nbsp;<\/p>\n<p><div class=\"ose-youtube ose-uid-e6ce2666e616ebc969c215ba1f16b126 ose-embedpress-responsive\" style=\"width:600px; height:550px; max-height:550px; max-width:100%; display:inline-block;\" data-embed-type=\"Youtube\"><iframe loading=\"lazy\" allowFullScreen=\"true\" title=\"16 de octubre de 2025. Diplomado Insurgencias sociales, protestas y rebeliones en Nueva Espa\u00f1a...\" width=\"600\" height=\"550\" src=\"https:\/\/www.youtube.com\/embed\/GRF5NThVeCI?feature=oembed&color=red&rel=0&controls=1&start=&end=&fs=0&iv_load_policy=0&autoplay=0&mute=0&modestbranding=0&cc_load_policy=1&playsinline=1\" frameborder=\"0\" allow=\"accelerometer; encrypted-media;accelerometer;autoplay;clipboard-write;gyroscope;picture-in-picture clipboard-write; encrypted-media; gyroscope; picture-in-picture; web-share\" referrerpolicy=\"strict-origin-when-cross-origin\" allowfullscreen><\/iframe><\/div><\/p>\n<p>&nbsp;<\/p>\n<p style=\"text-align: center;\"><a href=\"http:\/\/www.mexicoescultura.com\/\"><strong>mexicoescultura.com<\/strong><\/a><\/p>\n<p style=\"text-align: center;\"><a href=\"https:\/\/www.facebook.com\/hashtag\/patrimonioinah?__eep__=6&amp;__cft__%5b0%5d=AZVZnyH2eaPNvbD56J8v-lZo9HLoT0l5TLxtgm3nyUaWsxqYE4u7LdhoUXR-vjGv7jFF_YscloBWFkRO36TU0coOjrDqCSbyU_s_X-fHfJHyuqHnzZWkGPbOn8oMzwpF6FR0dy4d7QUUVvpwpNEKZEROMgnjS5szng8ZYcAUgsEu5HXSlI17Rbbjl_-F6oPM4zyERCzXVki94yxgU_hhMTwD&amp;__tn__=*NK-R\"><strong>#PatrimonioINAH<\/strong><\/a><\/p>\n<p style=\"text-align: center;\"><a href=\"https:\/\/www.facebook.com\/hashtag\/inahvirtual?__eep__=6&amp;__cft__%5b0%5d=AZVZnyH2eaPNvbD56J8v-lZo9HLoT0l5TLxtgm3nyUaWsxqYE4u7LdhoUXR-vjGv7jFF_YscloBWFkRO36TU0coOjrDqCSbyU_s_X-fHfJHyuqHnzZWkGPbOn8oMzwpF6FR0dy4d7QUUVvpwpNEKZEROMgnjS5szng8ZYcAUgsEu5HXSlI17Rbbjl_-F6oPM4zyERCzXVki94yxgU_hhMTwD&amp;__tn__=*NK-R\"><strong>#INAHVirtual<\/strong><\/a><\/p>\n<p>&nbsp;<\/p>\n<p><strong>DIRECCI\u00d3N DE ESTUDIOS HIST\u00d3RICOS \u2013 INAH<\/strong><br \/>\nAllende 172, esq. Ju\u00e1rez, col. Tlalpan Centro,<br \/>\nAlcald\u00eda Tlalpan, C.P. 14000, Ciudad de M\u00e9xico<br \/>\nTel.: 55 4166 0780 \/ 55 4166 0784<br \/>\n<a href=\"http:\/\/estudioshistoricos.inah.gob.mx\/\">http:\/\/estudioshistoricos.inah.gob.mx\/<\/a><\/p>\n<p>\u2014<\/p>\n<p><strong>Difusi\u00f3n DEH \u2013 INAH<\/strong><br \/>\nAllende 172, esq. Ju\u00e1rez, col. Tlalpan Centro,<br \/>\nAlcald\u00eda Tlalpan, C.P. 14000, Ciudad de M\u00e9xico<br \/>\nTel.: 55 4166 0780 \/ 55 4166 0784, ext. 411015<\/p>\n<p>&nbsp;<\/p>\n<p>&nbsp;<\/p>\n<p>&nbsp;<\/p>\n","protected":false},"excerpt":{"rendered":"<p>INSTITUTO NACIONAL\u00a0DE\u00a0ANTROPOLOG\u00cdA E\u00a0HISTORIA DIRECCI\u00d3N\u00a0DE\u00a0ESTUDIOS HIST\u00d3RICOS DIPLOMADO INSURGENCIAS SOCIALES, PROTESTAS Y REBELIONES EN NUEVA ESPA\u00d1A Y M\u00c9XICO, SIGLOS XVI-XXI &nbsp; M\u00d3DULO I.\u00a0 REBELIONES IND\u00cdGENAS Y CAMPESINAS SESI\u00d3N 4.\u00a0\u00a0 Tres momentos del movimiento ind\u00edgena contempor\u00e1neo: 1971-1992 \/ 1994-2001 \/ 2012-2019 Presenta:\u00a0Carlos San Juan Victoria\u00a0|\u00a0DEH, INAH &nbsp; Una comunidad en resistencia: el caso&#8230; <a class=\"continue-reading-link\" href=\"https:\/\/estudioshistoricos.inah.gob.mx\/?p=16968\">Seguir leyendo<\/a><\/p>\n","protected":false},"author":2,"featured_media":16969,"comment_status":"closed","ping_status":"closed","sticky":false,"template":"","format":"standard","meta":{"footnotes":""},"categories":[129,10],"tags":[],"class_list":["post-16968","post","type-post","status-publish","format-standard","has-post-thumbnail","hentry","category-129","category-agenda-historica"],"_links":{"self":[{"href":"https:\/\/estudioshistoricos.inah.gob.mx\/index.php?rest_route=\/wp\/v2\/posts\/16968","targetHints":{"allow":["GET"]}}],"collection":[{"href":"https:\/\/estudioshistoricos.inah.gob.mx\/index.php?rest_route=\/wp\/v2\/posts"}],"about":[{"href":"https:\/\/estudioshistoricos.inah.gob.mx\/index.php?rest_route=\/wp\/v2\/types\/post"}],"author":[{"embeddable":true,"href":"https:\/\/estudioshistoricos.inah.gob.mx\/index.php?rest_route=\/wp\/v2\/users\/2"}],"replies":[{"embeddable":true,"href":"https:\/\/estudioshistoricos.inah.gob.mx\/index.php?rest_route=%2Fwp%2Fv2%2Fcomments&post=16968"}],"version-history":[{"count":1,"href":"https:\/\/estudioshistoricos.inah.gob.mx\/index.php?rest_route=\/wp\/v2\/posts\/16968\/revisions"}],"predecessor-version":[{"id":16971,"href":"https:\/\/estudioshistoricos.inah.gob.mx\/index.php?rest_route=\/wp\/v2\/posts\/16968\/revisions\/16971"}],"wp:featuredmedia":[{"embeddable":true,"href":"https:\/\/estudioshistoricos.inah.gob.mx\/index.php?rest_route=\/wp\/v2\/media\/16969"}],"wp:attachment":[{"href":"https:\/\/estudioshistoricos.inah.gob.mx\/index.php?rest_route=%2Fwp%2Fv2%2Fmedia&parent=16968"}],"wp:term":[{"taxonomy":"category","embeddable":true,"href":"https:\/\/estudioshistoricos.inah.gob.mx\/index.php?rest_route=%2Fwp%2Fv2%2Fcategories&post=16968"},{"taxonomy":"post_tag","embeddable":true,"href":"https:\/\/estudioshistoricos.inah.gob.mx\/index.php?rest_route=%2Fwp%2Fv2%2Ftags&post=16968"}],"curies":[{"name":"wp","href":"https:\/\/api.w.org\/{rel}","templated":true}]}}