{"id":16977,"date":"2025-08-25T09:30:57","date_gmt":"2025-08-25T15:30:57","guid":{"rendered":"https:\/\/estudioshistoricos.inah.gob.mx\/?p=16977"},"modified":"2025-11-03T13:57:06","modified_gmt":"2025-11-03T19:57:06","slug":"seminario-historia-de-la-mineria-en-mexico-y-regiones-comparadas-29","status":"publish","type":"post","link":"https:\/\/estudioshistoricos.inah.gob.mx\/?p=16977","title":{"rendered":"SEMINARIO HISTORIA DE LA MINER\u00cdA EN M\u00c9XICO Y REGIONES COMPARADAS"},"content":{"rendered":"<p style=\"text-align: center;\"><strong>INSTITUTO NACIONAL DE ANTROPOLOG\u00cdA E HISTORIA<\/strong><br \/>\n<strong>DIRECCI\u00d3N DE ESTUDIOS HIST\u00d3RICOS<\/strong><br \/>\n<strong>ESCUELA NACIONAL DE ANTROPOLOG\u00cdA E HISTORIA<\/strong><br \/>\n<strong>CENTRO DE INVESTIGACIONES Y ESTUDIOS SUPERIORES EN ANTROPOLOG\u00cdA SOCIAL<\/strong><\/p>\n<p style=\"text-align: center;\"><strong>SEMINARIO<\/strong><br \/>\n<strong>HISTORIA DE LA MINER\u00cdA EN M\u00c9XICO Y REGIONES COMPARADAS<\/strong><\/p>\n<p style=\"text-align: center;\"><strong>*** I N V I T A ***<\/strong><\/p>\n<p>&nbsp;<\/p>\n<p><img loading=\"lazy\" decoding=\"async\" class=\"size-full wp-image-16979 aligncenter\" src=\"https:\/\/estudioshistoricos.inah.gob.mx\/wp-content\/uploads\/Seminario-Historia-de-la-MIneria-31-de-octubre-UNO.png\" alt=\"\" width=\"700\" height=\"366\" srcset=\"https:\/\/estudioshistoricos.inah.gob.mx\/wp-content\/uploads\/Seminario-Historia-de-la-MIneria-31-de-octubre-UNO.png 700w, https:\/\/estudioshistoricos.inah.gob.mx\/wp-content\/uploads\/Seminario-Historia-de-la-MIneria-31-de-octubre-UNO-300x157.png 300w, https:\/\/estudioshistoricos.inah.gob.mx\/wp-content\/uploads\/Seminario-Historia-de-la-MIneria-31-de-octubre-UNO-669x350.png 669w, https:\/\/estudioshistoricos.inah.gob.mx\/wp-content\/uploads\/Seminario-Historia-de-la-MIneria-31-de-octubre-UNO-150x78.png 150w\" sizes=\"auto, (max-width: 700px) 100vw, 700px\" \/><\/p>\n<p>&nbsp;<\/p>\n<h3 style=\"text-align: center;\"><span style=\"color: #ff6600;\"><strong>Minas y mineros de Michoac\u00e1n, cambios y continuidades en la transici\u00f3n colonial<\/strong><\/span><\/h3>\n<p style=\"text-align: justify;\"><em>La movilizaci\u00f3n de poblaci\u00f3n tarasca al trabajo en las minas, plantea el fen\u00f3meno migratorio, las colonizaciones en reales mineros, el despoblamiento en Michoac\u00e1n de su poblaci\u00f3n nativa, as\u00ed como aspectos de permanencia y p\u00e9rdida de su cultura en situaci\u00f3n migratoria y multicultural.<\/em><\/p>\n<p>&nbsp;<\/p>\n<p><span style=\"color: #ff6600;\"><strong>Expositor:<\/strong><\/span><\/p>\n<h4><strong>Carlos Salvador Paredes Mart\u00ednez<\/strong>\u00a0| CIESAS<\/h4>\n<p>&nbsp;<\/p>\n<p><span style=\"color: #ff6600;\"><strong>Coordinadores:<\/strong><\/span><\/p>\n<p><strong>Valentina Garza Mart\u00ednez<\/strong><br \/>\n<strong>Mart\u00edn Gonz\u00e1lez Solano<\/strong><br \/>\n<strong>Eduardo Flores Clair<\/strong><br \/>\n<strong>Laura Mier G\u00f3mez<\/strong><br \/>\n<strong>David Ricardo Mart\u00ednez Romero<\/strong><\/p>\n<p>&nbsp;<\/p>\n<p><strong>Viernes 31 de octubre, 12:00 hrs.<\/strong><\/p>\n<p>Sala de Usos M\u00faltiples DEH-INAH<\/p>\n<p>&nbsp;<\/p>\n<p><strong><span style=\"color: #ff6600;\">Transmisi\u00f3n por:<\/span><\/strong><\/p>\n<p><strong><a href=\"https:\/\/www.facebook.com\/ciesas.oficial\">https:\/\/www.facebook.com\/ciesas.oficial<\/a><\/strong><br \/>\n<strong><a href=\"https:\/\/www.facebook.com\/smineriaciesas\">https:\/\/www.facebook.com\/smineriaciesas<\/a><\/strong><\/p>\n<p>&nbsp;<\/p>\n<p><strong>\u00a0<span style=\"color: #ff6600;\">Mayores informes:<\/span><\/strong><\/p>\n<p><a href=\"mailto:seminariohistoriadelamineria@ciesas.edu.mx\">seminariohistoriadelamineria@ciesas.edu.mx<\/a><\/p>\n<p>&nbsp;<\/p>\n<p style=\"text-align: center;\"><a href=\"http:\/\/www.mexicoescultura.com\/\"><strong>mexicoescultura.com<\/strong><\/a><\/p>\n<p style=\"text-align: center;\"><a href=\"https:\/\/www.facebook.com\/hashtag\/patrimonioinah?__eep__=6&amp;__cft__%5b0%5d=AZVZnyH2eaPNvbD56J8v-lZo9HLoT0l5TLxtgm3nyUaWsxqYE4u7LdhoUXR-vjGv7jFF_YscloBWFkRO36TU0coOjrDqCSbyU_s_X-fHfJHyuqHnzZWkGPbOn8oMzwpF6FR0dy4d7QUUVvpwpNEKZEROMgnjS5szng8ZYcAUgsEu5HXSlI17Rbbjl_-F6oPM4zyERCzXVki94yxgU_hhMTwD&amp;__tn__=*NK-R\"><strong>#PatrimonioINAH<\/strong><\/a><\/p>\n<p style=\"text-align: center;\"><a href=\"https:\/\/www.facebook.com\/hashtag\/inahvirtual?__eep__=6&amp;__cft__%5b0%5d=AZVZnyH2eaPNvbD56J8v-lZo9HLoT0l5TLxtgm3nyUaWsxqYE4u7LdhoUXR-vjGv7jFF_YscloBWFkRO36TU0coOjrDqCSbyU_s_X-fHfJHyuqHnzZWkGPbOn8oMzwpF6FR0dy4d7QUUVvpwpNEKZEROMgnjS5szng8ZYcAUgsEu5HXSlI17Rbbjl_-F6oPM4zyERCzXVki94yxgU_hhMTwD&amp;__tn__=*NK-R\"><strong>#INAHVirtual<\/strong><\/a><\/p>\n<p>&nbsp;<\/p>\n<p><strong>DIRECCI\u00d3N DE ESTUDIOS HIST\u00d3RICOS \u2013 INAH<\/strong><br \/>\nAllende 172, esq. Ju\u00e1rez, col. Tlalpan Centro,<br \/>\nAlcald\u00eda Tlalpan, C.P. 14000, Ciudad de M\u00e9xico<br \/>\nTel.: 55 4166 0780 \/ 55 4166 0784<br \/>\n<a href=\"http:\/\/estudioshistoricos.inah.gob.mx\/\">http:\/\/estudioshistoricos.inah.gob.mx\/<\/a><\/p>\n<p>\u2014<\/p>\n<p><strong>Difusi\u00f3n DEH \u2013 INAH<\/strong><br \/>\nAllende 172, esq. Ju\u00e1rez, col. Tlalpan Centro,<br \/>\nAlcald\u00eda Tlalpan, C.P. 14000, Ciudad de M\u00e9xico<br \/>\nTel.: 55 4166 0780 \/ 55 4166 0784, ext. 411015<\/p>\n<p>&nbsp;<\/p>\n","protected":false},"excerpt":{"rendered":"<p>INSTITUTO NACIONAL DE ANTROPOLOG\u00cdA E HISTORIA DIRECCI\u00d3N DE ESTUDIOS HIST\u00d3RICOS ESCUELA NACIONAL DE ANTROPOLOG\u00cdA E HISTORIA CENTRO DE INVESTIGACIONES Y ESTUDIOS SUPERIORES EN ANTROPOLOG\u00cdA SOCIAL SEMINARIO HISTORIA DE LA MINER\u00cdA EN M\u00c9XICO Y REGIONES COMPARADAS *** I N V I T A *** &nbsp; &nbsp; Minas y mineros de Michoac\u00e1n,&#8230; <a class=\"continue-reading-link\" href=\"https:\/\/estudioshistoricos.inah.gob.mx\/?p=16977\">Seguir leyendo<\/a><\/p>\n","protected":false},"author":2,"featured_media":16978,"comment_status":"closed","ping_status":"closed","sticky":false,"template":"","format":"standard","meta":{"footnotes":""},"categories":[129,10],"tags":[],"class_list":["post-16977","post","type-post","status-publish","format-standard","has-post-thumbnail","hentry","category-129","category-agenda-historica"],"_links":{"self":[{"href":"https:\/\/estudioshistoricos.inah.gob.mx\/index.php?rest_route=\/wp\/v2\/posts\/16977","targetHints":{"allow":["GET"]}}],"collection":[{"href":"https:\/\/estudioshistoricos.inah.gob.mx\/index.php?rest_route=\/wp\/v2\/posts"}],"about":[{"href":"https:\/\/estudioshistoricos.inah.gob.mx\/index.php?rest_route=\/wp\/v2\/types\/post"}],"author":[{"embeddable":true,"href":"https:\/\/estudioshistoricos.inah.gob.mx\/index.php?rest_route=\/wp\/v2\/users\/2"}],"replies":[{"embeddable":true,"href":"https:\/\/estudioshistoricos.inah.gob.mx\/index.php?rest_route=%2Fwp%2Fv2%2Fcomments&post=16977"}],"version-history":[{"count":1,"href":"https:\/\/estudioshistoricos.inah.gob.mx\/index.php?rest_route=\/wp\/v2\/posts\/16977\/revisions"}],"predecessor-version":[{"id":16980,"href":"https:\/\/estudioshistoricos.inah.gob.mx\/index.php?rest_route=\/wp\/v2\/posts\/16977\/revisions\/16980"}],"wp:featuredmedia":[{"embeddable":true,"href":"https:\/\/estudioshistoricos.inah.gob.mx\/index.php?rest_route=\/wp\/v2\/media\/16978"}],"wp:attachment":[{"href":"https:\/\/estudioshistoricos.inah.gob.mx\/index.php?rest_route=%2Fwp%2Fv2%2Fmedia&parent=16977"}],"wp:term":[{"taxonomy":"category","embeddable":true,"href":"https:\/\/estudioshistoricos.inah.gob.mx\/index.php?rest_route=%2Fwp%2Fv2%2Fcategories&post=16977"},{"taxonomy":"post_tag","embeddable":true,"href":"https:\/\/estudioshistoricos.inah.gob.mx\/index.php?rest_route=%2Fwp%2Fv2%2Ftags&post=16977"}],"curies":[{"name":"wp","href":"https:\/\/api.w.org\/{rel}","templated":true}]}}