{"id":16982,"date":"2025-08-25T08:15:54","date_gmt":"2025-08-25T14:15:54","guid":{"rendered":"https:\/\/estudioshistoricos.inah.gob.mx\/?p=16982"},"modified":"2025-10-29T12:52:10","modified_gmt":"2025-10-29T18:52:10","slug":"septima-emision-seminario-estudio-del-patrimonio-fotografico-de-mexico-4","status":"publish","type":"post","link":"https:\/\/estudioshistoricos.inah.gob.mx\/?p=16982","title":{"rendered":"S\u00c9PTIMA EMISI\u00d3N. SEMINARIO ESTUDIO DEL PATRIMONIO FOTOGR\u00c1FICO DE M\u00c9XICO"},"content":{"rendered":"<p style=\"text-align: center;\"><strong>INSTITUTO NACIONAL DE ANTROPOLOG\u00cdA E HISTORIA<\/strong><br \/>\n<strong>FOTOTECA NACIONAL. SINAFO INAH<\/strong><br \/>\n<strong>DIRECCI\u00d3N DE ESTUDIOS HIST\u00d3RICOS<\/strong><\/p>\n<p style=\"text-align: center;\">Le hacen una cordial invitaci\u00f3n para que asista a la<\/p>\n<p style=\"text-align: center;\"><strong>S\u00c9PTIMA EMISI\u00d3N<\/strong><\/p>\n<p style=\"text-align: center;\"><strong>SEMINARIO ESTUDIO DEL PATRIMONIO FOTOGR\u00c1FICO DE M\u00c9XICO<\/strong><\/p>\n<p>&nbsp;<\/p>\n<p><img loading=\"lazy\" decoding=\"async\" class=\"size-full wp-image-16984 aligncenter\" src=\"https:\/\/estudioshistoricos.inah.gob.mx\/wp-content\/uploads\/Seminario-Patrimonio-Fotografico-28-de-octubre-UNO.jpg\" alt=\"\" width=\"700\" height=\"700\" srcset=\"https:\/\/estudioshistoricos.inah.gob.mx\/wp-content\/uploads\/Seminario-Patrimonio-Fotografico-28-de-octubre-UNO.jpg 700w, https:\/\/estudioshistoricos.inah.gob.mx\/wp-content\/uploads\/Seminario-Patrimonio-Fotografico-28-de-octubre-UNO-300x300.jpg 300w, https:\/\/estudioshistoricos.inah.gob.mx\/wp-content\/uploads\/Seminario-Patrimonio-Fotografico-28-de-octubre-UNO-150x150.jpg 150w, https:\/\/estudioshistoricos.inah.gob.mx\/wp-content\/uploads\/Seminario-Patrimonio-Fotografico-28-de-octubre-UNO-350x350.jpg 350w\" sizes=\"auto, (max-width: 700px) 100vw, 700px\" \/><\/p>\n<p>&nbsp;<\/p>\n<p style=\"text-align: center;\"><span style=\"color: #ff6600;\"><strong>CICLO DE CONFERENCIAS<\/strong><\/span><br \/>\n<span style=\"color: #ff6600;\"><strong>MIGRACI\u00d3N E INTEGRACI\u00d3N<\/strong><\/span><\/p>\n<h3 style=\"text-align: center;\"><span style=\"color: #3366ff;\"><strong>Militancia anarquista y exilio.<\/strong><\/span><br \/>\n<span style=\"color: #3366ff;\"><strong>La historia detr\u00e1s de la Colecci\u00f3n SEMO de la Fototeca Nacional<\/strong><\/span><\/h3>\n<p>&nbsp;<\/p>\n<h4 style=\"text-align: center;\"><span style=\"color: #ff6600;\">Presenta:<\/span>\u00a0<strong>Anna Ribera Carb\u00f3<\/strong> | DEH, INAH<\/h4>\n<h4 style=\"text-align: center;\"><span style=\"color: #ff6600;\">Comenta:\u00a0<\/span><strong>Alejandro de la Torre<\/strong><\/h4>\n<p>&nbsp;<\/p>\n<p><strong>Martes 28 de octubre, 17:00 hrs.<\/strong><\/p>\n<p>&nbsp;<\/p>\n<p><strong>Transmisi\u00f3n por INAH TV<\/strong><\/p>\n<p><strong><a href=\"https:\/\/www.youtube.com\/@INAHTV\">https:\/\/www.youtube.com\/@INAHTV<\/a><\/strong><\/p>\n<p><strong>Informes:<\/strong>\u00a0<a href=\"mailto:seminario_fotografico@inah.gob.mx\">seminario_fotografico@inah.gob.mx<\/a><\/p>\n<p>&nbsp;<\/p>\n<p><div class=\"ose-youtube ose-uid-9ce7e3608e62bd81bfe070c7fb9ae3a8 ose-embedpress-responsive\" style=\"width:600px; height:550px; max-height:550px; max-width:100%; display:inline-block;\" data-embed-type=\"Youtube\"><iframe loading=\"lazy\" allowFullScreen=\"true\" title=\"&quot;Militancia anarquista y exilio&quot;  | Seminario Estudio del Patrimonio Fotogr\u00e1fico\" width=\"600\" height=\"550\" src=\"https:\/\/www.youtube.com\/embed\/aln32rM1F3c?feature=oembed&color=red&rel=0&controls=1&start=&end=&fs=0&iv_load_policy=0&autoplay=0&mute=0&modestbranding=0&cc_load_policy=1&playsinline=1\" frameborder=\"0\" allow=\"accelerometer; encrypted-media;accelerometer;autoplay;clipboard-write;gyroscope;picture-in-picture clipboard-write; encrypted-media; gyroscope; picture-in-picture; web-share\" referrerpolicy=\"strict-origin-when-cross-origin\" allowfullscreen><\/iframe><\/div><\/p>\n<p>&nbsp;<\/p>\n<p style=\"text-align: center;\"><a href=\"http:\/\/www.mexicoescultura.com\/\"><strong>mexicoescultura.com<\/strong><\/a><\/p>\n<p style=\"text-align: center;\"><a href=\"https:\/\/www.facebook.com\/hashtag\/patrimonioinah?__eep__=6&amp;__cft__%5b0%5d=AZVZnyH2eaPNvbD56J8v-lZo9HLoT0l5TLxtgm3nyUaWsxqYE4u7LdhoUXR-vjGv7jFF_YscloBWFkRO36TU0coOjrDqCSbyU_s_X-fHfJHyuqHnzZWkGPbOn8oMzwpF6FR0dy4d7QUUVvpwpNEKZEROMgnjS5szng8ZYcAUgsEu5HXSlI17Rbbjl_-F6oPM4zyERCzXVki94yxgU_hhMTwD&amp;__tn__=*NK-R\"><strong>#PatrimonioINAH<\/strong><\/a><\/p>\n<p style=\"text-align: center;\"><a href=\"https:\/\/www.facebook.com\/hashtag\/inahvirtual?__eep__=6&amp;__cft__%5b0%5d=AZVZnyH2eaPNvbD56J8v-lZo9HLoT0l5TLxtgm3nyUaWsxqYE4u7LdhoUXR-vjGv7jFF_YscloBWFkRO36TU0coOjrDqCSbyU_s_X-fHfJHyuqHnzZWkGPbOn8oMzwpF6FR0dy4d7QUUVvpwpNEKZEROMgnjS5szng8ZYcAUgsEu5HXSlI17Rbbjl_-F6oPM4zyERCzXVki94yxgU_hhMTwD&amp;__tn__=*NK-R\"><strong>#INAHVirtual<\/strong><\/a><\/p>\n<p>&nbsp;<\/p>\n<p><strong>DIRECCI\u00d3N DE ESTUDIOS HIST\u00d3RICOS \u2013 INAH<\/strong><br \/>\nAllende 172, esq. Ju\u00e1rez, col. Tlalpan Centro,<br \/>\nAlcald\u00eda Tlalpan, C.P. 14000, Ciudad de M\u00e9xico<br \/>\nTel.: 55 4166 0780 \/ 55 4166 0784<br \/>\n<a href=\"http:\/\/estudioshistoricos.inah.gob.mx\/\">http:\/\/estudioshistoricos.inah.gob.mx\/<\/a><\/p>\n<p>\u2014<\/p>\n<p><strong>Difusi\u00f3n DEH \u2013 INAH<\/strong><br \/>\nAllende 172, esq. Ju\u00e1rez, col. Tlalpan Centro,<br \/>\nAlcald\u00eda Tlalpan, C.P. 14000, Ciudad de M\u00e9xico<br \/>\nTel.: 55 4166 0780 \/ 55 4166 0784, ext. 411015<\/p>\n<p>&nbsp;<\/p>\n<p>&nbsp;<\/p>\n<p>&nbsp;<\/p>\n<p>&nbsp;<\/p>\n","protected":false},"excerpt":{"rendered":"<p>INSTITUTO NACIONAL DE ANTROPOLOG\u00cdA E HISTORIA FOTOTECA NACIONAL. SINAFO INAH DIRECCI\u00d3N DE ESTUDIOS HIST\u00d3RICOS Le hacen una cordial invitaci\u00f3n para que asista a la S\u00c9PTIMA EMISI\u00d3N SEMINARIO ESTUDIO DEL PATRIMONIO FOTOGR\u00c1FICO DE M\u00c9XICO &nbsp; &nbsp; CICLO DE CONFERENCIAS MIGRACI\u00d3N E INTEGRACI\u00d3N Militancia anarquista y exilio. La historia detr\u00e1s de la&#8230; <a class=\"continue-reading-link\" href=\"https:\/\/estudioshistoricos.inah.gob.mx\/?p=16982\">Seguir leyendo<\/a><\/p>\n","protected":false},"author":2,"featured_media":16983,"comment_status":"closed","ping_status":"closed","sticky":false,"template":"","format":"standard","meta":{"footnotes":""},"categories":[129,10],"tags":[],"class_list":["post-16982","post","type-post","status-publish","format-standard","has-post-thumbnail","hentry","category-129","category-agenda-historica"],"_links":{"self":[{"href":"https:\/\/estudioshistoricos.inah.gob.mx\/index.php?rest_route=\/wp\/v2\/posts\/16982","targetHints":{"allow":["GET"]}}],"collection":[{"href":"https:\/\/estudioshistoricos.inah.gob.mx\/index.php?rest_route=\/wp\/v2\/posts"}],"about":[{"href":"https:\/\/estudioshistoricos.inah.gob.mx\/index.php?rest_route=\/wp\/v2\/types\/post"}],"author":[{"embeddable":true,"href":"https:\/\/estudioshistoricos.inah.gob.mx\/index.php?rest_route=\/wp\/v2\/users\/2"}],"replies":[{"embeddable":true,"href":"https:\/\/estudioshistoricos.inah.gob.mx\/index.php?rest_route=%2Fwp%2Fv2%2Fcomments&post=16982"}],"version-history":[{"count":3,"href":"https:\/\/estudioshistoricos.inah.gob.mx\/index.php?rest_route=\/wp\/v2\/posts\/16982\/revisions"}],"predecessor-version":[{"id":17005,"href":"https:\/\/estudioshistoricos.inah.gob.mx\/index.php?rest_route=\/wp\/v2\/posts\/16982\/revisions\/17005"}],"wp:featuredmedia":[{"embeddable":true,"href":"https:\/\/estudioshistoricos.inah.gob.mx\/index.php?rest_route=\/wp\/v2\/media\/16983"}],"wp:attachment":[{"href":"https:\/\/estudioshistoricos.inah.gob.mx\/index.php?rest_route=%2Fwp%2Fv2%2Fmedia&parent=16982"}],"wp:term":[{"taxonomy":"category","embeddable":true,"href":"https:\/\/estudioshistoricos.inah.gob.mx\/index.php?rest_route=%2Fwp%2Fv2%2Fcategories&post=16982"},{"taxonomy":"post_tag","embeddable":true,"href":"https:\/\/estudioshistoricos.inah.gob.mx\/index.php?rest_route=%2Fwp%2Fv2%2Ftags&post=16982"}],"curies":[{"name":"wp","href":"https:\/\/api.w.org\/{rel}","templated":true}]}}