{"id":16991,"date":"2025-08-25T08:30:47","date_gmt":"2025-08-25T14:30:47","guid":{"rendered":"https:\/\/estudioshistoricos.inah.gob.mx\/?p=16991"},"modified":"2025-10-29T17:14:07","modified_gmt":"2025-10-29T23:14:07","slug":"seminario-permanente-antropologia-de-la-montana-y-el-clima-31","status":"publish","type":"post","link":"https:\/\/estudioshistoricos.inah.gob.mx\/?p=16991","title":{"rendered":"SEMINARIO\u00a0PERMANENTE\u00a0ANTROPOLOG\u00cdA\u00a0 DE\u00a0LA\u00a0MONTA\u00d1A\u00a0Y\u00a0EL\u00a0CLIMA"},"content":{"rendered":"<p style=\"text-align: center;\"><strong>INSTITUTO NACIONAL\u00a0DE\u00a0ANTROPOLOG\u00cdA\u00a0E HISTORIA<\/strong><br \/>\n<strong>DIRECCI\u00d3N\u00a0DE\u00a0ESTUDIOS HIST\u00d3RICOS<\/strong><\/p>\n<p style=\"text-align: center;\">Le hacen una cordial invitaci\u00f3n para asistir\u00a0de\u00a0manera virtual al<\/p>\n<p style=\"text-align: center;\"><strong>SEMINARIO\u00a0PERMANENTE\u00a0ANTROPOLOG\u00cdA\u00a0<\/strong><br \/>\n<strong>DE\u00a0LA\u00a0MONTA\u00d1A\u00a0Y\u00a0EL\u00a0CLIMA<\/strong><\/p>\n<p>&nbsp;<\/p>\n<p><img loading=\"lazy\" decoding=\"async\" class=\"size-full wp-image-16993 aligncenter\" src=\"https:\/\/estudioshistoricos.inah.gob.mx\/wp-content\/uploads\/Seminario-Permanente-Antropologia-29-de-octubre-UNO.png\" alt=\"\" width=\"700\" height=\"875\" srcset=\"https:\/\/estudioshistoricos.inah.gob.mx\/wp-content\/uploads\/Seminario-Permanente-Antropologia-29-de-octubre-UNO.png 700w, https:\/\/estudioshistoricos.inah.gob.mx\/wp-content\/uploads\/Seminario-Permanente-Antropologia-29-de-octubre-UNO-240x300.png 240w, https:\/\/estudioshistoricos.inah.gob.mx\/wp-content\/uploads\/Seminario-Permanente-Antropologia-29-de-octubre-UNO-280x350.png 280w, https:\/\/estudioshistoricos.inah.gob.mx\/wp-content\/uploads\/Seminario-Permanente-Antropologia-29-de-octubre-UNO-120x150.png 120w\" sizes=\"auto, (max-width: 700px) 100vw, 700px\" \/><\/p>\n<p>&nbsp;<\/p>\n<p><strong>SESI\u00d3N X<\/strong><\/p>\n<h3><span style=\"color: #800080;\"><strong>A 130 a\u00f1os de una antigua expedici\u00f3n biol\u00f3gica a los volcanes Popocat\u00e9petl e Iztacc\u00edhuatl<\/strong><\/span><\/h3>\n<p>&nbsp;<\/p>\n<p><span style=\"color: #ffcc00;\"><strong>Presenta:<\/strong><\/span><\/p>\n<h4><strong>L\u00e1zaro Guevara L\u00f3pez\u00a0|\u00a0<\/strong>Departamento de Zoolog\u00eda, Instituto de Biolog\u00eda, UNAM<\/h4>\n<p>&nbsp;<\/p>\n<p><span style=\"color: #ffcc00;\"><strong>Coordinan:<\/strong><\/span><\/p>\n<p><strong>Margarita Loera Ch\u00e1vez\u00a0y\u00a0Peniche<\/strong><br \/>\n<strong>Rams\u00e9s Hern\u00e1ndez Lucas<\/strong><\/p>\n<p>&nbsp;<\/p>\n<p><strong>Mi\u00e9rcoles 29 de octubre de 11:00 a 14:00 horas<\/strong><\/p>\n<p><strong>Transmisi\u00f3n en vivo por\u00a0el\u00a0canal\u00a0de\u00a0Facebook\u00a0de\u00a0la<\/strong><br \/>\n<strong>Direcci\u00f3n\u00a0de\u00a0Estudios Hist\u00f3ricos<\/strong><\/p>\n<p><strong><a href=\"https:\/\/www.facebook.com\/inah.estudioshistoricos\">https:\/\/www.facebook.com\/inah.estudioshistoricos<\/a>\u00a0<\/strong><\/p>\n<p>&nbsp;<\/p>\n<p><span style=\"color: #ffcc00;\"><strong>Informes:<\/strong>\u00a0<\/span><a href=\"mailto:mauricio_ramses@inah.gob.mx\">mauricio_ramses@inah.gob.mx<\/a><\/p>\n<p>&nbsp;<\/p>\n<p style=\"text-align: center;\"><a href=\"http:\/\/www.mexicoescultura.com\/\"><strong>mexicoescultura.com<\/strong><\/a><\/p>\n<p style=\"text-align: center;\"><a href=\"https:\/\/www.facebook.com\/hashtag\/patrimonioinah?__eep__=6&amp;__cft__%5b0%5d=AZVZnyH2eaPNvbD56J8v-lZo9HLoT0l5TLxtgm3nyUaWsxqYE4u7LdhoUXR-vjGv7jFF_YscloBWFkRO36TU0coOjrDqCSbyU_s_X-fHfJHyuqHnzZWkGPbOn8oMzwpF6FR0dy4d7QUUVvpwpNEKZEROMgnjS5szng8ZYcAUgsEu5HXSlI17Rbbjl_-F6oPM4zyERCzXVki94yxgU_hhMTwD&amp;__tn__=*NK-R\"><strong>#PatrimonioINAH<\/strong><\/a><\/p>\n<p style=\"text-align: center;\"><a href=\"https:\/\/www.facebook.com\/hashtag\/inahvirtual?__eep__=6&amp;__cft__%5b0%5d=AZVZnyH2eaPNvbD56J8v-lZo9HLoT0l5TLxtgm3nyUaWsxqYE4u7LdhoUXR-vjGv7jFF_YscloBWFkRO36TU0coOjrDqCSbyU_s_X-fHfJHyuqHnzZWkGPbOn8oMzwpF6FR0dy4d7QUUVvpwpNEKZEROMgnjS5szng8ZYcAUgsEu5HXSlI17Rbbjl_-F6oPM4zyERCzXVki94yxgU_hhMTwD&amp;__tn__=*NK-R\"><strong>#INAHVirtual<\/strong><\/a><\/p>\n<p style=\"text-align: center;\">\n<p><strong>DIRECCI\u00d3N DE ESTUDIOS HIST\u00d3RICOS \u2013 INAH<\/strong><br \/>\nAllende 172, esq. Ju\u00e1rez, col. Tlalpan Centro,<br \/>\nAlcald\u00eda Tlalpan, C.P. 14000, Ciudad de M\u00e9xico<br \/>\nTel.: 55 4166 0780 \/ 55 4166 0784<br \/>\n<a href=\"http:\/\/estudioshistoricos.inah.gob.mx\/\">http:\/\/estudioshistoricos.inah.gob.mx\/<\/a><\/p>\n<p>\u2014<\/p>\n<p><strong>Difusi\u00f3n DEH \u2013 INAH<\/strong><br \/>\nAllende 172, esq. Ju\u00e1rez, col. Tlalpan Centro,<br \/>\nAlcald\u00eda Tlalpan, C.P. 14000, Ciudad de M\u00e9xico<br \/>\nTel.: 55 4166 0780 \/ 55 4166 0784, ext. 411015<\/p>\n<p>&nbsp;<\/p>\n<p>&nbsp;<\/p>\n","protected":false},"excerpt":{"rendered":"<p>INSTITUTO NACIONAL\u00a0DE\u00a0ANTROPOLOG\u00cdA\u00a0E HISTORIA DIRECCI\u00d3N\u00a0DE\u00a0ESTUDIOS HIST\u00d3RICOS Le hacen una cordial invitaci\u00f3n para asistir\u00a0de\u00a0manera virtual al SEMINARIO\u00a0PERMANENTE\u00a0ANTROPOLOG\u00cdA\u00a0 DE\u00a0LA\u00a0MONTA\u00d1A\u00a0Y\u00a0EL\u00a0CLIMA &nbsp; &nbsp; SESI\u00d3N X A 130 a\u00f1os de una antigua expedici\u00f3n biol\u00f3gica a los volcanes Popocat\u00e9petl e Iztacc\u00edhuatl &nbsp; Presenta: L\u00e1zaro Guevara L\u00f3pez\u00a0|\u00a0Departamento de Zoolog\u00eda, Instituto de Biolog\u00eda, UNAM &nbsp; Coordinan: Margarita Loera Ch\u00e1vez\u00a0y\u00a0Peniche&#8230; <a class=\"continue-reading-link\" href=\"https:\/\/estudioshistoricos.inah.gob.mx\/?p=16991\">Seguir leyendo<\/a><\/p>\n","protected":false},"author":2,"featured_media":16992,"comment_status":"closed","ping_status":"closed","sticky":false,"template":"","format":"standard","meta":{"footnotes":""},"categories":[129,10],"tags":[],"class_list":["post-16991","post","type-post","status-publish","format-standard","has-post-thumbnail","hentry","category-129","category-agenda-historica"],"_links":{"self":[{"href":"https:\/\/estudioshistoricos.inah.gob.mx\/index.php?rest_route=\/wp\/v2\/posts\/16991","targetHints":{"allow":["GET"]}}],"collection":[{"href":"https:\/\/estudioshistoricos.inah.gob.mx\/index.php?rest_route=\/wp\/v2\/posts"}],"about":[{"href":"https:\/\/estudioshistoricos.inah.gob.mx\/index.php?rest_route=\/wp\/v2\/types\/post"}],"author":[{"embeddable":true,"href":"https:\/\/estudioshistoricos.inah.gob.mx\/index.php?rest_route=\/wp\/v2\/users\/2"}],"replies":[{"embeddable":true,"href":"https:\/\/estudioshistoricos.inah.gob.mx\/index.php?rest_route=%2Fwp%2Fv2%2Fcomments&post=16991"}],"version-history":[{"count":1,"href":"https:\/\/estudioshistoricos.inah.gob.mx\/index.php?rest_route=\/wp\/v2\/posts\/16991\/revisions"}],"predecessor-version":[{"id":16994,"href":"https:\/\/estudioshistoricos.inah.gob.mx\/index.php?rest_route=\/wp\/v2\/posts\/16991\/revisions\/16994"}],"wp:featuredmedia":[{"embeddable":true,"href":"https:\/\/estudioshistoricos.inah.gob.mx\/index.php?rest_route=\/wp\/v2\/media\/16992"}],"wp:attachment":[{"href":"https:\/\/estudioshistoricos.inah.gob.mx\/index.php?rest_route=%2Fwp%2Fv2%2Fmedia&parent=16991"}],"wp:term":[{"taxonomy":"category","embeddable":true,"href":"https:\/\/estudioshistoricos.inah.gob.mx\/index.php?rest_route=%2Fwp%2Fv2%2Fcategories&post=16991"},{"taxonomy":"post_tag","embeddable":true,"href":"https:\/\/estudioshistoricos.inah.gob.mx\/index.php?rest_route=%2Fwp%2Fv2%2Ftags&post=16991"}],"curies":[{"name":"wp","href":"https:\/\/api.w.org\/{rel}","templated":true}]}}