{"id":16999,"date":"2025-08-25T08:00:27","date_gmt":"2025-08-25T14:00:27","guid":{"rendered":"https:\/\/estudioshistoricos.inah.gob.mx\/?p=16999"},"modified":"2025-10-28T13:26:18","modified_gmt":"2025-10-28T19:26:18","slug":"seminario-patrimonio-cultural-antropologia-historia-y-legislacion-42","status":"publish","type":"post","link":"https:\/\/estudioshistoricos.inah.gob.mx\/?p=16999","title":{"rendered":"SEMINARIO\u00a0PATRIMONIO\u00a0CULTURAL.\u00a0 ANTROPOLOG\u00cdA,\u00a0HISTORIA\u00a0Y\u00a0LEGISLACI\u00d3N"},"content":{"rendered":"<p style=\"text-align: center;\"><strong>INSTITUTO NACIONAL DE\u00a0ANTROPOLOG\u00cdA\u00a0E\u00a0HISTORIA<\/strong><br \/>\n<strong>DIRECCI\u00d3N DE ESTUDIOS HIST\u00d3RICOS<\/strong><br \/>\n<strong>SEMINARIO\u00a0PATRIMONIO\u00a0CULTURAL.\u00a0<\/strong><br \/>\n<strong>ANTROPOLOG\u00cdA,\u00a0HISTORIA\u00a0Y\u00a0LEGISLACI\u00d3N<\/strong><\/p>\n<p style=\"text-align: center;\">Invitan al ciclo de mesas de an\u00e1lisis:<\/p>\n<h3 style=\"text-align: center;\"><span style=\"color: #1d3273;\"><strong>\u00bfCRISIS EN EL SECTOR CULTURA?<\/strong><\/span><br \/>\n<span style=\"color: #1d3273;\">VISI\u00d3N CR\u00cdTICA SINDICAL DEL PROYECTO DE PRESUPUESTO 2026<\/span><\/h3>\n<p>&nbsp;<\/p>\n<p><img loading=\"lazy\" decoding=\"async\" class=\"size-full wp-image-17001 aligncenter\" src=\"https:\/\/estudioshistoricos.inah.gob.mx\/wp-content\/uploads\/Seminario-Cultura-27-de-octubre-UNO.png\" alt=\"\" width=\"700\" height=\"875\" srcset=\"https:\/\/estudioshistoricos.inah.gob.mx\/wp-content\/uploads\/Seminario-Cultura-27-de-octubre-UNO.png 700w, https:\/\/estudioshistoricos.inah.gob.mx\/wp-content\/uploads\/Seminario-Cultura-27-de-octubre-UNO-240x300.png 240w, https:\/\/estudioshistoricos.inah.gob.mx\/wp-content\/uploads\/Seminario-Cultura-27-de-octubre-UNO-280x350.png 280w, https:\/\/estudioshistoricos.inah.gob.mx\/wp-content\/uploads\/Seminario-Cultura-27-de-octubre-UNO-120x150.png 120w\" sizes=\"auto, (max-width: 700px) 100vw, 700px\" \/><\/p>\n<p>&nbsp;<\/p>\n<p><span style=\"color: #33cccc;\"><strong>Participan:<\/strong><\/span><\/p>\n<h4><strong>Ximena Rojas\u00a0|\u00a0<\/strong>SINAR<br \/>\n<strong>Lourdes Garz\u00f3n\u00a0|\u00a0<\/strong>SINTRE, Radio Educaci\u00f3n<br \/>\n<strong>Jos\u00e9 Manuel Figueroa\u00a0|<\/strong>\u00a0SNAC,SC, INAH<br \/>\n<strong>Olegario Rey Cort\u00e9s\u00a0|\u00a0<\/strong>STAMPT, INAH<br \/>\n<strong>Edgar Omar Bautista\u00a0|\u00a0<\/strong>SNDTSC<br \/>\n<strong>Ricardo Armando Mart\u00ednez\u00a0|\u00a0<\/strong>SNPICD, INAH<\/h4>\n<p>&nbsp;<\/p>\n<p><span style=\"color: #33cccc;\"><strong>Coordina:\u00a0<\/strong><\/span><\/p>\n<p><strong>Bolfy Cottom<\/strong><br \/>\nDEH-INAH<\/p>\n<p>&nbsp;<\/p>\n<p><strong>Lunes 27 de octubre, de 10:30 a 14:00 hrs.<\/strong><\/p>\n<p><strong>Direcci\u00f3n de Estudios Hist\u00f3ricos, Auditorio Wigberto Jim\u00e9nez Moreno<\/strong><\/p>\n<p><strong>Sigue la transmisi\u00f3n tambi\u00e9n por el canal de YouTube de la<\/strong><br \/>\n<strong>Coordinaci\u00f3n Nacional de Antropolog\u00eda<\/strong><\/p>\n<p><strong>\u00a0<\/strong><\/p>\n<p>&nbsp;<\/p>\n<p><div class=\"ose-youtube ose-uid-f132233b7f657e8c32c01b3a46363699 ose-embedpress-responsive\" style=\"width:600px; height:550px; max-height:550px; max-width:100%; display:inline-block;\" data-embed-type=\"Youtube\"><iframe loading=\"lazy\" allowFullScreen=\"true\" title=\"27 de octubre de 2025. Seminario Patrimonio Cultural. Antropolog\u00eda, Historia y Legislaci\u00f3n\" width=\"600\" height=\"550\" src=\"https:\/\/www.youtube.com\/embed\/3xGaS7kpUdo?feature=oembed&color=red&rel=0&controls=1&start=&end=&fs=0&iv_load_policy=0&autoplay=0&mute=0&modestbranding=0&cc_load_policy=1&playsinline=1\" frameborder=\"0\" allow=\"accelerometer; encrypted-media;accelerometer;autoplay;clipboard-write;gyroscope;picture-in-picture clipboard-write; encrypted-media; gyroscope; picture-in-picture; web-share\" referrerpolicy=\"strict-origin-when-cross-origin\" allowfullscreen><\/iframe><\/div><\/p>\n<p>&nbsp;<\/p>\n<p style=\"text-align: center;\"><a href=\"http:\/\/www.mexicoescultura.com\/\"><strong>mexicoescultura.com<\/strong><\/a><\/p>\n<p style=\"text-align: center;\"><a href=\"https:\/\/www.facebook.com\/hashtag\/patrimonioinah?__eep__=6&amp;__cft__%5b0%5d=AZVZnyH2eaPNvbD56J8v-lZo9HLoT0l5TLxtgm3nyUaWsxqYE4u7LdhoUXR-vjGv7jFF_YscloBWFkRO36TU0coOjrDqCSbyU_s_X-fHfJHyuqHnzZWkGPbOn8oMzwpF6FR0dy4d7QUUVvpwpNEKZEROMgnjS5szng8ZYcAUgsEu5HXSlI17Rbbjl_-F6oPM4zyERCzXVki94yxgU_hhMTwD&amp;__tn__=*NK-R\"><strong>#PatrimonioINAH<\/strong><\/a><\/p>\n<p style=\"text-align: center;\"><a href=\"https:\/\/www.facebook.com\/hashtag\/inahvirtual?__eep__=6&amp;__cft__%5b0%5d=AZVZnyH2eaPNvbD56J8v-lZo9HLoT0l5TLxtgm3nyUaWsxqYE4u7LdhoUXR-vjGv7jFF_YscloBWFkRO36TU0coOjrDqCSbyU_s_X-fHfJHyuqHnzZWkGPbOn8oMzwpF6FR0dy4d7QUUVvpwpNEKZEROMgnjS5szng8ZYcAUgsEu5HXSlI17Rbbjl_-F6oPM4zyERCzXVki94yxgU_hhMTwD&amp;__tn__=*NK-R\"><strong>#INAHVirtual<\/strong><\/a><\/p>\n<p>&nbsp;<\/p>\n<p><strong>DIRECCI\u00d3N DE ESTUDIOS HIST\u00d3RICOS \u2013 INAH<\/strong><br \/>\nAllende 172, esq. Ju\u00e1rez, col. Tlalpan Centro,<br \/>\nAlcald\u00eda Tlalpan, C.P. 14000, Ciudad de M\u00e9xico<br \/>\nTel.: 55 4166 0780 \/ 55 4166 0784<br \/>\n<a href=\"http:\/\/estudioshistoricos.inah.gob.mx\/\">http:\/\/estudioshistoricos.inah.gob.mx\/<\/a><\/p>\n<p>\u2014<\/p>\n<p><strong>Difusi\u00f3n DEH \u2013 INAH<\/strong><br \/>\nAllende 172, esq. Ju\u00e1rez, col. Tlalpan Centro,<br \/>\nAlcald\u00eda Tlalpan, C.P. 14000, Ciudad de M\u00e9xico<br \/>\nTel.: 55 4166 0780 \/ 55 4166 0784, ext. 411015<\/p>\n<p>&nbsp;<\/p>\n","protected":false},"excerpt":{"rendered":"<p>INSTITUTO NACIONAL DE\u00a0ANTROPOLOG\u00cdA\u00a0E\u00a0HISTORIA DIRECCI\u00d3N DE ESTUDIOS HIST\u00d3RICOS SEMINARIO\u00a0PATRIMONIO\u00a0CULTURAL.\u00a0 ANTROPOLOG\u00cdA,\u00a0HISTORIA\u00a0Y\u00a0LEGISLACI\u00d3N Invitan al ciclo de mesas de an\u00e1lisis: \u00bfCRISIS EN EL SECTOR CULTURA? VISI\u00d3N CR\u00cdTICA SINDICAL DEL PROYECTO DE PRESUPUESTO 2026 &nbsp; &nbsp; Participan: Ximena Rojas\u00a0|\u00a0SINAR Lourdes Garz\u00f3n\u00a0|\u00a0SINTRE, Radio Educaci\u00f3n Jos\u00e9 Manuel Figueroa\u00a0|\u00a0SNAC,SC, INAH Olegario Rey Cort\u00e9s\u00a0|\u00a0STAMPT, INAH Edgar Omar Bautista\u00a0|\u00a0SNDTSC Ricardo&#8230; <a class=\"continue-reading-link\" href=\"https:\/\/estudioshistoricos.inah.gob.mx\/?p=16999\">Seguir leyendo<\/a><\/p>\n","protected":false},"author":2,"featured_media":17000,"comment_status":"closed","ping_status":"closed","sticky":false,"template":"","format":"standard","meta":{"footnotes":""},"categories":[129,10],"tags":[],"class_list":["post-16999","post","type-post","status-publish","format-standard","has-post-thumbnail","hentry","category-129","category-agenda-historica"],"_links":{"self":[{"href":"https:\/\/estudioshistoricos.inah.gob.mx\/index.php?rest_route=\/wp\/v2\/posts\/16999","targetHints":{"allow":["GET"]}}],"collection":[{"href":"https:\/\/estudioshistoricos.inah.gob.mx\/index.php?rest_route=\/wp\/v2\/posts"}],"about":[{"href":"https:\/\/estudioshistoricos.inah.gob.mx\/index.php?rest_route=\/wp\/v2\/types\/post"}],"author":[{"embeddable":true,"href":"https:\/\/estudioshistoricos.inah.gob.mx\/index.php?rest_route=\/wp\/v2\/users\/2"}],"replies":[{"embeddable":true,"href":"https:\/\/estudioshistoricos.inah.gob.mx\/index.php?rest_route=%2Fwp%2Fv2%2Fcomments&post=16999"}],"version-history":[{"count":2,"href":"https:\/\/estudioshistoricos.inah.gob.mx\/index.php?rest_route=\/wp\/v2\/posts\/16999\/revisions"}],"predecessor-version":[{"id":17003,"href":"https:\/\/estudioshistoricos.inah.gob.mx\/index.php?rest_route=\/wp\/v2\/posts\/16999\/revisions\/17003"}],"wp:featuredmedia":[{"embeddable":true,"href":"https:\/\/estudioshistoricos.inah.gob.mx\/index.php?rest_route=\/wp\/v2\/media\/17000"}],"wp:attachment":[{"href":"https:\/\/estudioshistoricos.inah.gob.mx\/index.php?rest_route=%2Fwp%2Fv2%2Fmedia&parent=16999"}],"wp:term":[{"taxonomy":"category","embeddable":true,"href":"https:\/\/estudioshistoricos.inah.gob.mx\/index.php?rest_route=%2Fwp%2Fv2%2Fcategories&post=16999"},{"taxonomy":"post_tag","embeddable":true,"href":"https:\/\/estudioshistoricos.inah.gob.mx\/index.php?rest_route=%2Fwp%2Fv2%2Ftags&post=16999"}],"curies":[{"name":"wp","href":"https:\/\/api.w.org\/{rel}","templated":true}]}}