{"id":17027,"date":"2025-08-25T10:00:16","date_gmt":"2025-08-25T16:00:16","guid":{"rendered":"https:\/\/estudioshistoricos.inah.gob.mx\/?p=17027"},"modified":"2025-11-13T14:08:31","modified_gmt":"2025-11-13T20:08:31","slug":"diplomado-insurgencias-sociales-protestas-y-rebeliones-en-nueva-espana-y-mexico-siglos-xvi-xxi-7","status":"publish","type":"post","link":"https:\/\/estudioshistoricos.inah.gob.mx\/?p=17027","title":{"rendered":"DIPLOMADO INSURGENCIAS SOCIALES, PROTESTAS Y REBELIONES EN NUEVA ESPA\u00d1A Y M\u00c9XICO, SIGLOS XVI-XXI"},"content":{"rendered":"<p style=\"text-align: center;\"><strong>INSTITUTO NACIONAL\u00a0DE\u00a0ANTROPOLOG\u00cdA E\u00a0HISTORIA<\/strong><br \/>\n<strong>DIRECCI\u00d3N\u00a0DE\u00a0ESTUDIOS HIST\u00d3RICOS<\/strong><\/p>\n<p style=\"text-align: center;\"><strong>DIPLOMADO<\/strong><\/p>\n<p style=\"text-align: center;\"><span style=\"color: #a62626;\"><strong>INSURGENCIAS SOCIALES, PROTESTAS Y REBELIONES EN NUEVA ESPA\u00d1A Y M\u00c9XICO,<br \/>\nSIGLOS XVI-XXI<\/strong><\/span><\/p>\n<p style=\"text-align: center;\"><strong>M\u00d3DULO II.\u00a0<\/strong><span style=\"color: #a62626;\"> ALZAMIENTOS DE INSPIRACI\u00d3N RELIGIOSA<\/span><\/p>\n<p><img loading=\"lazy\" decoding=\"async\" class=\"size-full wp-image-17030 aligncenter\" src=\"https:\/\/estudioshistoricos.inah.gob.mx\/wp-content\/uploads\/Diplomado-Insurgencias-6-noviembre-UNO.png\" alt=\"\" width=\"700\" height=\"393\" srcset=\"https:\/\/estudioshistoricos.inah.gob.mx\/wp-content\/uploads\/Diplomado-Insurgencias-6-noviembre-UNO.png 700w, https:\/\/estudioshistoricos.inah.gob.mx\/wp-content\/uploads\/Diplomado-Insurgencias-6-noviembre-UNO-300x168.png 300w, https:\/\/estudioshistoricos.inah.gob.mx\/wp-content\/uploads\/Diplomado-Insurgencias-6-noviembre-UNO-623x350.png 623w, https:\/\/estudioshistoricos.inah.gob.mx\/wp-content\/uploads\/Diplomado-Insurgencias-6-noviembre-UNO-150x84.png 150w\" sizes=\"auto, (max-width: 700px) 100vw, 700px\" \/><\/p>\n<p>&nbsp;<\/p>\n<p><strong>SESI\u00d3N 7.\u00a0\u00a0<\/strong><\/p>\n<h3><span style=\"color: #003366;\"><strong>Los actores liberales y conservadores enfrentados en Chiapas en la desamortizaci\u00f3n y el Imperio (1856-1867)<\/strong><\/span><\/h3>\n<h4><strong>Gloria Pedrero Nieto<\/strong>\u00a0<strong>|<\/strong>\u00a0UAEMx<\/h4>\n<p>&nbsp;<\/p>\n<h3><span style=\"color: #003366;\"><strong>El alzamiento de Tom\u00f3chic<\/strong><\/span><\/h3>\n<h4><strong>Antonio Saborit\u00a0|\u00a0<\/strong>MNA, INAH<\/h4>\n<p>&nbsp;<\/p>\n<p><span style=\"color: #a62626;\"><strong>\u00a0<\/strong><strong>Coordinan:<\/strong><\/span><\/p>\n<p><strong>Antonio Armando Alvarado G\u00f3mez<\/strong><br \/>\n<strong>Felipe Alejandro de la Torre Hern\u00e1ndez<\/strong><br \/>\n<strong>Mar\u00eda Magdalena P\u00e9rez Alfaro<\/strong><\/p>\n<p>&nbsp;<\/p>\n<p><strong>Jueves 6 de noviembre de 17:00 a 19:30 horas<\/strong><\/p>\n<p><strong>\u00a0<\/strong><strong>Transmisi\u00f3n por el canal de YouTube de la<\/strong><br \/>\n<strong>Coordinaci\u00f3n Nacional de Antropolog\u00eda<\/strong><br \/>\n<strong>\u00a0<a href=\"https:\/\/www.youtube.com\/@antropologiacnan\">https:\/\/www.youtube.com\/@antropologiacnan<\/a>\u00a0\u00a0<\/strong><\/p>\n<p>&nbsp;<\/p>\n<p><div class=\"ose-youtube ose-uid-04b1e893556fc3c4b7f78abbbc2e29a9 ose-embedpress-responsive\" style=\"width:600px; height:550px; max-height:550px; max-width:100%; display:inline-block;\" data-embed-type=\"Youtube\"><iframe loading=\"lazy\" allowFullScreen=\"true\" title=\"6 de noviembre de 2025. Diplomado Insurgencias sociales, protestas y rebeliones en Nueva Espa\u00f1a...\" width=\"600\" height=\"550\" src=\"https:\/\/www.youtube.com\/embed\/yDTdqgH_OI8?feature=oembed&color=red&rel=0&controls=1&start=&end=&fs=0&iv_load_policy=0&autoplay=0&mute=0&modestbranding=0&cc_load_policy=1&playsinline=1\" frameborder=\"0\" allow=\"accelerometer; encrypted-media;accelerometer;autoplay;clipboard-write;gyroscope;picture-in-picture clipboard-write; encrypted-media; gyroscope; picture-in-picture; web-share\" referrerpolicy=\"strict-origin-when-cross-origin\" allowfullscreen><\/iframe><\/div><\/p>\n<p>&nbsp;<\/p>\n<p style=\"text-align: center;\"><a href=\"http:\/\/www.mexicoescultura.com\/\"><strong>mexicoescultura.com<\/strong><\/a><\/p>\n<p style=\"text-align: center;\"><a href=\"https:\/\/www.facebook.com\/hashtag\/patrimonioinah?__eep__=6&amp;__cft__%5b0%5d=AZVZnyH2eaPNvbD56J8v-lZo9HLoT0l5TLxtgm3nyUaWsxqYE4u7LdhoUXR-vjGv7jFF_YscloBWFkRO36TU0coOjrDqCSbyU_s_X-fHfJHyuqHnzZWkGPbOn8oMzwpF6FR0dy4d7QUUVvpwpNEKZEROMgnjS5szng8ZYcAUgsEu5HXSlI17Rbbjl_-F6oPM4zyERCzXVki94yxgU_hhMTwD&amp;__tn__=*NK-R\"><strong>#PatrimonioINAH<\/strong><\/a><\/p>\n<p style=\"text-align: center;\"><a href=\"https:\/\/www.facebook.com\/hashtag\/inahvirtual?__eep__=6&amp;__cft__%5b0%5d=AZVZnyH2eaPNvbD56J8v-lZo9HLoT0l5TLxtgm3nyUaWsxqYE4u7LdhoUXR-vjGv7jFF_YscloBWFkRO36TU0coOjrDqCSbyU_s_X-fHfJHyuqHnzZWkGPbOn8oMzwpF6FR0dy4d7QUUVvpwpNEKZEROMgnjS5szng8ZYcAUgsEu5HXSlI17Rbbjl_-F6oPM4zyERCzXVki94yxgU_hhMTwD&amp;__tn__=*NK-R\"><strong>#INAHVirtual<\/strong><\/a><\/p>\n<p>&nbsp;<\/p>\n<p><strong>DIRECCI\u00d3N DE ESTUDIOS HIST\u00d3RICOS \u2013 INAH<\/strong><br \/>\nAllende 172, esq. Ju\u00e1rez, col. Tlalpan Centro,<br \/>\nAlcald\u00eda Tlalpan, C.P. 14000, Ciudad de M\u00e9xico<br \/>\nTel.: 55 4166 0780 \/ 55 4166 0784<br \/>\n<a href=\"http:\/\/estudioshistoricos.inah.gob.mx\/\">http:\/\/estudioshistoricos.inah.gob.mx\/<\/a><\/p>\n<p>\u2014<\/p>\n<p><strong>Difusi\u00f3n DEH \u2013 INAH<\/strong><br \/>\nAllende 172, esq. Ju\u00e1rez, col. Tlalpan Centro,<br \/>\nAlcald\u00eda Tlalpan, C.P. 14000, Ciudad de M\u00e9xico<br \/>\nTel.: 55 4166 0780 \/ 55 4166 0784, ext. 411015<\/p>\n<p>&nbsp;<\/p>\n","protected":false},"excerpt":{"rendered":"<p>INSTITUTO NACIONAL\u00a0DE\u00a0ANTROPOLOG\u00cdA E\u00a0HISTORIA DIRECCI\u00d3N\u00a0DE\u00a0ESTUDIOS HIST\u00d3RICOS DIPLOMADO INSURGENCIAS SOCIALES, PROTESTAS Y REBELIONES EN NUEVA ESPA\u00d1A Y M\u00c9XICO, SIGLOS XVI-XXI M\u00d3DULO II.\u00a0 ALZAMIENTOS DE INSPIRACI\u00d3N RELIGIOSA &nbsp; SESI\u00d3N 7.\u00a0\u00a0 Los actores liberales y conservadores enfrentados en Chiapas en la desamortizaci\u00f3n y el Imperio (1856-1867) Gloria Pedrero Nieto\u00a0|\u00a0UAEMx &nbsp; El alzamiento de Tom\u00f3chic&#8230; <a class=\"continue-reading-link\" href=\"https:\/\/estudioshistoricos.inah.gob.mx\/?p=17027\">Seguir leyendo<\/a><\/p>\n","protected":false},"author":2,"featured_media":17029,"comment_status":"closed","ping_status":"closed","sticky":false,"template":"","format":"standard","meta":{"footnotes":""},"categories":[129,10],"tags":[],"class_list":["post-17027","post","type-post","status-publish","format-standard","has-post-thumbnail","hentry","category-129","category-agenda-historica"],"_links":{"self":[{"href":"https:\/\/estudioshistoricos.inah.gob.mx\/index.php?rest_route=\/wp\/v2\/posts\/17027","targetHints":{"allow":["GET"]}}],"collection":[{"href":"https:\/\/estudioshistoricos.inah.gob.mx\/index.php?rest_route=\/wp\/v2\/posts"}],"about":[{"href":"https:\/\/estudioshistoricos.inah.gob.mx\/index.php?rest_route=\/wp\/v2\/types\/post"}],"author":[{"embeddable":true,"href":"https:\/\/estudioshistoricos.inah.gob.mx\/index.php?rest_route=\/wp\/v2\/users\/2"}],"replies":[{"embeddable":true,"href":"https:\/\/estudioshistoricos.inah.gob.mx\/index.php?rest_route=%2Fwp%2Fv2%2Fcomments&post=17027"}],"version-history":[{"count":4,"href":"https:\/\/estudioshistoricos.inah.gob.mx\/index.php?rest_route=\/wp\/v2\/posts\/17027\/revisions"}],"predecessor-version":[{"id":17034,"href":"https:\/\/estudioshistoricos.inah.gob.mx\/index.php?rest_route=\/wp\/v2\/posts\/17027\/revisions\/17034"}],"wp:featuredmedia":[{"embeddable":true,"href":"https:\/\/estudioshistoricos.inah.gob.mx\/index.php?rest_route=\/wp\/v2\/media\/17029"}],"wp:attachment":[{"href":"https:\/\/estudioshistoricos.inah.gob.mx\/index.php?rest_route=%2Fwp%2Fv2%2Fmedia&parent=17027"}],"wp:term":[{"taxonomy":"category","embeddable":true,"href":"https:\/\/estudioshistoricos.inah.gob.mx\/index.php?rest_route=%2Fwp%2Fv2%2Fcategories&post=17027"},{"taxonomy":"post_tag","embeddable":true,"href":"https:\/\/estudioshistoricos.inah.gob.mx\/index.php?rest_route=%2Fwp%2Fv2%2Ftags&post=17027"}],"curies":[{"name":"wp","href":"https:\/\/api.w.org\/{rel}","templated":true}]}}