{"id":17035,"date":"2025-08-25T10:45:03","date_gmt":"2025-08-25T16:45:03","guid":{"rendered":"https:\/\/estudioshistoricos.inah.gob.mx\/?p=17035"},"modified":"2025-11-18T13:01:25","modified_gmt":"2025-11-18T19:01:25","slug":"x-encuentro-taller-cultura-obrera-cultura-visual-y-propaganda-en-el-mundo-del-trabajo-siglos-xviii-xxi","status":"publish","type":"post","link":"https:\/\/estudioshistoricos.inah.gob.mx\/?p=17035","title":{"rendered":"X ENCUENTRO\/TALLER CULTURA OBRERA. GR\u00c1FICA MILITANTE. CULTURA VISUAL Y PROPAGANDA EN EL MUNDO DEL TRABAJO, SIGLOS XVIII-XXI"},"content":{"rendered":"<p style=\"text-align: center;\"><strong>INSTITUTO NACIONAL DE ANTROPOLOG\u00cdA E HISTORIA<\/strong><br \/>\n<strong>DIRECCI\u00d3N DE ESTUDIOS HIST\u00d3RICOS<\/strong><\/p>\n<p style=\"text-align: center;\">Le hacen una cordial invitaci\u00f3n para que asista al<\/p>\n<p style=\"text-align: center;\"><span style=\"color: #700f29;\"><strong>X ENCUENTRO\/TALLER CULTURA OBRERA<\/strong><\/span><\/p>\n<h3 style=\"text-align: center;\"><span style=\"color: #525208;\"><strong>GR\u00c1FICA MILITANTE<\/strong><\/span><br \/>\n<span style=\"color: #525208;\">CULTURA VISUAL Y PROPAGANDA EN EL MUNDO DEL TRABAJO, SIGLOS XVIII-XXI<\/span><\/h3>\n<p>&nbsp;<\/p>\n<p style=\"text-align: center;\"><img loading=\"lazy\" decoding=\"async\" class=\"size-full wp-image-17037 aligncenter\" src=\"https:\/\/estudioshistoricos.inah.gob.mx\/wp-content\/uploads\/Grafica-Militante-12-de-noviembre-UNO.png\" alt=\"\" width=\"700\" height=\"875\" srcset=\"https:\/\/estudioshistoricos.inah.gob.mx\/wp-content\/uploads\/Grafica-Militante-12-de-noviembre-UNO.png 700w, https:\/\/estudioshistoricos.inah.gob.mx\/wp-content\/uploads\/Grafica-Militante-12-de-noviembre-UNO-240x300.png 240w, https:\/\/estudioshistoricos.inah.gob.mx\/wp-content\/uploads\/Grafica-Militante-12-de-noviembre-UNO-280x350.png 280w, https:\/\/estudioshistoricos.inah.gob.mx\/wp-content\/uploads\/Grafica-Militante-12-de-noviembre-UNO-120x150.png 120w\" sizes=\"auto, (max-width: 700px) 100vw, 700px\" \/><\/p>\n<p>&nbsp;<\/p>\n<p><strong>del 12 al 14 de noviembre, de 10:00 a 15:00 hrs.<\/strong><\/p>\n<p><strong>Auditorio Wigberto Jim\u00e9nez Moreno<\/strong><br \/>\nEntrada libre, evento presencial<\/p>\n<p><span style=\"color: #700f29;\"><strong>Coordinan:<\/strong><\/span><\/p>\n<p><strong>Miguel Ordu\u00f1a Carson<\/strong><br \/>\n<strong>Alejandro de la Torre Hern\u00e1ndez<\/strong><\/p>\n<p>&nbsp;<\/p>\n<p style=\"text-align: center;\"><span style=\"color: #700f29;\"><strong>PROGRAMA<\/strong><\/span><\/p>\n<p><img loading=\"lazy\" decoding=\"async\" class=\"wp-image-17038 size-full aligncenter\" src=\"https:\/\/estudioshistoricos.inah.gob.mx\/wp-content\/uploads\/Programa-Grafica-Militante-del-12-al-14-de-noviembre-UNO.png\" alt=\"\" width=\"700\" height=\"875\" srcset=\"https:\/\/estudioshistoricos.inah.gob.mx\/wp-content\/uploads\/Programa-Grafica-Militante-del-12-al-14-de-noviembre-UNO.png 700w, https:\/\/estudioshistoricos.inah.gob.mx\/wp-content\/uploads\/Programa-Grafica-Militante-del-12-al-14-de-noviembre-UNO-240x300.png 240w, https:\/\/estudioshistoricos.inah.gob.mx\/wp-content\/uploads\/Programa-Grafica-Militante-del-12-al-14-de-noviembre-UNO-280x350.png 280w, https:\/\/estudioshistoricos.inah.gob.mx\/wp-content\/uploads\/Programa-Grafica-Militante-del-12-al-14-de-noviembre-UNO-120x150.png 120w\" sizes=\"auto, (max-width: 700px) 100vw, 700px\" \/><\/p>\n<p>&nbsp;<\/p>\n<p style=\"text-align: center;\"><a href=\"http:\/\/www.mexicoescultura.com\/\"><strong>mexicoescultura.com<\/strong><\/a><\/p>\n<p style=\"text-align: center;\"><a href=\"https:\/\/www.facebook.com\/hashtag\/patrimonioinah?__eep__=6&amp;__cft__%5b0%5d=AZVZnyH2eaPNvbD56J8v-lZo9HLoT0l5TLxtgm3nyUaWsxqYE4u7LdhoUXR-vjGv7jFF_YscloBWFkRO36TU0coOjrDqCSbyU_s_X-fHfJHyuqHnzZWkGPbOn8oMzwpF6FR0dy4d7QUUVvpwpNEKZEROMgnjS5szng8ZYcAUgsEu5HXSlI17Rbbjl_-F6oPM4zyERCzXVki94yxgU_hhMTwD&amp;__tn__=*NK-R\"><strong>#PatrimonioINAH<\/strong><\/a><\/p>\n<p style=\"text-align: center;\"><a href=\"https:\/\/www.facebook.com\/hashtag\/inahvirtual?__eep__=6&amp;__cft__%5b0%5d=AZVZnyH2eaPNvbD56J8v-lZo9HLoT0l5TLxtgm3nyUaWsxqYE4u7LdhoUXR-vjGv7jFF_YscloBWFkRO36TU0coOjrDqCSbyU_s_X-fHfJHyuqHnzZWkGPbOn8oMzwpF6FR0dy4d7QUUVvpwpNEKZEROMgnjS5szng8ZYcAUgsEu5HXSlI17Rbbjl_-F6oPM4zyERCzXVki94yxgU_hhMTwD&amp;__tn__=*NK-R\"><strong>#INAHVirtual<\/strong><\/a><\/p>\n<p>&nbsp;<\/p>\n<p><strong>DIRECCI\u00d3N DE ESTUDIOS HIST\u00d3RICOS \u2013 INAH<\/strong><br \/>\nAllende 172, esq. Ju\u00e1rez, col. Tlalpan Centro,<br \/>\nAlcald\u00eda Tlalpan, C.P. 14000, Ciudad de M\u00e9xico<br \/>\nTel.: 55 4166 0780 \/ 55 4166 0784<br \/>\n<a href=\"http:\/\/estudioshistoricos.inah.gob.mx\/\">http:\/\/estudioshistoricos.inah.gob.mx\/<\/a><\/p>\n<p>\u2014<\/p>\n<p><strong>Difusi\u00f3n DEH \u2013 INAH<\/strong><br \/>\nAllende 172, esq. Ju\u00e1rez, col. Tlalpan Centro,<br \/>\nAlcald\u00eda Tlalpan, C.P. 14000, Ciudad de M\u00e9xico<br \/>\nTel.: 55 4166 0780 \/ 55 4166 0784, ext. 411015<\/p>\n<p>&nbsp;<\/p>\n","protected":false},"excerpt":{"rendered":"<p>INSTITUTO NACIONAL DE ANTROPOLOG\u00cdA E HISTORIA DIRECCI\u00d3N DE ESTUDIOS HIST\u00d3RICOS Le hacen una cordial invitaci\u00f3n para que asista al X ENCUENTRO\/TALLER CULTURA OBRERA GR\u00c1FICA MILITANTE CULTURA VISUAL Y PROPAGANDA EN EL MUNDO DEL TRABAJO, SIGLOS XVIII-XXI &nbsp; &nbsp; del 12 al 14 de noviembre, de 10:00 a 15:00 hrs. Auditorio&#8230; <a class=\"continue-reading-link\" href=\"https:\/\/estudioshistoricos.inah.gob.mx\/?p=17035\">Seguir leyendo<\/a><\/p>\n","protected":false},"author":2,"featured_media":17036,"comment_status":"closed","ping_status":"closed","sticky":false,"template":"","format":"standard","meta":{"footnotes":""},"categories":[129,10],"tags":[],"class_list":["post-17035","post","type-post","status-publish","format-standard","has-post-thumbnail","hentry","category-129","category-agenda-historica"],"_links":{"self":[{"href":"https:\/\/estudioshistoricos.inah.gob.mx\/index.php?rest_route=\/wp\/v2\/posts\/17035","targetHints":{"allow":["GET"]}}],"collection":[{"href":"https:\/\/estudioshistoricos.inah.gob.mx\/index.php?rest_route=\/wp\/v2\/posts"}],"about":[{"href":"https:\/\/estudioshistoricos.inah.gob.mx\/index.php?rest_route=\/wp\/v2\/types\/post"}],"author":[{"embeddable":true,"href":"https:\/\/estudioshistoricos.inah.gob.mx\/index.php?rest_route=\/wp\/v2\/users\/2"}],"replies":[{"embeddable":true,"href":"https:\/\/estudioshistoricos.inah.gob.mx\/index.php?rest_route=%2Fwp%2Fv2%2Fcomments&post=17035"}],"version-history":[{"count":3,"href":"https:\/\/estudioshistoricos.inah.gob.mx\/index.php?rest_route=\/wp\/v2\/posts\/17035\/revisions"}],"predecessor-version":[{"id":17041,"href":"https:\/\/estudioshistoricos.inah.gob.mx\/index.php?rest_route=\/wp\/v2\/posts\/17035\/revisions\/17041"}],"wp:featuredmedia":[{"embeddable":true,"href":"https:\/\/estudioshistoricos.inah.gob.mx\/index.php?rest_route=\/wp\/v2\/media\/17036"}],"wp:attachment":[{"href":"https:\/\/estudioshistoricos.inah.gob.mx\/index.php?rest_route=%2Fwp%2Fv2%2Fmedia&parent=17035"}],"wp:term":[{"taxonomy":"category","embeddable":true,"href":"https:\/\/estudioshistoricos.inah.gob.mx\/index.php?rest_route=%2Fwp%2Fv2%2Fcategories&post=17035"},{"taxonomy":"post_tag","embeddable":true,"href":"https:\/\/estudioshistoricos.inah.gob.mx\/index.php?rest_route=%2Fwp%2Fv2%2Ftags&post=17035"}],"curies":[{"name":"wp","href":"https:\/\/api.w.org\/{rel}","templated":true}]}}