{"id":17042,"date":"2025-12-30T08:15:39","date_gmt":"2025-12-30T14:15:39","guid":{"rendered":"https:\/\/estudioshistoricos.inah.gob.mx\/?p=17042"},"modified":"2026-01-19T17:37:52","modified_gmt":"2026-01-19T23:37:52","slug":"seminario-estudio-del-patrimonio-fotografico-en-mexico-septima-edicion","status":"publish","type":"post","link":"https:\/\/estudioshistoricos.inah.gob.mx\/?p=17042","title":{"rendered":"SEMINARIO ESTUDIO DEL PATRIMONIO FOTOGR\u00c1FICO EN M\u00c9XICO, S\u00c9PTIMA EDICI\u00d3N"},"content":{"rendered":"<p style=\"text-align: center;\"><a href=\"https:\/\/www.facebook.com\/INAHmx?__cft__%5b0%5d=AZUQ6kI-CZ1ymRcTdXCg7E0_qMd60Pr_xrUrhrydmd-zmmwbQ3SjnGhSfKWClkzEt05qXgicnqA3zKGAc4IIlgimPQAIQCYB49Rg9Zle-sNrzoKwQP96rAw4QM7Hx53Yi0pL6_q7TEL4cSNZBQe7DkrIe02P_nEu55mBvLGpjkvstTejHD0YigDMDFFkZU1ufNU&amp;__tn__=-UC*F\"><strong>INSTITUTO NACIONAL DE ANTROPOLOG\u00cdA E HISTORIA<\/strong><\/a><\/p>\n<p style=\"text-align: center;\">La\u00a0<a href=\"https:\/\/www.facebook.com\/SINAFO.FototecaNacional?__cft__%5b0%5d=AZUQ6kI-CZ1ymRcTdXCg7E0_qMd60Pr_xrUrhrydmd-zmmwbQ3SjnGhSfKWClkzEt05qXgicnqA3zKGAc4IIlgimPQAIQCYB49Rg9Zle-sNrzoKwQP96rAw4QM7Hx53Yi0pL6_q7TEL4cSNZBQe7DkrIe02P_nEu55mBvLGpjkvstTejHD0YigDMDFFkZU1ufNU&amp;__tn__=-%5dK*F\"><strong>Fototeca Nacional. Sinafo.INAH<\/strong><\/a>\u00a0y la\u00a0<a href=\"https:\/\/www.facebook.com\/inah.estudioshistoricos?__cft__%5b0%5d=AZUQ6kI-CZ1ymRcTdXCg7E0_qMd60Pr_xrUrhrydmd-zmmwbQ3SjnGhSfKWClkzEt05qXgicnqA3zKGAc4IIlgimPQAIQCYB49Rg9Zle-sNrzoKwQP96rAw4QM7Hx53Yi0pL6_q7TEL4cSNZBQe7DkrIe02P_nEu55mBvLGpjkvstTejHD0YigDMDFFkZU1ufNU&amp;__tn__=-%5dK*F\"><strong>Direcci\u00f3n de Estudios Hist\u00f3ricos<\/strong><\/a>\u00a0te invitan a la \u00faltima sesi\u00f3n del\u00a0<strong>Seminario Estudio del patrimonio fotogr\u00e1fico en M\u00e9xico, s\u00e9ptima edici\u00f3n<\/strong>.<\/p>\n<p>&nbsp;<\/p>\n<p><img loading=\"lazy\" decoding=\"async\" class=\"size-full wp-image-17044 aligncenter\" src=\"https:\/\/estudioshistoricos.inah.gob.mx\/wp-content\/uploads\/Patrimonio-fotografico-25-de-noviembre-UNO.png\" alt=\"\" width=\"700\" height=\"700\" srcset=\"https:\/\/estudioshistoricos.inah.gob.mx\/wp-content\/uploads\/Patrimonio-fotografico-25-de-noviembre-UNO.png 700w, https:\/\/estudioshistoricos.inah.gob.mx\/wp-content\/uploads\/Patrimonio-fotografico-25-de-noviembre-UNO-300x300.png 300w, https:\/\/estudioshistoricos.inah.gob.mx\/wp-content\/uploads\/Patrimonio-fotografico-25-de-noviembre-UNO-150x150.png 150w, https:\/\/estudioshistoricos.inah.gob.mx\/wp-content\/uploads\/Patrimonio-fotografico-25-de-noviembre-UNO-350x350.png 350w\" sizes=\"auto, (max-width: 700px) 100vw, 700px\" \/><\/p>\n<p>&nbsp;<\/p>\n<h3 style=\"text-align: center;\"><span style=\"color: #ff6600;\"><strong>Las fiestas de las colonias extranjeras.\u00a0<\/strong><\/span><br \/>\n<span style=\"color: #ff6600;\"><strong>Del Porfiriato a la posrevoluci\u00f3n<\/strong><\/span><\/h3>\n<h4 style=\"text-align: center;\"><span style=\"color: #ff6600;\">Presenta:<\/span> <span style=\"color: #052a99;\"><strong>Delia Salazar<\/strong><\/span><\/h4>\n<p style=\"text-align: center;\"><span style=\"color: #ff6600;\">Modera:<\/span> <strong>Patricia Mass\u00e9<\/strong><\/p>\n<p><strong>Martes 25 de noviembre, 17:00 hrs.<\/strong><\/p>\n<p><span style=\"color: #ff6600;\">Sigue la transmisi\u00f3n en vivo por\u00a0<a style=\"color: #ff6600;\" href=\"https:\/\/www.facebook.com\/InahTv?__cft__%5b0%5d=AZUQ6kI-CZ1ymRcTdXCg7E0_qMd60Pr_xrUrhrydmd-zmmwbQ3SjnGhSfKWClkzEt05qXgicnqA3zKGAc4IIlgimPQAIQCYB49Rg9Zle-sNrzoKwQP96rAw4QM7Hx53Yi0pL6_q7TEL4cSNZBQe7DkrIe02P_nEu55mBvLGpjkvstTejHD0YigDMDFFkZU1ufNU&amp;__tn__=-%5dK*F\">INAH TV<\/a>:<\/span>\u00a0<a href=\"https:\/\/youtube.com\/INAHoficial?fbclid=IwZXh0bgNhZW0CMTAAYnJpZBExb3U5d3NqaHF4YjQxaUllYwEesTw_BxTgoStDWNOSx5GQP1yJqJe6_yAfd2z8PerOmhMU7-8Zs63XzICnZng_aem_5xRZ8M4x5bRGW7TuhPnb4A\">youtube.com\/INAHoficial<\/a><\/p>\n<p><span style=\"color: #ff6600;\">Informes:<\/span>\u00a0<a href=\"mailto:seminario_fotografico@inah.gob.mx\">seminario_fotografico@inah.gob.mx<\/a><\/p>\n<p>&nbsp;<\/p>\n<p><span style=\"color: #ff6600;\">Consulta el programa completo:<\/span>\u00a0<a href=\"https:\/\/bit.ly\/427iDZi?fbclid=IwZXh0bgNhZW0CMTAAYnJpZBExb3U5d3NqaHF4YjQxaUllYwEeUQICUyt_26yBnBVMoq-3TTu2OytG-C4ZEWPWtRMkXA3gDhi6YXV0r9EQABI_aem_JgJ4yVtw_DXS6MzMpVcodA\">bit.ly\/427iDZi<\/a><\/p>\n<p><a href=\"https:\/\/www.facebook.com\/hashtag\/culturainah?__eep__=6&amp;__cft__%5b0%5d=AZUQ6kI-CZ1ymRcTdXCg7E0_qMd60Pr_xrUrhrydmd-zmmwbQ3SjnGhSfKWClkzEt05qXgicnqA3zKGAc4IIlgimPQAIQCYB49Rg9Zle-sNrzoKwQP96rAw4QM7Hx53Yi0pL6_q7TEL4cSNZBQe7DkrIe02P_nEu55mBvLGpjkvstTejHD0YigDMDFFkZU1ufNU&amp;__tn__=*NK*F\">#CulturaINAH<\/a>\u00a0<a href=\"https:\/\/www.facebook.com\/hashtag\/fototecanacional?__eep__=6&amp;__cft__%5b0%5d=AZUQ6kI-CZ1ymRcTdXCg7E0_qMd60Pr_xrUrhrydmd-zmmwbQ3SjnGhSfKWClkzEt05qXgicnqA3zKGAc4IIlgimPQAIQCYB49Rg9Zle-sNrzoKwQP96rAw4QM7Hx53Yi0pL6_q7TEL4cSNZBQe7DkrIe02P_nEu55mBvLGpjkvstTejHD0YigDMDFFkZU1ufNU&amp;__tn__=*NK*F\">#FototecaNacional<\/a>\u00a0<a href=\"https:\/\/www.facebook.com\/hashtag\/sinafo?__eep__=6&amp;__cft__%5b0%5d=AZUQ6kI-CZ1ymRcTdXCg7E0_qMd60Pr_xrUrhrydmd-zmmwbQ3SjnGhSfKWClkzEt05qXgicnqA3zKGAc4IIlgimPQAIQCYB49Rg9Zle-sNrzoKwQP96rAw4QM7Hx53Yi0pL6_q7TEL4cSNZBQe7DkrIe02P_nEu55mBvLGpjkvstTejHD0YigDMDFFkZU1ufNU&amp;__tn__=*NK*F\">#SINAFO<\/a>\u00a0<a href=\"https:\/\/www.facebook.com\/hashtag\/inahtv?__eep__=6&amp;__cft__%5b0%5d=AZUQ6kI-CZ1ymRcTdXCg7E0_qMd60Pr_xrUrhrydmd-zmmwbQ3SjnGhSfKWClkzEt05qXgicnqA3zKGAc4IIlgimPQAIQCYB49Rg9Zle-sNrzoKwQP96rAw4QM7Hx53Yi0pL6_q7TEL4cSNZBQe7DkrIe02P_nEu55mBvLGpjkvstTejHD0YigDMDFFkZU1ufNU&amp;__tn__=*NK*F\">#INAHTV<\/a>\u00a0<a href=\"https:\/\/www.facebook.com\/hashtag\/historiadem%C3%A9xico?__eep__=6&amp;__cft__%5b0%5d=AZUQ6kI-CZ1ymRcTdXCg7E0_qMd60Pr_xrUrhrydmd-zmmwbQ3SjnGhSfKWClkzEt05qXgicnqA3zKGAc4IIlgimPQAIQCYB49Rg9Zle-sNrzoKwQP96rAw4QM7Hx53Yi0pL6_q7TEL4cSNZBQe7DkrIe02P_nEu55mBvLGpjkvstTejHD0YigDMDFFkZU1ufNU&amp;__tn__=*NK*F\">#HistoriaDeM\u00e9xico<\/a>\u00a0<a href=\"https:\/\/www.facebook.com\/hashtag\/fotograf%C3%ADahist%C3%B3rica?__eep__=6&amp;__cft__%5b0%5d=AZUQ6kI-CZ1ymRcTdXCg7E0_qMd60Pr_xrUrhrydmd-zmmwbQ3SjnGhSfKWClkzEt05qXgicnqA3zKGAc4IIlgimPQAIQCYB49Rg9Zle-sNrzoKwQP96rAw4QM7Hx53Yi0pL6_q7TEL4cSNZBQe7DkrIe02P_nEu55mBvLGpjkvstTejHD0YigDMDFFkZU1ufNU&amp;__tn__=*NK*F\">#Fotograf\u00edaHist\u00f3rica<\/a>\u00a0<a href=\"https:\/\/www.facebook.com\/hashtag\/patrimoniofotogr%C3%A1fico?__eep__=6&amp;__cft__%5b0%5d=AZUQ6kI-CZ1ymRcTdXCg7E0_qMd60Pr_xrUrhrydmd-zmmwbQ3SjnGhSfKWClkzEt05qXgicnqA3zKGAc4IIlgimPQAIQCYB49Rg9Zle-sNrzoKwQP96rAw4QM7Hx53Yi0pL6_q7TEL4cSNZBQe7DkrIe02P_nEu55mBvLGpjkvstTejHD0YigDMDFFkZU1ufNU&amp;__tn__=*NK*F\">#PatrimonioFotogr\u00e1fico<\/a><\/p>\n<p>&#8212;<\/p>\n<p style=\"text-align: center;\"><a href=\"http:\/\/www.mexicoescultura.com\/\"><strong>mexicoescultura.com<\/strong><\/a><\/p>\n<p style=\"text-align: center;\"><a href=\"https:\/\/www.facebook.com\/hashtag\/patrimonioinah?__eep__=6&amp;__cft__%5b0%5d=AZVZnyH2eaPNvbD56J8v-lZo9HLoT0l5TLxtgm3nyUaWsxqYE4u7LdhoUXR-vjGv7jFF_YscloBWFkRO36TU0coOjrDqCSbyU_s_X-fHfJHyuqHnzZWkGPbOn8oMzwpF6FR0dy4d7QUUVvpwpNEKZEROMgnjS5szng8ZYcAUgsEu5HXSlI17Rbbjl_-F6oPM4zyERCzXVki94yxgU_hhMTwD&amp;__tn__=*NK-R\"><strong>#PatrimonioINAH<\/strong><\/a><\/p>\n<p style=\"text-align: center;\"><a href=\"https:\/\/www.facebook.com\/hashtag\/inahvirtual?__eep__=6&amp;__cft__%5b0%5d=AZVZnyH2eaPNvbD56J8v-lZo9HLoT0l5TLxtgm3nyUaWsxqYE4u7LdhoUXR-vjGv7jFF_YscloBWFkRO36TU0coOjrDqCSbyU_s_X-fHfJHyuqHnzZWkGPbOn8oMzwpF6FR0dy4d7QUUVvpwpNEKZEROMgnjS5szng8ZYcAUgsEu5HXSlI17Rbbjl_-F6oPM4zyERCzXVki94yxgU_hhMTwD&amp;__tn__=*NK-R\"><strong>#INAHVirtual<\/strong><\/a><\/p>\n<p>&nbsp;<\/p>\n<p><strong>DIRECCI\u00d3N DE ESTUDIOS HIST\u00d3RICOS \u2013 INAH<\/strong><br \/>\nAllende 172, esq. Ju\u00e1rez, col. Tlalpan Centro,<br \/>\nAlcald\u00eda Tlalpan, C.P. 14000, Ciudad de M\u00e9xico<br \/>\nTel.: 55 4166 0780 \/ 55 4166 0784<br \/>\n<a href=\"http:\/\/estudioshistoricos.inah.gob.mx\/\">http:\/\/estudioshistoricos.inah.gob.mx\/<\/a><\/p>\n<p>\u2014<\/p>\n<p><strong>Difusi\u00f3n DEH \u2013 INAH<\/strong><br \/>\nAllende 172, esq. Ju\u00e1rez, col. Tlalpan Centro,<br \/>\nAlcald\u00eda Tlalpan, C.P. 14000, Ciudad de M\u00e9xico<br \/>\nTel.: 55 4166 0780 \/ 55 4166 0784, ext. 411015<\/p>\n<p>&nbsp;<\/p>\n","protected":false},"excerpt":{"rendered":"<p>INSTITUTO NACIONAL DE ANTROPOLOG\u00cdA E HISTORIA La\u00a0Fototeca Nacional. Sinafo.INAH\u00a0y la\u00a0Direcci\u00f3n de Estudios Hist\u00f3ricos\u00a0te invitan a la \u00faltima sesi\u00f3n del\u00a0Seminario Estudio del patrimonio fotogr\u00e1fico en M\u00e9xico, s\u00e9ptima edici\u00f3n. &nbsp; &nbsp; Las fiestas de las colonias extranjeras.\u00a0 Del Porfiriato a la posrevoluci\u00f3n Presenta: Delia Salazar Modera: Patricia Mass\u00e9 Martes 25 de noviembre,&#8230; <a class=\"continue-reading-link\" href=\"https:\/\/estudioshistoricos.inah.gob.mx\/?p=17042\">Seguir leyendo<\/a><\/p>\n","protected":false},"author":2,"featured_media":17043,"comment_status":"closed","ping_status":"closed","sticky":false,"template":"","format":"standard","meta":{"footnotes":""},"categories":[129,10],"tags":[],"class_list":["post-17042","post","type-post","status-publish","format-standard","has-post-thumbnail","hentry","category-129","category-agenda-historica"],"_links":{"self":[{"href":"https:\/\/estudioshistoricos.inah.gob.mx\/index.php?rest_route=\/wp\/v2\/posts\/17042","targetHints":{"allow":["GET"]}}],"collection":[{"href":"https:\/\/estudioshistoricos.inah.gob.mx\/index.php?rest_route=\/wp\/v2\/posts"}],"about":[{"href":"https:\/\/estudioshistoricos.inah.gob.mx\/index.php?rest_route=\/wp\/v2\/types\/post"}],"author":[{"embeddable":true,"href":"https:\/\/estudioshistoricos.inah.gob.mx\/index.php?rest_route=\/wp\/v2\/users\/2"}],"replies":[{"embeddable":true,"href":"https:\/\/estudioshistoricos.inah.gob.mx\/index.php?rest_route=%2Fwp%2Fv2%2Fcomments&post=17042"}],"version-history":[{"count":3,"href":"https:\/\/estudioshistoricos.inah.gob.mx\/index.php?rest_route=\/wp\/v2\/posts\/17042\/revisions"}],"predecessor-version":[{"id":17047,"href":"https:\/\/estudioshistoricos.inah.gob.mx\/index.php?rest_route=\/wp\/v2\/posts\/17042\/revisions\/17047"}],"wp:featuredmedia":[{"embeddable":true,"href":"https:\/\/estudioshistoricos.inah.gob.mx\/index.php?rest_route=\/wp\/v2\/media\/17043"}],"wp:attachment":[{"href":"https:\/\/estudioshistoricos.inah.gob.mx\/index.php?rest_route=%2Fwp%2Fv2%2Fmedia&parent=17042"}],"wp:term":[{"taxonomy":"category","embeddable":true,"href":"https:\/\/estudioshistoricos.inah.gob.mx\/index.php?rest_route=%2Fwp%2Fv2%2Fcategories&post=17042"},{"taxonomy":"post_tag","embeddable":true,"href":"https:\/\/estudioshistoricos.inah.gob.mx\/index.php?rest_route=%2Fwp%2Fv2%2Ftags&post=17042"}],"curies":[{"name":"wp","href":"https:\/\/api.w.org\/{rel}","templated":true}]}}