{"id":17048,"date":"2025-08-25T10:15:14","date_gmt":"2025-08-25T16:15:14","guid":{"rendered":"https:\/\/estudioshistoricos.inah.gob.mx\/?p=17048"},"modified":"2025-11-13T14:10:02","modified_gmt":"2025-11-13T20:10:02","slug":"presentacion-del-libro-practica-ciega-y-teoria-luminosa-en-la-mineria-regional-novohispana-la-expedicion-de-mineralogistas-alemanes","status":"publish","type":"post","link":"https:\/\/estudioshistoricos.inah.gob.mx\/?p=17048","title":{"rendered":"Presentaci\u00f3n del libro PR\u00c1CTICA CIEGA Y TEOR\u00cdA LUMINOSA EN LA MINER\u00cdA REGIONAL NOVOHISPANA. LA EXPEDICI\u00d3N DE MINERALOGISTAS ALEMANES"},"content":{"rendered":"<p style=\"text-align: center;\"><strong>INSTITUTO NACIONAL DE ANTROPOLOG\u00cdA E HISTORIA<\/strong><br \/>\n<strong>DIRECCI\u00d3N DE ESTUDIOS HIST\u00d3RICOS<\/strong><\/p>\n<p style=\"text-align: center;\">Le hacen una cordial invitaci\u00f3n para que asista a la presentaci\u00f3n editorial titulada:<\/p>\n<h3 style=\"text-align: center;\"><span style=\"color: #572a13;\"><strong>Pr\u00e1ctica ciega y teor\u00eda luminosa en la miner\u00eda regional novohispana<\/strong><\/span><br \/>\n<span style=\"color: #572a13;\">La expedici\u00f3n de mineralogistas alemanes<\/span><\/h3>\n<h4 style=\"text-align: center;\">de\u00a0<strong>Eduardo Flores Clair<\/strong><\/h4>\n<p><img loading=\"lazy\" decoding=\"async\" class=\"size-full wp-image-17050 aligncenter\" src=\"https:\/\/estudioshistoricos.inah.gob.mx\/wp-content\/uploads\/Presentacion-del-libro-Practica-ciega-11-de-nov-UNO.png\" alt=\"\" width=\"700\" height=\"875\" srcset=\"https:\/\/estudioshistoricos.inah.gob.mx\/wp-content\/uploads\/Presentacion-del-libro-Practica-ciega-11-de-nov-UNO.png 700w, https:\/\/estudioshistoricos.inah.gob.mx\/wp-content\/uploads\/Presentacion-del-libro-Practica-ciega-11-de-nov-UNO-240x300.png 240w, https:\/\/estudioshistoricos.inah.gob.mx\/wp-content\/uploads\/Presentacion-del-libro-Practica-ciega-11-de-nov-UNO-280x350.png 280w, https:\/\/estudioshistoricos.inah.gob.mx\/wp-content\/uploads\/Presentacion-del-libro-Practica-ciega-11-de-nov-UNO-120x150.png 120w\" sizes=\"auto, (max-width: 700px) 100vw, 700px\" \/><\/p>\n<p>&nbsp;<\/p>\n<p><span style=\"color: #572a13;\"><strong>Participan:<\/strong><\/span><\/p>\n<h4><strong>Delia Salazar Anaya<\/strong> | DEH, INAH<br \/>\n<strong>Jorge Ren\u00e9 Gonz\u00e1lez Marmolejo<\/strong> | DEH, INAH<br \/>\n<strong>Mario Alberto Trujillo Bolio<\/strong> | CIESAS<br \/>\n<strong>Cuauht\u00e9moc Velasco \u00c1vila<\/strong> | DEH, INAH<\/h4>\n<p>&nbsp;<\/p>\n<p><span style=\"color: #572a13;\"><strong>Modera:<\/strong><\/span><\/p>\n<p><strong>Bolfy Cottom Ulin<\/strong> | DEH, INAH<\/p>\n<p>&nbsp;<\/p>\n<p><strong>Martes 11 de noviembre, 11:00 hrs.<\/strong><\/p>\n<p>Sala de Usos M\u00faltiples, DEH-INAH<\/p>\n<p>Transmisi\u00f3n por el canal de YouTube de<strong>\u00a0INAH TV<\/strong><br \/>\n<a href=\"https:\/\/www.youtube.com\/inahtv\">https:\/\/www.youtube.com\/inahtv<\/a><\/p>\n<p><div class=\"ose-youtube ose-uid-55ad77711bc15bbe2f1b33828a238b98 ose-embedpress-responsive\" style=\"width:600px; height:550px; max-height:550px; max-width:100%; display:inline-block;\" data-embed-type=\"Youtube\"><iframe loading=\"lazy\" allowFullScreen=\"true\" title=\"Presentaci\u00f3n editorial: Pr\u00e1ctica ciega y teor\u00eda luminosa en la miner\u00eda regional novohispana\" width=\"600\" height=\"550\" src=\"https:\/\/www.youtube.com\/embed\/JG-xEP7Knh0?feature=oembed&color=red&rel=0&controls=1&start=&end=&fs=0&iv_load_policy=0&autoplay=0&mute=0&modestbranding=0&cc_load_policy=1&playsinline=1\" frameborder=\"0\" allow=\"accelerometer; encrypted-media;accelerometer;autoplay;clipboard-write;gyroscope;picture-in-picture clipboard-write; encrypted-media; gyroscope; picture-in-picture; web-share\" referrerpolicy=\"strict-origin-when-cross-origin\" allowfullscreen><\/iframe><\/div><\/p>\n<p>&nbsp;<\/p>\n<p style=\"text-align: center;\"><span style=\"color: #572a13;\"><strong>Entrada libre<\/strong><\/span><\/p>\n<p style=\"text-align: center;\"><span style=\"color: #572a13;\"><strong>\u00a1Habr\u00e1 venta del libro!<\/strong><\/span><\/p>\n<p>&nbsp;<\/p>\n<p style=\"text-align: center;\"><a href=\"http:\/\/www.mexicoescultura.com\/\"><strong>mexicoescultura.com<\/strong><\/a><\/p>\n<p style=\"text-align: center;\"><a href=\"https:\/\/www.facebook.com\/hashtag\/patrimonioinah?__eep__=6&amp;__cft__%5b0%5d=AZVZnyH2eaPNvbD56J8v-lZo9HLoT0l5TLxtgm3nyUaWsxqYE4u7LdhoUXR-vjGv7jFF_YscloBWFkRO36TU0coOjrDqCSbyU_s_X-fHfJHyuqHnzZWkGPbOn8oMzwpF6FR0dy4d7QUUVvpwpNEKZEROMgnjS5szng8ZYcAUgsEu5HXSlI17Rbbjl_-F6oPM4zyERCzXVki94yxgU_hhMTwD&amp;__tn__=*NK-R\"><strong>#PatrimonioINAH<\/strong><\/a><\/p>\n<p style=\"text-align: center;\"><a href=\"https:\/\/www.facebook.com\/hashtag\/inahvirtual?__eep__=6&amp;__cft__%5b0%5d=AZVZnyH2eaPNvbD56J8v-lZo9HLoT0l5TLxtgm3nyUaWsxqYE4u7LdhoUXR-vjGv7jFF_YscloBWFkRO36TU0coOjrDqCSbyU_s_X-fHfJHyuqHnzZWkGPbOn8oMzwpF6FR0dy4d7QUUVvpwpNEKZEROMgnjS5szng8ZYcAUgsEu5HXSlI17Rbbjl_-F6oPM4zyERCzXVki94yxgU_hhMTwD&amp;__tn__=*NK-R\"><strong>#INAHVirtual<\/strong><\/a><\/p>\n<p>&nbsp;<\/p>\n<p><strong>DIRECCI\u00d3N DE ESTUDIOS HIST\u00d3RICOS \u2013 INAH<\/strong><br \/>\nAllende 172, esq. Ju\u00e1rez, col. Tlalpan Centro,<br \/>\nAlcald\u00eda Tlalpan, C.P. 14000, Ciudad de M\u00e9xico<br \/>\nTel.: 55 4166 0780 \/ 55 4166 0784<br \/>\n<a href=\"http:\/\/estudioshistoricos.inah.gob.mx\/\">http:\/\/estudioshistoricos.inah.gob.mx\/<\/a><\/p>\n<p>\u2014<\/p>\n<p><strong>Difusi\u00f3n DEH \u2013 INAH<\/strong><br \/>\nAllende 172, esq. Ju\u00e1rez, col. Tlalpan Centro,<br \/>\nAlcald\u00eda Tlalpan, C.P. 14000, Ciudad de M\u00e9xico<br \/>\nTel.: 55 4166 0780 \/ 55 4166 0784, ext. 411015<\/p>\n<p>&nbsp;<\/p>\n","protected":false},"excerpt":{"rendered":"<p>INSTITUTO NACIONAL DE ANTROPOLOG\u00cdA E HISTORIA DIRECCI\u00d3N DE ESTUDIOS HIST\u00d3RICOS Le hacen una cordial invitaci\u00f3n para que asista a la presentaci\u00f3n editorial titulada: Pr\u00e1ctica ciega y teor\u00eda luminosa en la miner\u00eda regional novohispana La expedici\u00f3n de mineralogistas alemanes de\u00a0Eduardo Flores Clair &nbsp; Participan: Delia Salazar Anaya | DEH, INAH Jorge&#8230; <a class=\"continue-reading-link\" href=\"https:\/\/estudioshistoricos.inah.gob.mx\/?p=17048\">Seguir leyendo<\/a><\/p>\n","protected":false},"author":2,"featured_media":17049,"comment_status":"closed","ping_status":"closed","sticky":false,"template":"","format":"standard","meta":{"footnotes":""},"categories":[129,10],"tags":[],"class_list":["post-17048","post","type-post","status-publish","format-standard","has-post-thumbnail","hentry","category-129","category-agenda-historica"],"_links":{"self":[{"href":"https:\/\/estudioshistoricos.inah.gob.mx\/index.php?rest_route=\/wp\/v2\/posts\/17048","targetHints":{"allow":["GET"]}}],"collection":[{"href":"https:\/\/estudioshistoricos.inah.gob.mx\/index.php?rest_route=\/wp\/v2\/posts"}],"about":[{"href":"https:\/\/estudioshistoricos.inah.gob.mx\/index.php?rest_route=\/wp\/v2\/types\/post"}],"author":[{"embeddable":true,"href":"https:\/\/estudioshistoricos.inah.gob.mx\/index.php?rest_route=\/wp\/v2\/users\/2"}],"replies":[{"embeddable":true,"href":"https:\/\/estudioshistoricos.inah.gob.mx\/index.php?rest_route=%2Fwp%2Fv2%2Fcomments&post=17048"}],"version-history":[{"count":3,"href":"https:\/\/estudioshistoricos.inah.gob.mx\/index.php?rest_route=\/wp\/v2\/posts\/17048\/revisions"}],"predecessor-version":[{"id":17065,"href":"https:\/\/estudioshistoricos.inah.gob.mx\/index.php?rest_route=\/wp\/v2\/posts\/17048\/revisions\/17065"}],"wp:featuredmedia":[{"embeddable":true,"href":"https:\/\/estudioshistoricos.inah.gob.mx\/index.php?rest_route=\/wp\/v2\/media\/17049"}],"wp:attachment":[{"href":"https:\/\/estudioshistoricos.inah.gob.mx\/index.php?rest_route=%2Fwp%2Fv2%2Fmedia&parent=17048"}],"wp:term":[{"taxonomy":"category","embeddable":true,"href":"https:\/\/estudioshistoricos.inah.gob.mx\/index.php?rest_route=%2Fwp%2Fv2%2Fcategories&post=17048"},{"taxonomy":"post_tag","embeddable":true,"href":"https:\/\/estudioshistoricos.inah.gob.mx\/index.php?rest_route=%2Fwp%2Fv2%2Ftags&post=17048"}],"curies":[{"name":"wp","href":"https:\/\/api.w.org\/{rel}","templated":true}]}}