{"id":17071,"date":"2025-12-30T16:45:32","date_gmt":"2025-12-30T22:45:32","guid":{"rendered":"https:\/\/estudioshistoricos.inah.gob.mx\/?p=17071"},"modified":"2026-01-19T17:38:24","modified_gmt":"2026-01-19T23:38:24","slug":"seminario-ordenes-religiosas-en-las-audiencias-americanas-28","status":"publish","type":"post","link":"https:\/\/estudioshistoricos.inah.gob.mx\/?p=17071","title":{"rendered":"SEMINARIO\u00a0\u00d3RDENES\u00a0RELIGIOSAS EN LAS AUDIENCIAS AMERICANAS"},"content":{"rendered":"<p style=\"text-align: center;\"><strong>INSTITUTO NACIONAL DE ANTROPOLOG\u00cdA E HISTORIA<\/strong><br \/>\n<strong>DIRECCI\u00d3N DE ESTUDIOS HIST\u00d3RICOS<\/strong><\/p>\n<p style=\"text-align: center;\">Invitan a seguir la sesi\u00f3n\u00a0virtual\u00a0del<\/p>\n<p style=\"text-align: center;\"><span style=\"color: #164b80;\"><strong>SEMINARIO\u00a0\u00d3RDENES\u00a0RELIGIOSAS EN LAS AUDIENCIAS AMERICANAS<\/strong><\/span><\/p>\n<p>&nbsp;<\/p>\n<p><img loading=\"lazy\" decoding=\"async\" class=\"size-full wp-image-17073 aligncenter\" src=\"https:\/\/estudioshistoricos.inah.gob.mx\/wp-content\/uploads\/Seminario-de-Ordenes-Religiosas-27-de-nov-UNO.png\" alt=\"\" width=\"700\" height=\"875\" srcset=\"https:\/\/estudioshistoricos.inah.gob.mx\/wp-content\/uploads\/Seminario-de-Ordenes-Religiosas-27-de-nov-UNO.png 700w, https:\/\/estudioshistoricos.inah.gob.mx\/wp-content\/uploads\/Seminario-de-Ordenes-Religiosas-27-de-nov-UNO-240x300.png 240w, https:\/\/estudioshistoricos.inah.gob.mx\/wp-content\/uploads\/Seminario-de-Ordenes-Religiosas-27-de-nov-UNO-280x350.png 280w, https:\/\/estudioshistoricos.inah.gob.mx\/wp-content\/uploads\/Seminario-de-Ordenes-Religiosas-27-de-nov-UNO-120x150.png 120w\" sizes=\"auto, (max-width: 700px) 100vw, 700px\" \/><\/p>\n<p>&nbsp;<\/p>\n<h3 style=\"text-align: center;\"><strong><span style=\"color: #164b80;\">FRANCISCANOS DESCALZOS DE LA PROVINCIA DE SAN DIEGO DE M\u00c9XICO<\/span><\/strong><\/h3>\n<p>&nbsp;<\/p>\n<p style=\"text-align: center;\"><span style=\"color: #008080;\"><strong>Presenta:<\/strong><\/span><\/p>\n<h4 style=\"text-align: center;\"><strong>Marcela Corvera Poir\u00e9<\/strong> | Colegio de Historia | Facultad de Filosof\u00eda y Letras, UNAM<\/h4>\n<p>&nbsp;<\/p>\n<p><span style=\"color: #008080;\"><strong>Coordina:<\/strong><\/span><\/p>\n<p><strong>Jos\u00e9 Manuel A. Ch\u00e1vez G\u00f3mez<\/strong> | DEH-INAH<\/p>\n<p>&nbsp;<\/p>\n<p><strong>Jueves 27 de noviembre, de 10:00 a 14:00 hrs.<\/strong><\/p>\n<p>&nbsp;<\/p>\n<p><strong>Transmisi\u00f3n en vivo por el canal de YouTube de la<\/strong><br \/>\n<strong>Coordinaci\u00f3n Nacional de Antropolog\u00eda<\/strong><\/p>\n<p><strong><a href=\"https:\/\/www.youtube.com\/@antropologiacnan\">https:\/\/www.youtube.com\/@antropologiacnan<\/a><\/strong><\/p>\n<p>&nbsp;<\/p>\n<p><strong><span style=\"color: #008080;\">Informes:<\/span>\u00a0<\/strong><strong><a href=\"mailto:jchavez.deh@inah.gob.mx\">jchavez.deh@inah.gob.mx<\/a><\/strong><\/p>\n<p>&nbsp;<\/p>\n<p style=\"text-align: center;\"><a href=\"http:\/\/www.mexicoescultura.com\/\"><strong>mexicoescultura.com<\/strong><\/a><\/p>\n<p style=\"text-align: center;\"><a href=\"https:\/\/www.facebook.com\/hashtag\/patrimonioinah?__eep__=6&amp;__cft__%5b0%5d=AZVZnyH2eaPNvbD56J8v-lZo9HLoT0l5TLxtgm3nyUaWsxqYE4u7LdhoUXR-vjGv7jFF_YscloBWFkRO36TU0coOjrDqCSbyU_s_X-fHfJHyuqHnzZWkGPbOn8oMzwpF6FR0dy4d7QUUVvpwpNEKZEROMgnjS5szng8ZYcAUgsEu5HXSlI17Rbbjl_-F6oPM4zyERCzXVki94yxgU_hhMTwD&amp;__tn__=*NK-R\"><strong>#PatrimonioINAH<\/strong><\/a><\/p>\n<p style=\"text-align: center;\"><a href=\"https:\/\/www.facebook.com\/hashtag\/inahvirtual?__eep__=6&amp;__cft__%5b0%5d=AZVZnyH2eaPNvbD56J8v-lZo9HLoT0l5TLxtgm3nyUaWsxqYE4u7LdhoUXR-vjGv7jFF_YscloBWFkRO36TU0coOjrDqCSbyU_s_X-fHfJHyuqHnzZWkGPbOn8oMzwpF6FR0dy4d7QUUVvpwpNEKZEROMgnjS5szng8ZYcAUgsEu5HXSlI17Rbbjl_-F6oPM4zyERCzXVki94yxgU_hhMTwD&amp;__tn__=*NK-R\"><strong>#INAHVirtual<\/strong><\/a><\/p>\n<p>&nbsp;<\/p>\n<p><strong>DIRECCI\u00d3N DE ESTUDIOS HIST\u00d3RICOS \u2013 INAH<\/strong><br \/>\nAllende 172, esq. Ju\u00e1rez, col. Tlalpan Centro,<br \/>\nAlcald\u00eda Tlalpan, C.P. 14000, Ciudad de M\u00e9xico<br \/>\nTel.: 55 4166 0780 \/ 55 4166 0784<br \/>\n<a href=\"http:\/\/estudioshistoricos.inah.gob.mx\/\">http:\/\/estudioshistoricos.inah.gob.mx\/<\/a><\/p>\n<p>\u2014<\/p>\n<p><strong>Difusi\u00f3n DEH \u2013 INAH<\/strong><br \/>\nAllende 172, esq. Ju\u00e1rez, col. Tlalpan Centro,<br \/>\nAlcald\u00eda Tlalpan, C.P. 14000, Ciudad de M\u00e9xico<br \/>\nTel.: 55 4166 0780 \/ 55 4166 0784, ext. 411015<\/p>\n","protected":false},"excerpt":{"rendered":"<p>INSTITUTO NACIONAL DE ANTROPOLOG\u00cdA E HISTORIA DIRECCI\u00d3N DE ESTUDIOS HIST\u00d3RICOS Invitan a seguir la sesi\u00f3n\u00a0virtual\u00a0del SEMINARIO\u00a0\u00d3RDENES\u00a0RELIGIOSAS EN LAS AUDIENCIAS AMERICANAS &nbsp; &nbsp; FRANCISCANOS DESCALZOS DE LA PROVINCIA DE SAN DIEGO DE M\u00c9XICO &nbsp; Presenta: Marcela Corvera Poir\u00e9 | Colegio de Historia | Facultad de Filosof\u00eda y Letras, UNAM &nbsp; Coordina:&#8230; <a class=\"continue-reading-link\" href=\"https:\/\/estudioshistoricos.inah.gob.mx\/?p=17071\">Seguir leyendo<\/a><\/p>\n","protected":false},"author":2,"featured_media":17072,"comment_status":"closed","ping_status":"closed","sticky":false,"template":"","format":"standard","meta":{"footnotes":""},"categories":[129,10],"tags":[],"class_list":["post-17071","post","type-post","status-publish","format-standard","has-post-thumbnail","hentry","category-129","category-agenda-historica"],"_links":{"self":[{"href":"https:\/\/estudioshistoricos.inah.gob.mx\/index.php?rest_route=\/wp\/v2\/posts\/17071","targetHints":{"allow":["GET"]}}],"collection":[{"href":"https:\/\/estudioshistoricos.inah.gob.mx\/index.php?rest_route=\/wp\/v2\/posts"}],"about":[{"href":"https:\/\/estudioshistoricos.inah.gob.mx\/index.php?rest_route=\/wp\/v2\/types\/post"}],"author":[{"embeddable":true,"href":"https:\/\/estudioshistoricos.inah.gob.mx\/index.php?rest_route=\/wp\/v2\/users\/2"}],"replies":[{"embeddable":true,"href":"https:\/\/estudioshistoricos.inah.gob.mx\/index.php?rest_route=%2Fwp%2Fv2%2Fcomments&post=17071"}],"version-history":[{"count":2,"href":"https:\/\/estudioshistoricos.inah.gob.mx\/index.php?rest_route=\/wp\/v2\/posts\/17071\/revisions"}],"predecessor-version":[{"id":17079,"href":"https:\/\/estudioshistoricos.inah.gob.mx\/index.php?rest_route=\/wp\/v2\/posts\/17071\/revisions\/17079"}],"wp:featuredmedia":[{"embeddable":true,"href":"https:\/\/estudioshistoricos.inah.gob.mx\/index.php?rest_route=\/wp\/v2\/media\/17072"}],"wp:attachment":[{"href":"https:\/\/estudioshistoricos.inah.gob.mx\/index.php?rest_route=%2Fwp%2Fv2%2Fmedia&parent=17071"}],"wp:term":[{"taxonomy":"category","embeddable":true,"href":"https:\/\/estudioshistoricos.inah.gob.mx\/index.php?rest_route=%2Fwp%2Fv2%2Fcategories&post=17071"},{"taxonomy":"post_tag","embeddable":true,"href":"https:\/\/estudioshistoricos.inah.gob.mx\/index.php?rest_route=%2Fwp%2Fv2%2Ftags&post=17071"}],"curies":[{"name":"wp","href":"https:\/\/api.w.org\/{rel}","templated":true}]}}