{"id":17084,"date":"2025-12-30T17:15:34","date_gmt":"2025-12-30T23:15:34","guid":{"rendered":"https:\/\/estudioshistoricos.inah.gob.mx\/?p=17084"},"modified":"2026-01-19T17:33:39","modified_gmt":"2026-01-19T23:33:39","slug":"coloquio-de-moda-interdisciplina-y-critica","status":"publish","type":"post","link":"https:\/\/estudioshistoricos.inah.gob.mx\/?p=17084","title":{"rendered":"COLOQUIO DE MODA, INTERDISCIPLINA Y CR\u00cdTICA"},"content":{"rendered":"<p style=\"text-align: center;\"><strong>INSTITUTO NACIONAL DE ANTROPOLOG\u00cdA E HISTORIA<\/strong><br \/>\n<strong>ESCUELA NACIONAL DE ANTROPOLOG\u00cdA E HISTORIA<\/strong><br \/>\n<strong>DIRECCI\u00d3N DE ESTUDIOS HIST\u00d3RICOS<\/strong><\/p>\n<p style=\"text-align: center;\">*** I N V I T A N ***<\/p>\n<h2 style=\"text-align: center;\"><strong><span style=\"color: #ff00ff;\">Coloquio de moda, interdisciplina y cr\u00edtica<\/span><\/strong><\/h2>\n<p style=\"text-align: center;\">1 y 2 de diciembre, de 10:00 a 18:00 hrs<\/p>\n<p><img loading=\"lazy\" decoding=\"async\" class=\"size-full wp-image-17088 aligncenter\" src=\"https:\/\/estudioshistoricos.inah.gob.mx\/wp-content\/uploads\/Coloquio-de-Moda-1-y-2-de-diciembre-UNO.png\" alt=\"\" width=\"700\" height=\"874\" srcset=\"https:\/\/estudioshistoricos.inah.gob.mx\/wp-content\/uploads\/Coloquio-de-Moda-1-y-2-de-diciembre-UNO.png 700w, https:\/\/estudioshistoricos.inah.gob.mx\/wp-content\/uploads\/Coloquio-de-Moda-1-y-2-de-diciembre-UNO-240x300.png 240w, https:\/\/estudioshistoricos.inah.gob.mx\/wp-content\/uploads\/Coloquio-de-Moda-1-y-2-de-diciembre-UNO-280x350.png 280w, https:\/\/estudioshistoricos.inah.gob.mx\/wp-content\/uploads\/Coloquio-de-Moda-1-y-2-de-diciembre-UNO-120x150.png 120w\" sizes=\"auto, (max-width: 700px) 100vw, 700px\" \/><\/p>\n<p><img loading=\"lazy\" decoding=\"async\" class=\"size-full wp-image-17086 aligncenter\" src=\"https:\/\/estudioshistoricos.inah.gob.mx\/wp-content\/uploads\/Coloquio-de-Moda-1-y-2-de-diciembre-prog-1-UNO.png\" alt=\"\" width=\"700\" height=\"901\" srcset=\"https:\/\/estudioshistoricos.inah.gob.mx\/wp-content\/uploads\/Coloquio-de-Moda-1-y-2-de-diciembre-prog-1-UNO.png 700w, https:\/\/estudioshistoricos.inah.gob.mx\/wp-content\/uploads\/Coloquio-de-Moda-1-y-2-de-diciembre-prog-1-UNO-233x300.png 233w, https:\/\/estudioshistoricos.inah.gob.mx\/wp-content\/uploads\/Coloquio-de-Moda-1-y-2-de-diciembre-prog-1-UNO-272x350.png 272w, https:\/\/estudioshistoricos.inah.gob.mx\/wp-content\/uploads\/Coloquio-de-Moda-1-y-2-de-diciembre-prog-1-UNO-117x150.png 117w\" sizes=\"auto, (max-width: 700px) 100vw, 700px\" \/><\/p>\n<p><img loading=\"lazy\" decoding=\"async\" class=\"wp-image-17087 size-full aligncenter\" src=\"https:\/\/estudioshistoricos.inah.gob.mx\/wp-content\/uploads\/Coloquio-de-Moda-1-y-2-de-diciembre-prog-2-UNO.png\" alt=\"\" width=\"700\" height=\"901\" srcset=\"https:\/\/estudioshistoricos.inah.gob.mx\/wp-content\/uploads\/Coloquio-de-Moda-1-y-2-de-diciembre-prog-2-UNO.png 700w, https:\/\/estudioshistoricos.inah.gob.mx\/wp-content\/uploads\/Coloquio-de-Moda-1-y-2-de-diciembre-prog-2-UNO-233x300.png 233w, https:\/\/estudioshistoricos.inah.gob.mx\/wp-content\/uploads\/Coloquio-de-Moda-1-y-2-de-diciembre-prog-2-UNO-272x350.png 272w, https:\/\/estudioshistoricos.inah.gob.mx\/wp-content\/uploads\/Coloquio-de-Moda-1-y-2-de-diciembre-prog-2-UNO-117x150.png 117w\" sizes=\"auto, (max-width: 700px) 100vw, 700px\" \/><\/p>\n<p>&nbsp;<\/p>\n<p><img loading=\"lazy\" decoding=\"async\" class=\"size-full wp-image-17089 aligncenter\" src=\"https:\/\/estudioshistoricos.inah.gob.mx\/wp-content\/uploads\/Coloquio-de-Moda-1-y-2-de-diciembre-prog-3-UNO.png\" alt=\"\" width=\"700\" height=\"901\" srcset=\"https:\/\/estudioshistoricos.inah.gob.mx\/wp-content\/uploads\/Coloquio-de-Moda-1-y-2-de-diciembre-prog-3-UNO.png 700w, https:\/\/estudioshistoricos.inah.gob.mx\/wp-content\/uploads\/Coloquio-de-Moda-1-y-2-de-diciembre-prog-3-UNO-233x300.png 233w, https:\/\/estudioshistoricos.inah.gob.mx\/wp-content\/uploads\/Coloquio-de-Moda-1-y-2-de-diciembre-prog-3-UNO-272x350.png 272w, https:\/\/estudioshistoricos.inah.gob.mx\/wp-content\/uploads\/Coloquio-de-Moda-1-y-2-de-diciembre-prog-3-UNO-117x150.png 117w\" sizes=\"auto, (max-width: 700px) 100vw, 700px\" \/><\/p>\n<p><img loading=\"lazy\" decoding=\"async\" class=\"size-full wp-image-17090 aligncenter\" src=\"https:\/\/estudioshistoricos.inah.gob.mx\/wp-content\/uploads\/Coloquio-de-Moda-1-y-2-de-diciembre-prog-4-UNO.png\" alt=\"\" width=\"700\" height=\"901\" srcset=\"https:\/\/estudioshistoricos.inah.gob.mx\/wp-content\/uploads\/Coloquio-de-Moda-1-y-2-de-diciembre-prog-4-UNO.png 700w, https:\/\/estudioshistoricos.inah.gob.mx\/wp-content\/uploads\/Coloquio-de-Moda-1-y-2-de-diciembre-prog-4-UNO-233x300.png 233w, https:\/\/estudioshistoricos.inah.gob.mx\/wp-content\/uploads\/Coloquio-de-Moda-1-y-2-de-diciembre-prog-4-UNO-272x350.png 272w, https:\/\/estudioshistoricos.inah.gob.mx\/wp-content\/uploads\/Coloquio-de-Moda-1-y-2-de-diciembre-prog-4-UNO-117x150.png 117w\" sizes=\"auto, (max-width: 700px) 100vw, 700px\" \/><\/p>\n<p>&nbsp;<\/p>\n<p>Auditorio Wigberto Jim\u00e9nez Moreno, DEH-INAH<\/p>\n<p><strong><span style=\"color: #ff00ff;\">Transmisi\u00f3n por la Coordinaci\u00f3n Nacional de Antropolog\u00eda<\/span><\/strong><br \/>\n<strong><span style=\"color: #ff00ff;\">https:<\/span><\/strong>\/\/www.youtube.com\/@antropologiacnan<\/p>\n<p>&nbsp;<\/p>\n<p><strong><span style=\"color: #ff00ff;\">Informes:<\/span><\/strong> claudia.rivera@inah.gob.mx<\/p>\n<p><strong><span style=\"color: #ff00ff;\">Consulta el programa en:<\/span>\u00a0<\/strong><a href=\"https:\/\/www.facebook.com\/photo\/?fbid=1406193744356088&amp;set=pcb.1406193797689416\" target=\"_blank\" rel=\"noopener\">https:\/\/www.facebook.com\/photo\/?fbid=1406193744356088&amp;set=pcb.1406193797689416<\/a><\/p>\n<p><strong>\u00a0<\/strong><\/p>\n<p style=\"text-align: center;\"><a href=\"http:\/\/www.mexicoescultura.com\/\"><strong><span style=\"color: #ff00ff;\">mexicoescultura.com<\/span><\/strong><\/a><\/p>\n<p style=\"text-align: center;\"><span style=\"color: #ff00ff;\"><a style=\"color: #ff00ff;\" href=\"https:\/\/www.facebook.com\/hashtag\/patrimonioinah?__eep__=6&amp;__cft__%5b0%5d=AZVZnyH2eaPNvbD56J8v-lZo9HLoT0l5TLxtgm3nyUaWsxqYE4u7LdhoUXR-vjGv7jFF_YscloBWFkRO36TU0coOjrDqCSbyU_s_X-fHfJHyuqHnzZWkGPbOn8oMzwpF6FR0dy4d7QUUVvpwpNEKZEROMgnjS5szng8ZYcAUgsEu5HXSlI17Rbbjl_-F6oPM4zyERCzXVki94yxgU_hhMTwD&amp;__tn__=*NK-R\"><strong>#PatrimonioINAH<\/strong><\/a><\/span><\/p>\n<p style=\"text-align: center;\"><span style=\"color: #ff00ff;\"><a style=\"color: #ff00ff;\" href=\"https:\/\/www.facebook.com\/hashtag\/inahvirtual?__eep__=6&amp;__cft__%5b0%5d=AZVZnyH2eaPNvbD56J8v-lZo9HLoT0l5TLxtgm3nyUaWsxqYE4u7LdhoUXR-vjGv7jFF_YscloBWFkRO36TU0coOjrDqCSbyU_s_X-fHfJHyuqHnzZWkGPbOn8oMzwpF6FR0dy4d7QUUVvpwpNEKZEROMgnjS5szng8ZYcAUgsEu5HXSlI17Rbbjl_-F6oPM4zyERCzXVki94yxgU_hhMTwD&amp;__tn__=*NK-R\"><strong>#INAHVirtual<\/strong><\/a><\/span><\/p>\n<p><strong>DIRECCI\u00d3N DE ESTUDIOS HIST\u00d3RICOS \u2013 INAH<\/strong><br \/>\nAllende 172, esq. Ju\u00e1rez, col. Tlalpan Centro,<br \/>\nAlcald\u00eda Tlalpan, C.P. 14000, Ciudad de M\u00e9xico<br \/>\nTel.: 55 4166 0780 \/ 55 4166 0784<br \/>\n<a href=\"http:\/\/estudioshistoricos.inah.gob.mx\/\">http:\/\/estudioshistoricos.inah.gob.mx\/<\/a><\/p>\n<p>\u2014<\/p>\n<p><strong>Difusi\u00f3n DEH \u2013 INAH<\/strong><br \/>\nAllende 172, esq. Ju\u00e1rez, col. Tlalpan Centro,<br \/>\nAlcald\u00eda Tlalpan, C.P. 14000, Ciudad de M\u00e9xico<br \/>\nTel.: 55 4166 0780 \/ 55 4166 0784, ext. 411015<\/p>\n<p>&nbsp;<\/p>\n<p>&nbsp;<\/p>\n","protected":false},"excerpt":{"rendered":"<p>INSTITUTO NACIONAL DE ANTROPOLOG\u00cdA E HISTORIA ESCUELA NACIONAL DE ANTROPOLOG\u00cdA E HISTORIA DIRECCI\u00d3N DE ESTUDIOS HIST\u00d3RICOS *** I N V I T A N *** Coloquio de moda, interdisciplina y cr\u00edtica 1 y 2 de diciembre, de 10:00 a 18:00 hrs &nbsp; &nbsp; Auditorio Wigberto Jim\u00e9nez Moreno, DEH-INAH Transmisi\u00f3n por&#8230; <a class=\"continue-reading-link\" href=\"https:\/\/estudioshistoricos.inah.gob.mx\/?p=17084\">Seguir leyendo<\/a><\/p>\n","protected":false},"author":2,"featured_media":17085,"comment_status":"closed","ping_status":"closed","sticky":false,"template":"","format":"standard","meta":{"footnotes":""},"categories":[129,10],"tags":[],"class_list":["post-17084","post","type-post","status-publish","format-standard","has-post-thumbnail","hentry","category-129","category-agenda-historica"],"_links":{"self":[{"href":"https:\/\/estudioshistoricos.inah.gob.mx\/index.php?rest_route=\/wp\/v2\/posts\/17084","targetHints":{"allow":["GET"]}}],"collection":[{"href":"https:\/\/estudioshistoricos.inah.gob.mx\/index.php?rest_route=\/wp\/v2\/posts"}],"about":[{"href":"https:\/\/estudioshistoricos.inah.gob.mx\/index.php?rest_route=\/wp\/v2\/types\/post"}],"author":[{"embeddable":true,"href":"https:\/\/estudioshistoricos.inah.gob.mx\/index.php?rest_route=\/wp\/v2\/users\/2"}],"replies":[{"embeddable":true,"href":"https:\/\/estudioshistoricos.inah.gob.mx\/index.php?rest_route=%2Fwp%2Fv2%2Fcomments&post=17084"}],"version-history":[{"count":5,"href":"https:\/\/estudioshistoricos.inah.gob.mx\/index.php?rest_route=\/wp\/v2\/posts\/17084\/revisions"}],"predecessor-version":[{"id":17092,"href":"https:\/\/estudioshistoricos.inah.gob.mx\/index.php?rest_route=\/wp\/v2\/posts\/17084\/revisions\/17092"}],"wp:featuredmedia":[{"embeddable":true,"href":"https:\/\/estudioshistoricos.inah.gob.mx\/index.php?rest_route=\/wp\/v2\/media\/17085"}],"wp:attachment":[{"href":"https:\/\/estudioshistoricos.inah.gob.mx\/index.php?rest_route=%2Fwp%2Fv2%2Fmedia&parent=17084"}],"wp:term":[{"taxonomy":"category","embeddable":true,"href":"https:\/\/estudioshistoricos.inah.gob.mx\/index.php?rest_route=%2Fwp%2Fv2%2Fcategories&post=17084"},{"taxonomy":"post_tag","embeddable":true,"href":"https:\/\/estudioshistoricos.inah.gob.mx\/index.php?rest_route=%2Fwp%2Fv2%2Ftags&post=17084"}],"curies":[{"name":"wp","href":"https:\/\/api.w.org\/{rel}","templated":true}]}}