{"id":17104,"date":"2026-01-21T08:15:31","date_gmt":"2026-01-21T14:15:31","guid":{"rendered":"https:\/\/estudioshistoricos.inah.gob.mx\/?p=17104"},"modified":"2026-01-30T12:56:39","modified_gmt":"2026-01-30T18:56:39","slug":"vi-congreso-hispanoamericano-redes-economicas-sociales-juridicas-y-culturales-entre-espana-e-hispanoamerica-en-los-siglos-xix-a-xxi","status":"publish","type":"post","link":"https:\/\/estudioshistoricos.inah.gob.mx\/?p=17104","title":{"rendered":"VI CONGRESO HISPANOAMERICANO. REDES ECON\u00d3MICAS, SOCIALES, JUR\u00cdDICAS Y CULTURALES ENTRE ESPA\u00d1A E HISPANOAM\u00c9RICA EN LOS SIGLOS XIX A XXI"},"content":{"rendered":"<p style=\"text-align: center;\"><span style=\"color: #008080;\"><strong>UNIVERSIDAD REY JUAN CARLOS<\/strong><\/span><\/p>\n<p style=\"text-align: center;\"><strong>*** I N V I T A ***<\/strong><\/p>\n<h2 style=\"text-align: center;\"><span style=\"color: #003366;\"><strong>VI CONGRESO HISPANOAMERICANO<\/strong><\/span><\/h2>\n<h3 style=\"text-align: center;\"><span style=\"color: #003366;\"><strong>REDES ECON\u00d3MICAS, SOCIALES, JUR\u00cdDICAS Y CULTURALES ENTRE ESPA\u00d1A E HISPANOAM\u00c9RICA EN LOS SIGLOS XIX A XXI<\/strong><\/span><\/h3>\n<p style=\"text-align: center;\">26 y 27 de enero de 2026<\/p>\n<p><img loading=\"lazy\" decoding=\"async\" class=\"size-full wp-image-17106 aligncenter\" src=\"https:\/\/estudioshistoricos.inah.gob.mx\/wp-content\/uploads\/VI-Congreso-Hispanoamericano-26-y-27-de-enero-UNO.png\" alt=\"\" width=\"700\" height=\"991\" srcset=\"https:\/\/estudioshistoricos.inah.gob.mx\/wp-content\/uploads\/VI-Congreso-Hispanoamericano-26-y-27-de-enero-UNO.png 700w, https:\/\/estudioshistoricos.inah.gob.mx\/wp-content\/uploads\/VI-Congreso-Hispanoamericano-26-y-27-de-enero-UNO-212x300.png 212w, https:\/\/estudioshistoricos.inah.gob.mx\/wp-content\/uploads\/VI-Congreso-Hispanoamericano-26-y-27-de-enero-UNO-247x350.png 247w, https:\/\/estudioshistoricos.inah.gob.mx\/wp-content\/uploads\/VI-Congreso-Hispanoamericano-26-y-27-de-enero-UNO-106x150.png 106w\" sizes=\"auto, (max-width: 700px) 100vw, 700px\" \/><\/p>\n<p>&nbsp;<\/p>\n<p><strong>CONGRESO INTERNACIONAL ONLINE.<\/strong><\/p>\n<p><strong>RETRANSMISI\u00d3N A TRAV\u00c9S DE TEAMS.<\/strong><\/p>\n<p><strong>Lunes 26 de enero de 9:30 a 14:00 y de 16:00 a 19:00 horas\u00a0<\/strong><\/p>\n<p><strong>Martes 27 de enero de 16:00 a 19:45 horas<\/strong><\/p>\n<p>&nbsp;<\/p>\n<p><span style=\"color: #bf373a;\"><strong>Inscripci\u00f3n previa:<\/strong><\/span><\/p>\n<p><a href=\"mailto:carmen.romero.garcia@urjc.es\">carmen.romero.garcia@urjc.es<\/a><\/p>\n<p>&nbsp;<\/p>\n<p><span style=\"color: #bf373a;\"><strong>Comit\u00e9 organizador:<\/strong><\/span><\/p>\n<p><strong>Dra. Tania Hern\u00e1ndez Vicencio<\/strong> | INAH)<br \/>\n<strong>Dr. Fernando Su\u00e1rez Bilbao<\/strong> | URJC)<br \/>\n<strong>Dra. Carmen Romero Garc\u00eda-Aranda<\/strong> |URJC)<\/p>\n<p>&nbsp;<\/p>\n<h3 style=\"text-align: center;\"><span style=\"color: #bf373a;\"><strong>*** PROGRAMA ***<\/strong><\/span><\/h3>\n<p>&nbsp;<\/p>\n<p><img loading=\"lazy\" decoding=\"async\" class=\"size-full wp-image-17107 aligncenter\" src=\"https:\/\/estudioshistoricos.inah.gob.mx\/wp-content\/uploads\/Programa-VI-Congreso-Hispanoamircano-26-y-27-enero-UNO.png\" alt=\"\" width=\"700\" height=\"990\" srcset=\"https:\/\/estudioshistoricos.inah.gob.mx\/wp-content\/uploads\/Programa-VI-Congreso-Hispanoamircano-26-y-27-enero-UNO.png 700w, https:\/\/estudioshistoricos.inah.gob.mx\/wp-content\/uploads\/Programa-VI-Congreso-Hispanoamircano-26-y-27-enero-UNO-212x300.png 212w, https:\/\/estudioshistoricos.inah.gob.mx\/wp-content\/uploads\/Programa-VI-Congreso-Hispanoamircano-26-y-27-enero-UNO-247x350.png 247w, https:\/\/estudioshistoricos.inah.gob.mx\/wp-content\/uploads\/Programa-VI-Congreso-Hispanoamircano-26-y-27-enero-UNO-106x150.png 106w\" sizes=\"auto, (max-width: 700px) 100vw, 700px\" \/><\/p>\n<p><img loading=\"lazy\" decoding=\"async\" class=\"size-full wp-image-17108 aligncenter\" src=\"https:\/\/estudioshistoricos.inah.gob.mx\/wp-content\/uploads\/Programa-VI-Congreso-Hispanoamircano-26-y-27-enero-2-UNO.png\" alt=\"\" width=\"700\" height=\"990\" srcset=\"https:\/\/estudioshistoricos.inah.gob.mx\/wp-content\/uploads\/Programa-VI-Congreso-Hispanoamircano-26-y-27-enero-2-UNO.png 700w, https:\/\/estudioshistoricos.inah.gob.mx\/wp-content\/uploads\/Programa-VI-Congreso-Hispanoamircano-26-y-27-enero-2-UNO-212x300.png 212w, https:\/\/estudioshistoricos.inah.gob.mx\/wp-content\/uploads\/Programa-VI-Congreso-Hispanoamircano-26-y-27-enero-2-UNO-247x350.png 247w, https:\/\/estudioshistoricos.inah.gob.mx\/wp-content\/uploads\/Programa-VI-Congreso-Hispanoamircano-26-y-27-enero-2-UNO-106x150.png 106w\" sizes=\"auto, (max-width: 700px) 100vw, 700px\" \/><\/p>\n<p><img loading=\"lazy\" decoding=\"async\" class=\"size-full wp-image-17109 aligncenter\" src=\"https:\/\/estudioshistoricos.inah.gob.mx\/wp-content\/uploads\/Programa-VI-Congreso-Hispanoamircano-26-y-27-enero-3-UNO.png\" alt=\"\" width=\"700\" height=\"990\" srcset=\"https:\/\/estudioshistoricos.inah.gob.mx\/wp-content\/uploads\/Programa-VI-Congreso-Hispanoamircano-26-y-27-enero-3-UNO.png 700w, https:\/\/estudioshistoricos.inah.gob.mx\/wp-content\/uploads\/Programa-VI-Congreso-Hispanoamircano-26-y-27-enero-3-UNO-212x300.png 212w, https:\/\/estudioshistoricos.inah.gob.mx\/wp-content\/uploads\/Programa-VI-Congreso-Hispanoamircano-26-y-27-enero-3-UNO-247x350.png 247w, https:\/\/estudioshistoricos.inah.gob.mx\/wp-content\/uploads\/Programa-VI-Congreso-Hispanoamircano-26-y-27-enero-3-UNO-106x150.png 106w\" sizes=\"auto, (max-width: 700px) 100vw, 700px\" \/><\/p>\n<p>&nbsp;<\/p>\n<p style=\"text-align: center;\"><a href=\"http:\/\/www.mexicoescultura.com\/\"><strong>mexicoescultura.com<\/strong><\/a><\/p>\n<p style=\"text-align: center;\"><a href=\"https:\/\/www.facebook.com\/hashtag\/patrimonioinah?__eep__=6&amp;__cft__%5b0%5d=AZVZnyH2eaPNvbD56J8v-lZo9HLoT0l5TLxtgm3nyUaWsxqYE4u7LdhoUXR-vjGv7jFF_YscloBWFkRO36TU0coOjrDqCSbyU_s_X-fHfJHyuqHnzZWkGPbOn8oMzwpF6FR0dy4d7QUUVvpwpNEKZEROMgnjS5szng8ZYcAUgsEu5HXSlI17Rbbjl_-F6oPM4zyERCzXVki94yxgU_hhMTwD&amp;__tn__=*NK-R\"><strong>#PatrimonioINAH<\/strong><\/a><\/p>\n<p style=\"text-align: center;\"><a href=\"https:\/\/www.facebook.com\/hashtag\/inahvirtual?__eep__=6&amp;__cft__%5b0%5d=AZVZnyH2eaPNvbD56J8v-lZo9HLoT0l5TLxtgm3nyUaWsxqYE4u7LdhoUXR-vjGv7jFF_YscloBWFkRO36TU0coOjrDqCSbyU_s_X-fHfJHyuqHnzZWkGPbOn8oMzwpF6FR0dy4d7QUUVvpwpNEKZEROMgnjS5szng8ZYcAUgsEu5HXSlI17Rbbjl_-F6oPM4zyERCzXVki94yxgU_hhMTwD&amp;__tn__=*NK-R\"><strong>#INAHVirtual<\/strong><\/a><\/p>\n<p>&nbsp;<\/p>\n<p>&nbsp;<\/p>\n<p><strong>DIRECCI\u00d3N DE ESTUDIOS HIST\u00d3RICOS \u2013 INAH<\/strong><br \/>\nAllende 172, esq. Ju\u00e1rez, col. Tlalpan Centro,<br \/>\nAlcald\u00eda Tlalpan, C.P. 14000, Ciudad de M\u00e9xico<br \/>\nTel.: 55 4166 0780 \/ 55 4166 0784<br \/>\n<a href=\"http:\/\/estudioshistoricos.inah.gob.mx\/\">http:\/\/estudioshistoricos.inah.gob.mx\/<\/a><\/p>\n<p>\u2014<\/p>\n<p><strong>Difusi\u00f3n DEH \u2013 INAH<\/strong><br \/>\nAllende 172, esq. Ju\u00e1rez, col. Tlalpan Centro,<br \/>\nAlcald\u00eda Tlalpan, C.P. 14000, Ciudad de M\u00e9xico<br \/>\nTel.: 55 4166 0780 \/ 55 4166 0784, ext. 411015<\/p>\n<p>&nbsp;<\/p>\n","protected":false},"excerpt":{"rendered":"<p>UNIVERSIDAD REY JUAN CARLOS *** I N V I T A *** VI CONGRESO HISPANOAMERICANO REDES ECON\u00d3MICAS, SOCIALES, JUR\u00cdDICAS Y CULTURALES ENTRE ESPA\u00d1A E HISPANOAM\u00c9RICA EN LOS SIGLOS XIX A XXI 26 y 27 de enero de 2026 &nbsp; CONGRESO INTERNACIONAL ONLINE. RETRANSMISI\u00d3N A TRAV\u00c9S DE TEAMS. Lunes 26 de&#8230; <a class=\"continue-reading-link\" href=\"https:\/\/estudioshistoricos.inah.gob.mx\/?p=17104\">Seguir leyendo<\/a><\/p>\n","protected":false},"author":2,"featured_media":17105,"comment_status":"closed","ping_status":"closed","sticky":false,"template":"","format":"standard","meta":{"footnotes":""},"categories":[138,10],"tags":[],"class_list":["post-17104","post","type-post","status-publish","format-standard","has-post-thumbnail","hentry","category-138","category-agenda-historica"],"_links":{"self":[{"href":"https:\/\/estudioshistoricos.inah.gob.mx\/index.php?rest_route=\/wp\/v2\/posts\/17104","targetHints":{"allow":["GET"]}}],"collection":[{"href":"https:\/\/estudioshistoricos.inah.gob.mx\/index.php?rest_route=\/wp\/v2\/posts"}],"about":[{"href":"https:\/\/estudioshistoricos.inah.gob.mx\/index.php?rest_route=\/wp\/v2\/types\/post"}],"author":[{"embeddable":true,"href":"https:\/\/estudioshistoricos.inah.gob.mx\/index.php?rest_route=\/wp\/v2\/users\/2"}],"replies":[{"embeddable":true,"href":"https:\/\/estudioshistoricos.inah.gob.mx\/index.php?rest_route=%2Fwp%2Fv2%2Fcomments&post=17104"}],"version-history":[{"count":1,"href":"https:\/\/estudioshistoricos.inah.gob.mx\/index.php?rest_route=\/wp\/v2\/posts\/17104\/revisions"}],"predecessor-version":[{"id":17110,"href":"https:\/\/estudioshistoricos.inah.gob.mx\/index.php?rest_route=\/wp\/v2\/posts\/17104\/revisions\/17110"}],"wp:featuredmedia":[{"embeddable":true,"href":"https:\/\/estudioshistoricos.inah.gob.mx\/index.php?rest_route=\/wp\/v2\/media\/17105"}],"wp:attachment":[{"href":"https:\/\/estudioshistoricos.inah.gob.mx\/index.php?rest_route=%2Fwp%2Fv2%2Fmedia&parent=17104"}],"wp:term":[{"taxonomy":"category","embeddable":true,"href":"https:\/\/estudioshistoricos.inah.gob.mx\/index.php?rest_route=%2Fwp%2Fv2%2Fcategories&post=17104"},{"taxonomy":"post_tag","embeddable":true,"href":"https:\/\/estudioshistoricos.inah.gob.mx\/index.php?rest_route=%2Fwp%2Fv2%2Ftags&post=17104"}],"curies":[{"name":"wp","href":"https:\/\/api.w.org\/{rel}","templated":true}]}}