{"id":17123,"date":"2026-01-21T08:45:13","date_gmt":"2026-01-21T14:45:13","guid":{"rendered":"https:\/\/estudioshistoricos.inah.gob.mx\/?p=17123"},"modified":"2026-01-30T12:57:31","modified_gmt":"2026-01-30T18:57:31","slug":"seminario-permanente-antropologia-de-la-montana-y-el-clima-32","status":"publish","type":"post","link":"https:\/\/estudioshistoricos.inah.gob.mx\/?p=17123","title":{"rendered":"SEMINARIO\u00a0PERMANENTE\u00a0ANTROPOLOG\u00cdA\u00a0 DE\u00a0LA\u00a0MONTA\u00d1A\u00a0Y\u00a0EL\u00a0CLIMA"},"content":{"rendered":"<p style=\"text-align: center;\"><strong>INSTITUTO NACIONAL\u00a0DE\u00a0ANTROPOLOG\u00cdA\u00a0E HISTORIA<\/strong><br \/>\n<strong>DIRECCI\u00d3N\u00a0DE\u00a0ESTUDIOS HIST\u00d3RICOS<\/strong><\/p>\n<p style=\"text-align: center;\">Le hacen una cordial invitaci\u00f3n para asistir\u00a0de\u00a0manera virtual al<\/p>\n<p style=\"text-align: center;\"><strong>SEMINARIO\u00a0PERMANENTE\u00a0ANTROPOLOG\u00cdA\u00a0<\/strong><br \/>\n<strong>DE\u00a0LA\u00a0MONTA\u00d1A\u00a0Y\u00a0EL\u00a0CLIMA<\/strong><\/p>\n<p style=\"text-align: center;\"><img loading=\"lazy\" decoding=\"async\" class=\"size-full wp-image-17125 aligncenter\" src=\"https:\/\/estudioshistoricos.inah.gob.mx\/wp-content\/uploads\/Seminario-permanente-Antropologia-28-de-enero-UNO.png\" alt=\"\" width=\"700\" height=\"875\" srcset=\"https:\/\/estudioshistoricos.inah.gob.mx\/wp-content\/uploads\/Seminario-permanente-Antropologia-28-de-enero-UNO.png 700w, https:\/\/estudioshistoricos.inah.gob.mx\/wp-content\/uploads\/Seminario-permanente-Antropologia-28-de-enero-UNO-240x300.png 240w, https:\/\/estudioshistoricos.inah.gob.mx\/wp-content\/uploads\/Seminario-permanente-Antropologia-28-de-enero-UNO-280x350.png 280w, https:\/\/estudioshistoricos.inah.gob.mx\/wp-content\/uploads\/Seminario-permanente-Antropologia-28-de-enero-UNO-120x150.png 120w\" sizes=\"auto, (max-width: 700px) 100vw, 700px\" \/><\/p>\n<p>&nbsp;<\/p>\n<p style=\"text-align: center;\"><span style=\"color: #ffcc00;\"><strong>SESI\u00d3N I<\/strong><\/span><\/p>\n<h2 style=\"text-align: center;\"><strong>CONSERVACI\u00d3N DE REFUGIOS NATIVOS EN LA REGI\u00d3N LERMA-BAJ\u00cdO<\/strong><br \/>\nCASO: ZONA ARQUEOL\u00d3GICA DE ZARAGOZA<\/h2>\n<p style=\"text-align: center;\"><span style=\"color: #ffcc00;\"><strong>Presenta:<\/strong><\/span><\/p>\n<h4 style=\"text-align: center;\"><strong>Ang\u00e9lica Navidad Morales Figueroa\u00a0|\u00a0<\/strong>El Colegio de Michoac\u00e1n<\/h4>\n<p>&nbsp;<\/p>\n<p><span style=\"color: #ffcc00;\"><strong>Coordinan:<\/strong><\/span><\/p>\n<p><strong>Margarita Loera Ch\u00e1vez\u00a0y\u00a0Peniche<\/strong><br \/>\n<strong>Rams\u00e9s Hern\u00e1ndez Lucas<\/strong><\/p>\n<p>&nbsp;<\/p>\n<p><strong>Mi\u00e9rcoles 28 de enero de 11:00 a 14:00 horas<\/strong><\/p>\n<p>&nbsp;<\/p>\n<p><strong>Transmisi\u00f3n en vivo por\u00a0el\u00a0canal\u00a0de\u00a0Facebook\u00a0de\u00a0la<\/strong><br \/>\n<strong>Direcci\u00f3n\u00a0de\u00a0Estudios Hist\u00f3ricos<\/strong><\/p>\n<p><strong><a href=\"https:\/\/www.facebook.com\/inah.estudioshistoricos\">https:\/\/www.facebook.com\/inah.estudioshistoricos<\/a>\u00a0<\/strong><\/p>\n<p>&nbsp;<\/p>\n<p><span style=\"color: #ffcc00;\"><strong>Informes:<\/strong>\u00a0<\/span><a href=\"mailto:mauricio_ramses@inah.gob.mx\">mauricio_ramses@inah.gob.mx<\/a><\/p>\n<p>&nbsp;<\/p>\n<p style=\"text-align: center;\"><a href=\"http:\/\/www.mexicoescultura.com\/\"><strong>mexicoescultura.com<\/strong><\/a><\/p>\n<p style=\"text-align: center;\"><a href=\"https:\/\/www.facebook.com\/hashtag\/patrimonioinah?__eep__=6&amp;__cft__%5b0%5d=AZVZnyH2eaPNvbD56J8v-lZo9HLoT0l5TLxtgm3nyUaWsxqYE4u7LdhoUXR-vjGv7jFF_YscloBWFkRO36TU0coOjrDqCSbyU_s_X-fHfJHyuqHnzZWkGPbOn8oMzwpF6FR0dy4d7QUUVvpwpNEKZEROMgnjS5szng8ZYcAUgsEu5HXSlI17Rbbjl_-F6oPM4zyERCzXVki94yxgU_hhMTwD&amp;__tn__=*NK-R\"><strong>#PatrimonioINAH<\/strong><\/a><\/p>\n<p style=\"text-align: center;\"><a href=\"https:\/\/www.facebook.com\/hashtag\/inahvirtual?__eep__=6&amp;__cft__%5b0%5d=AZVZnyH2eaPNvbD56J8v-lZo9HLoT0l5TLxtgm3nyUaWsxqYE4u7LdhoUXR-vjGv7jFF_YscloBWFkRO36TU0coOjrDqCSbyU_s_X-fHfJHyuqHnzZWkGPbOn8oMzwpF6FR0dy4d7QUUVvpwpNEKZEROMgnjS5szng8ZYcAUgsEu5HXSlI17Rbbjl_-F6oPM4zyERCzXVki94yxgU_hhMTwD&amp;__tn__=*NK-R\"><strong>#INAHVirtual<\/strong><\/a><\/p>\n<p>&nbsp;<\/p>\n<p>&nbsp;<\/p>\n<p><strong>DIRECCI\u00d3N DE ESTUDIOS HIST\u00d3RICOS \u2013 INAH<\/strong><br \/>\nAllende 172, esq. Ju\u00e1rez, col. Tlalpan Centro,<br \/>\nAlcald\u00eda Tlalpan, C.P. 14000, Ciudad de M\u00e9xico<br \/>\nTel.: 55 4166 0780 \/ 55 4166 0784<br \/>\n<a href=\"http:\/\/estudioshistoricos.inah.gob.mx\/\">http:\/\/estudioshistoricos.inah.gob.mx\/<\/a><\/p>\n<p>\u2014<\/p>\n<p><strong>Difusi\u00f3n DEH \u2013 INAH<\/strong><br \/>\nAllende 172, esq. Ju\u00e1rez, col. Tlalpan Centro,<br \/>\nAlcald\u00eda Tlalpan, C.P. 14000, Ciudad de M\u00e9xico<br \/>\nTel.: 55 4166 0780 \/ 55 4166 0784, ext. 411015<\/p>\n<p>&nbsp;<\/p>\n<p>&nbsp;<\/p>\n","protected":false},"excerpt":{"rendered":"<p>INSTITUTO NACIONAL\u00a0DE\u00a0ANTROPOLOG\u00cdA\u00a0E HISTORIA DIRECCI\u00d3N\u00a0DE\u00a0ESTUDIOS HIST\u00d3RICOS Le hacen una cordial invitaci\u00f3n para asistir\u00a0de\u00a0manera virtual al SEMINARIO\u00a0PERMANENTE\u00a0ANTROPOLOG\u00cdA\u00a0 DE\u00a0LA\u00a0MONTA\u00d1A\u00a0Y\u00a0EL\u00a0CLIMA &nbsp; SESI\u00d3N I CONSERVACI\u00d3N DE REFUGIOS NATIVOS EN LA REGI\u00d3N LERMA-BAJ\u00cdO CASO: ZONA ARQUEOL\u00d3GICA DE ZARAGOZA Presenta: Ang\u00e9lica Navidad Morales Figueroa\u00a0|\u00a0El Colegio de Michoac\u00e1n &nbsp; Coordinan: Margarita Loera Ch\u00e1vez\u00a0y\u00a0Peniche Rams\u00e9s Hern\u00e1ndez Lucas &nbsp; Mi\u00e9rcoles&#8230; <a class=\"continue-reading-link\" href=\"https:\/\/estudioshistoricos.inah.gob.mx\/?p=17123\">Seguir leyendo<\/a><\/p>\n","protected":false},"author":2,"featured_media":17124,"comment_status":"closed","ping_status":"closed","sticky":false,"template":"","format":"standard","meta":{"footnotes":""},"categories":[138,10],"tags":[],"class_list":["post-17123","post","type-post","status-publish","format-standard","has-post-thumbnail","hentry","category-138","category-agenda-historica"],"_links":{"self":[{"href":"https:\/\/estudioshistoricos.inah.gob.mx\/index.php?rest_route=\/wp\/v2\/posts\/17123","targetHints":{"allow":["GET"]}}],"collection":[{"href":"https:\/\/estudioshistoricos.inah.gob.mx\/index.php?rest_route=\/wp\/v2\/posts"}],"about":[{"href":"https:\/\/estudioshistoricos.inah.gob.mx\/index.php?rest_route=\/wp\/v2\/types\/post"}],"author":[{"embeddable":true,"href":"https:\/\/estudioshistoricos.inah.gob.mx\/index.php?rest_route=\/wp\/v2\/users\/2"}],"replies":[{"embeddable":true,"href":"https:\/\/estudioshistoricos.inah.gob.mx\/index.php?rest_route=%2Fwp%2Fv2%2Fcomments&post=17123"}],"version-history":[{"count":2,"href":"https:\/\/estudioshistoricos.inah.gob.mx\/index.php?rest_route=\/wp\/v2\/posts\/17123\/revisions"}],"predecessor-version":[{"id":17156,"href":"https:\/\/estudioshistoricos.inah.gob.mx\/index.php?rest_route=\/wp\/v2\/posts\/17123\/revisions\/17156"}],"wp:featuredmedia":[{"embeddable":true,"href":"https:\/\/estudioshistoricos.inah.gob.mx\/index.php?rest_route=\/wp\/v2\/media\/17124"}],"wp:attachment":[{"href":"https:\/\/estudioshistoricos.inah.gob.mx\/index.php?rest_route=%2Fwp%2Fv2%2Fmedia&parent=17123"}],"wp:term":[{"taxonomy":"category","embeddable":true,"href":"https:\/\/estudioshistoricos.inah.gob.mx\/index.php?rest_route=%2Fwp%2Fv2%2Fcategories&post=17123"},{"taxonomy":"post_tag","embeddable":true,"href":"https:\/\/estudioshistoricos.inah.gob.mx\/index.php?rest_route=%2Fwp%2Fv2%2Ftags&post=17123"}],"curies":[{"name":"wp","href":"https:\/\/api.w.org\/{rel}","templated":true}]}}