{"id":17182,"date":"2026-01-21T09:50:00","date_gmt":"2026-01-21T15:50:00","guid":{"rendered":"https:\/\/estudioshistoricos.inah.gob.mx\/?p=17182"},"modified":"2026-02-10T16:23:27","modified_gmt":"2026-02-10T22:23:27","slug":"convocatoria-coloquio-un-siglo-del-crimen-politico-en-la-historia-de-mexico-1850-1950","status":"publish","type":"post","link":"https:\/\/estudioshistoricos.inah.gob.mx\/?p=17182","title":{"rendered":"Convocatoria Coloquio UN SIGLO DEL CRIMEN POL\u00cdTICO EN LA HISTORIA DE M\u00c9XICO, 1850-1950"},"content":{"rendered":"<p style=\"text-align: center;\"><strong>INSTITUTO NACIONAL\u00a0DE\u00a0ANTROPOLOG\u00cdA E\u00a0HISTORIA<\/strong><br \/>\n<strong>DIRECCI\u00d3N\u00a0DE\u00a0ESTUDIOS HIST\u00d3RICOS<\/strong><\/p>\n<p style=\"text-align: center;\"><strong>***\u00a0C O N V O C A T O R I A\u00a0***<\/strong><\/p>\n<p style=\"text-align: center;\"><span style=\"color: #eb3e0e;\"><strong>COLOQUIO<\/strong><\/span><\/p>\n<p style=\"text-align: center;\"><strong>UN SIGLO DEL CRIMEN POL\u00cdTICO EN LA HISTORIA DE M\u00c9XICO, 1850-1950<\/strong><\/p>\n<p style=\"text-align: center;\"><span style=\"color: #eb3e0e;\">7, 8 y 9 de junio, 2026<\/span><\/p>\n<p>&nbsp;<\/p>\n<p><img loading=\"lazy\" decoding=\"async\" class=\"wp-image-17185 size-full aligncenter\" src=\"https:\/\/estudioshistoricos.inah.gob.mx\/wp-content\/uploads\/Coloquio-Un-siglo-del-crimen-convocatoira-31-de-enero-UNO.png\" alt=\"\" width=\"700\" height=\"700\" srcset=\"https:\/\/estudioshistoricos.inah.gob.mx\/wp-content\/uploads\/Coloquio-Un-siglo-del-crimen-convocatoira-31-de-enero-UNO.png 700w, https:\/\/estudioshistoricos.inah.gob.mx\/wp-content\/uploads\/Coloquio-Un-siglo-del-crimen-convocatoira-31-de-enero-UNO-300x300.png 300w, https:\/\/estudioshistoricos.inah.gob.mx\/wp-content\/uploads\/Coloquio-Un-siglo-del-crimen-convocatoira-31-de-enero-UNO-150x150.png 150w, https:\/\/estudioshistoricos.inah.gob.mx\/wp-content\/uploads\/Coloquio-Un-siglo-del-crimen-convocatoira-31-de-enero-UNO-350x350.png 350w\" sizes=\"auto, (max-width: 700px) 100vw, 700px\" \/><\/p>\n<p>&nbsp;<\/p>\n<p>Las propuestas de ponencia deber\u00e1n contener el t\u00edtulo, nombre de la autora o autor (m\u00e1ximo dos autores), adscripci\u00f3n institucional y resumen de hasta 300 palabras.<\/p>\n<p>&nbsp;<\/p>\n<p><img loading=\"lazy\" decoding=\"async\" class=\"size-full wp-image-17186 aligncenter\" src=\"https:\/\/estudioshistoricos.inah.gob.mx\/wp-content\/uploads\/Convocatoria-coloquio-un-siglo-del-crimen-31-de-enero-UNO.png\" alt=\"\" width=\"700\" height=\"875\" srcset=\"https:\/\/estudioshistoricos.inah.gob.mx\/wp-content\/uploads\/Convocatoria-coloquio-un-siglo-del-crimen-31-de-enero-UNO.png 700w, https:\/\/estudioshistoricos.inah.gob.mx\/wp-content\/uploads\/Convocatoria-coloquio-un-siglo-del-crimen-31-de-enero-UNO-240x300.png 240w, https:\/\/estudioshistoricos.inah.gob.mx\/wp-content\/uploads\/Convocatoria-coloquio-un-siglo-del-crimen-31-de-enero-UNO-280x350.png 280w, https:\/\/estudioshistoricos.inah.gob.mx\/wp-content\/uploads\/Convocatoria-coloquio-un-siglo-del-crimen-31-de-enero-UNO-120x150.png 120w\" sizes=\"auto, (max-width: 700px) 100vw, 700px\" \/><\/p>\n<p>&nbsp;<\/p>\n<p><span style=\"color: #eb3e0e;\"><strong>FECHAS IMPORTANTES<\/strong><\/span><\/p>\n<p>La convocatoria tendr\u00e1\u00a0<strong>vigencia a partir de su fecha de publicaci\u00f3n<\/strong>\u00a0y el l\u00edmite para presentar propuestas ser\u00e1 el\u00a0<strong>31 de enero de 2026, a las 23:59 hrs.<\/strong>.<\/p>\n<p>&nbsp;<\/p>\n<p>El\u00a0<strong>resultado de la selecci\u00f3n<\/strong>\u00a0se dar\u00e1 a conocer\u00a0<strong>el 16 de febrero de 2026<\/strong>.<\/p>\n<p>&nbsp;<\/p>\n<p><span style=\"color: #eb3e0e;\"><strong>Las propuestas deber\u00e1n enviarse al siguiente correo<\/strong>:<\/span>\u00a0<a href=\"mailto:edgar_saenz@inah.gob.mx\">edgar_saenz@inah.gob.mx<\/a><\/p>\n<p>&nbsp;<\/p>\n<p><span style=\"color: #eb3e0e;\"><strong>ORGANIZAN:<\/strong><\/span><\/p>\n<p><strong>Eduardo Flores Clair<\/strong> | DEH, INAH<br \/>\n<strong>Edgar S\u00e1enz L\u00f3pez<\/strong> | DEH, INAH<\/p>\n<p>&nbsp;<\/p>\n<p><span style=\"color: #eb3e0e;\"><strong>Consulte aviso de privacidad:<\/strong><\/span>\u00a0<strong><a href=\"http:\/\/bit.ly\/4rRaBym\">bit.ly\/4rRaBym<\/a><\/strong><\/p>\n<p>&nbsp;<\/p>\n<p style=\"text-align: center;\"><a href=\"http:\/\/www.mexicoescultura.com\/\"><strong>mexicoescultura.com<\/strong><\/a><\/p>\n<p style=\"text-align: center;\"><a href=\"https:\/\/www.facebook.com\/hashtag\/patrimonioinah?__eep__=6&amp;__cft__%5b0%5d=AZVZnyH2eaPNvbD56J8v-lZo9HLoT0l5TLxtgm3nyUaWsxqYE4u7LdhoUXR-vjGv7jFF_YscloBWFkRO36TU0coOjrDqCSbyU_s_X-fHfJHyuqHnzZWkGPbOn8oMzwpF6FR0dy4d7QUUVvpwpNEKZEROMgnjS5szng8ZYcAUgsEu5HXSlI17Rbbjl_-F6oPM4zyERCzXVki94yxgU_hhMTwD&amp;__tn__=*NK-R\"><strong>#PatrimonioINAH<\/strong><\/a><\/p>\n<p style=\"text-align: center;\"><a href=\"https:\/\/www.facebook.com\/hashtag\/inahvirtual?__eep__=6&amp;__cft__%5b0%5d=AZVZnyH2eaPNvbD56J8v-lZo9HLoT0l5TLxtgm3nyUaWsxqYE4u7LdhoUXR-vjGv7jFF_YscloBWFkRO36TU0coOjrDqCSbyU_s_X-fHfJHyuqHnzZWkGPbOn8oMzwpF6FR0dy4d7QUUVvpwpNEKZEROMgnjS5szng8ZYcAUgsEu5HXSlI17Rbbjl_-F6oPM4zyERCzXVki94yxgU_hhMTwD&amp;__tn__=*NK-R\"><strong>#INAHVirtual<\/strong><\/a><\/p>\n<p>&nbsp;<\/p>\n<p>&nbsp;<\/p>\n<p><strong>DIRECCI\u00d3N DE ESTUDIOS HIST\u00d3RICOS \u2013 INAH<\/strong><br \/>\nAllende 172, esq. Ju\u00e1rez, col. Tlalpan Centro,<br \/>\nAlcald\u00eda Tlalpan, C.P. 14000, Ciudad de M\u00e9xico<br \/>\nTel.: 55 4166 0780 \/ 55 4166 0784<br \/>\n<a href=\"http:\/\/estudioshistoricos.inah.gob.mx\/\">http:\/\/estudioshistoricos.inah.gob.mx\/<\/a><\/p>\n<p>\u2014<\/p>\n<p><strong>Difusi\u00f3n DEH \u2013 INAH<\/strong><br \/>\nAllende 172, esq. Ju\u00e1rez, col. Tlalpan Centro,<br \/>\nAlcald\u00eda Tlalpan, C.P. 14000, Ciudad de M\u00e9xico<br \/>\nTel.: 55 4166 0780 \/ 55 4166 0784, ext. 411015<\/p>\n<p>&nbsp;<\/p>\n<p>&nbsp;<\/p>\n","protected":false},"excerpt":{"rendered":"<p>INSTITUTO NACIONAL\u00a0DE\u00a0ANTROPOLOG\u00cdA E\u00a0HISTORIA DIRECCI\u00d3N\u00a0DE\u00a0ESTUDIOS HIST\u00d3RICOS ***\u00a0C O N V O C A T O R I A\u00a0*** COLOQUIO UN SIGLO [&hellip;]<\/p>\n","protected":false},"author":2,"featured_media":17184,"comment_status":"closed","ping_status":"closed","sticky":false,"template":"","format":"standard","meta":{"site-sidebar-layout":"default","site-content-layout":"","ast-site-content-layout":"default","site-content-style":"default","site-sidebar-style":"default","ast-global-header-display":"","ast-banner-title-visibility":"","ast-main-header-display":"","ast-hfb-above-header-display":"","ast-hfb-below-header-display":"","ast-hfb-mobile-header-display":"","site-post-title":"","ast-breadcrumbs-content":"","ast-featured-img":"","footer-sml-layout":"","ast-disable-related-posts":"","theme-transparent-header-meta":"","adv-header-id-meta":"","stick-header-meta":"","header-above-stick-meta":"","header-main-stick-meta":"","header-below-stick-meta":"","astra-migrate-meta-layouts":"default","ast-page-background-enabled":"default","ast-page-background-meta":{"desktop":{"background-color":"var(--ast-global-color-5)","background-image":"","background-repeat":"repeat","background-position":"center center","background-size":"auto","background-attachment":"scroll","background-type":"","background-media":"","overlay-type":"","overlay-color":"","overlay-opacity":"","overlay-gradient":""},"tablet":{"background-color":"","background-image":"","background-repeat":"repeat","background-position":"center center","background-size":"auto","background-attachment":"scroll","background-type":"","background-media":"","overlay-type":"","overlay-color":"","overlay-opacity":"","overlay-gradient":""},"mobile":{"background-color":"","background-image":"","background-repeat":"repeat","background-position":"center center","background-size":"auto","background-attachment":"scroll","background-type":"","background-media":"","overlay-type":"","overlay-color":"","overlay-opacity":"","overlay-gradient":""}},"ast-content-background-meta":{"desktop":{"background-color":"var(--ast-global-color-4)","background-image":"","background-repeat":"repeat","background-position":"center center","background-size":"auto","background-attachment":"scroll","background-type":"","background-media":"","overlay-type":"","overlay-color":"","overlay-opacity":"","overlay-gradient":""},"tablet":{"background-color":"var(--ast-global-color-4)","background-image":"","background-repeat":"repeat","background-position":"center center","background-size":"auto","background-attachment":"scroll","background-type":"","background-media":"","overlay-type":"","overlay-color":"","overlay-opacity":"","overlay-gradient":""},"mobile":{"background-color":"var(--ast-global-color-4)","background-image":"","background-repeat":"repeat","background-position":"center center","background-size":"auto","background-attachment":"scroll","background-type":"","background-media":"","overlay-type":"","overlay-color":"","overlay-opacity":"","overlay-gradient":""}},"footnotes":""},"categories":[138,10],"tags":[],"class_list":["post-17182","post","type-post","status-publish","format-standard","has-post-thumbnail","hentry","category-138","category-agenda-historica"],"_links":{"self":[{"href":"https:\/\/estudioshistoricos.inah.gob.mx\/index.php?rest_route=\/wp\/v2\/posts\/17182","targetHints":{"allow":["GET"]}}],"collection":[{"href":"https:\/\/estudioshistoricos.inah.gob.mx\/index.php?rest_route=\/wp\/v2\/posts"}],"about":[{"href":"https:\/\/estudioshistoricos.inah.gob.mx\/index.php?rest_route=\/wp\/v2\/types\/post"}],"author":[{"embeddable":true,"href":"https:\/\/estudioshistoricos.inah.gob.mx\/index.php?rest_route=\/wp\/v2\/users\/2"}],"replies":[{"embeddable":true,"href":"https:\/\/estudioshistoricos.inah.gob.mx\/index.php?rest_route=%2Fwp%2Fv2%2Fcomments&post=17182"}],"version-history":[{"count":2,"href":"https:\/\/estudioshistoricos.inah.gob.mx\/index.php?rest_route=\/wp\/v2\/posts\/17182\/revisions"}],"predecessor-version":[{"id":17187,"href":"https:\/\/estudioshistoricos.inah.gob.mx\/index.php?rest_route=\/wp\/v2\/posts\/17182\/revisions\/17187"}],"wp:featuredmedia":[{"embeddable":true,"href":"https:\/\/estudioshistoricos.inah.gob.mx\/index.php?rest_route=\/wp\/v2\/media\/17184"}],"wp:attachment":[{"href":"https:\/\/estudioshistoricos.inah.gob.mx\/index.php?rest_route=%2Fwp%2Fv2%2Fmedia&parent=17182"}],"wp:term":[{"taxonomy":"category","embeddable":true,"href":"https:\/\/estudioshistoricos.inah.gob.mx\/index.php?rest_route=%2Fwp%2Fv2%2Fcategories&post=17182"},{"taxonomy":"post_tag","embeddable":true,"href":"https:\/\/estudioshistoricos.inah.gob.mx\/index.php?rest_route=%2Fwp%2Fv2%2Ftags&post=17182"}],"curies":[{"name":"wp","href":"https:\/\/api.w.org\/{rel}","templated":true}]}}